{"id":1486,"date":"2012-09-20T21:54:51","date_gmt":"2012-09-20T21:54:51","guid":{"rendered":"http:\/\/www.ctainternacionales.org\/?p=1486"},"modified":"2012-10-16T15:32:50","modified_gmt":"2012-10-16T15:32:50","slug":"cosatu-2","status":"publish","type":"post","link":"https:\/\/ctainternacionales.org\/?p=1486","title":{"rendered":"COSATU"},"content":{"rendered":"<p>Con la apertura a cargo del presidente de Sud\u00e1frica, comenz\u00f3 este lunes en Johannesburgo el onceavo congreso de la Confederaci\u00f3n Sudafricana de Sindicatos (COSATU).<!--more--><\/p>\n<p><em><strong>Con la apertura a cargo del presidente de Sud\u00e1frica, comenz\u00f3 este lunes en Johannesburgo el onceavo congreso de la Confederaci\u00f3n Sudafricana de Sindicatos (COSATU).<\/strong><\/em><\/p>\n<p>La CTA est\u00e1 presente en este congreso con la participaci\u00f3n del secretario general adjunto, Ricardo Peidro, y Bruno Dobrusin, asesor de la secretar\u00eda de relaciones internacionales. Participan m\u00e1s de 3000 delegados de todo Sud\u00e1frica sumado a delegaciones internacionales de diversas regiones del mundo.<\/p>\n<p>El congreso ocurre en un momento tenso para el movimiento obrero sudafricano tanto en el plano nacional como en el internacional. En el plano nacional el debate se centra en la relaci\u00f3n con el partido de gobierno, el Congreso Nacional Africano, y tambi\u00e9n la creciente divisi\u00f3n entre dirigentes y trabajadores de base que producen situaciones como las recientes matanzas en las minas de Marikana, donde m\u00e1s de cuarenta trabajadores fueron asesinados por la polic\u00eda durante un protesta organizada por sindicatos disidentes de COSATU.<\/p>\n<p>Este hecho fue el resultado, en primer lugar, de una actitud represiva por parte de la polic\u00eda recordando a los peores tiempos del Apartheid. Pero esta confrontaci\u00f3n fue tambi\u00e9n producto de la creciente divisi\u00f3n entre los dirigentes sindicales enriquecidos por la participaci\u00f3n en los directorios de las empresas, mientras los trabajadores mantienen salarios por debajo de la l\u00ednea de pobreza. Este \u00faltimo punto presenta el debate m\u00e1s profundo que COSATU ha enfrentado en su historia reciente y genera cuestionamientos de las bases a los l\u00edderes. En los primeros dos d\u00edas de debate, es claro el posicionamiento de autocr\u00edtica de los principales dirigentes de COSATU, empezando por el presidente y el secretario general, pero tambi\u00e9n es clara la tensi\u00f3n reinante por parte de delegados que reclaman un cambio radical en el comportamiento de los dirigentes de los sindicatos m\u00e1s importantes.<\/p>\n<p>En el plano internacional, se est\u00e1 debatiendo el cambio de afiliaci\u00f3n de COSATU, saliendo de la Confederaci\u00f3n Sindical Internacional y participando de la Federaci\u00f3n Sindical Mundial (de extracci\u00f3n comunista). Cinco de los veinte sindicatos que pertenecen a COSATU ya son parte de la FSM, y son la principal fuerza detr\u00e1s del cambio de afiliaci\u00f3n. Todav\u00eda resta definir por votaci\u00f3n la decisi\u00f3n a tomar. La presencia de la secretaria general de la CSI, Sharan Barrow y del secretario general de la FSM, George Mavrikos, demuestra la importancia que tiene COSATU a nivel internacional y la relevancia que esta decisi\u00f3n va a tener.<\/p>\n<p>La CTA ha estado presente a lo largo de las jornadas siguiendo los debates y aprovechando la oportunidad para reunirse con miembros de COSATU, en especial darle los saludos al secretario general Zwelenzima Vavi. Tambi\u00e9n se ha reunido con otras centrales sindicales del resto del mundo, convirti\u00e9ndose el congreso en una oportunidad \u00fanica para concretar reuniones y acciones a futuro. Entre las m\u00e1s relevantes se destacan la reuni\u00f3n de coordinaci\u00f3n de la Iniciativa Sindical del Sur (SIGTUR), donde centrales de Corea, Australia, Sud\u00e1frica, Brasil, India y la CTA, coordinaron una agenda com\u00fan para los pr\u00f3ximos encuentros internacionales. Cabe tambi\u00e9n destacar las conversaciones con centrales sindicales de \u00c1frica, en especial con representantes de UNTA de Angola, reforzando una incipiente relaci\u00f3n.<\/p>\n<p>El congreso concluir\u00e1 este jueves, con una nueva plataforma de acci\u00f3n para los pr\u00f3ximos tres a\u00f1os, y la expectativa es que la actual direcci\u00f3n nacional obtendr\u00e1 un nuevo mandato, encabezada por el secretario general Zwelenzima Vavi.<\/p>\n<p>&nbsp;<\/p>\n<p>(<em>20.09.2012<\/em>)<\/p>\n","protected":false},"excerpt":{"rendered":"Con la apertura a cargo del presidente de Sud\u00e1frica, comenz\u00f3 este lunes en Johannesburgo el onceavo congreso de la Confederaci\u00f3n Sudafricana de Sindicatos \n<a class=\"moretag\" href=\"https:\/\/ctainternacionales.org\/?p=1486\"> [...]<\/a>","protected":false},"author":1,"featured_media":0,"comment_status":"closed","ping_status":"closed","sticky":false,"template":"","format":"standard","meta":{"ngg_post_thumbnail":0,"footnotes":""},"categories":[],"tags":[],"class_list":["post-1486","post","type-post","status-publish","format-standard","hentry"],"_links":{"self":[{"href":"https:\/\/ctainternacionales.org\/index.php?rest_route=\/wp\/v2\/posts\/1486","targetHints":{"allow":["GET"]}}],"collection":[{"href":"https:\/\/ctainternacionales.org\/index.php?rest_route=\/wp\/v2\/posts"}],"about":[{"href":"https:\/\/ctainternacionales.org\/index.php?rest_route=\/wp\/v2\/types\/post"}],"author":[{"embeddable":true,"href":"https:\/\/ctainternacionales.org\/index.php?rest_route=\/wp\/v2\/users\/1"}],"replies":[{"embeddable":true,"href":"https:\/\/ctainternacionales.org\/index.php?rest_route=%2Fwp%2Fv2%2Fcomments&post=1486"}],"version-history":[{"count":2,"href":"https:\/\/ctainternacionales.org\/index.php?rest_route=\/wp\/v2\/posts\/1486\/revisions"}],"predecessor-version":[{"id":1532,"href":"https:\/\/ctainternacionales.org\/index.php?rest_route=\/wp\/v2\/posts\/1486\/revisions\/1532"}],"wp:attachment":[{"href":"https:\/\/ctainternacionales.org\/index.php?rest_route=%2Fwp%2Fv2%2Fmedia&parent=1486"}],"wp:term":[{"taxonomy":"category","embeddable":true,"href":"https:\/\/ctainternacionales.org\/index.php?rest_route=%2Fwp%2Fv2%2Fcategories&post=1486"},{"taxonomy":"post_tag","embeddable":true,"href":"https:\/\/ctainternacionales.org\/index.php?rest_route=%2Fwp%2Fv2%2Ftags&post=1486"}],"curies":[{"name":"wp","href":"https:\/\/api.w.org\/{rel}","templated":true}]}}