{"id":1482,"date":"2012-09-20T21:43:13","date_gmt":"2012-09-20T21:43:13","guid":{"rendered":"http:\/\/www.ctainternacionales.org\/?p=1482"},"modified":"2012-11-01T20:16:16","modified_gmt":"2012-11-01T20:16:16","slug":"hacia-sudafrica","status":"publish","type":"post","link":"https:\/\/ctainternacionales.org\/?p=1482","title":{"rendered":"Hacia Sud\u00e1frica"},"content":{"rendered":"<p style=\"text-align: left;\">Esta semana se desarrolla en Johannesburgo, Sud\u00e1frica, el 11\u00b0 Congreso de la Confederaci\u00f3n Sudafricana de Sindicatos, la central sindical m\u00e1s importante de ese pa\u00eds y una de las l\u00edderes en el movimiento obrero africano.<!--more--><\/p>\n<p><em><strong>Esta semana se desarrolla en Johannesburgo, Sud\u00e1frica, el 11\u00b0 Congreso de la Confederaci\u00f3n Sudafricana de Sindicatos, la central sindical m\u00e1s importante de ese pa\u00eds y una de las l\u00edderes en el movimiento obrero africano.\u00a0<\/strong><\/em><\/p>\n<p>La CTA estar\u00e1 participando de este congreso con la presencia de nuestro secretario general adjunto, Ricardo Peidro, acompa\u00f1ado por Bruno Dobrusin de la Secretar\u00eda de Relaciones Internacionales. La presencia en el congreso de COSATU no es solamente una muestra de hermandad entre nuestras centrales, sino tambi\u00e9n busca afianzar las relaciones estrat\u00e9gicas que venimos desarrollando con el continente africano, tal como se divis\u00f3 en la visita de la UNTA de Angola en el pasado mes de agosto.<\/p>\n<p>COSATU es emblem\u00e1tica por muchos aspectos. Fue la central que se cre\u00f3 en uno de los momentos m\u00e1s duros del r\u00e9gimen racista del Apartheid, a comienzos de los ochenta, y fue l\u00edder en la movilizaci\u00f3n de los trabajadores para terminar con ese nefasto sistema, lo cual fue logrado en 1994 con la elecci\u00f3n de Mandela como presidente. COSATU es tambi\u00e9n emblem\u00e1tica porque representa el brazo sindical en una alianza de gobierno que incluye al Congreso Nacional Africano (CNA, partido en el poder desde las primeras elecciones libres) y al Partido Comunista de Sud\u00e1frica. Esta alianza tripartita fue clave en la lucha contra el Apartheid as\u00ed como tambi\u00e9n durante la transici\u00f3n hacia un r\u00e9gimen democr\u00e1tico, que dio la capacidad de participar en la vida p\u00fablica del pa\u00eds al noventa por ciento de la poblaci\u00f3n que fue excluida durante m\u00e1s de cien a\u00f1os.<\/p>\n<p>En estos momentos COSATU se encuentra en una encrucijada importante, en especial por su relaci\u00f3n hacia el gobierno. Las primeras dos d\u00e9cadas de gobierno democr\u00e1tico del CNA han generado una apertura pol\u00edtica profunda hacia los sectores excluidos, pero no se ha dado de la misma manera la inclusi\u00f3n econ\u00f3mica. Hoy Sud\u00e1frica presenta una de las sociedades m\u00e1s desiguales del mundo, con altos porcentajes de pobreza e informalidad, sumado a una econom\u00eda transnacionalizada y dominada por sectores econ\u00f3micos de matriz extractivista. Las recientes manifestaciones, y feroz represi\u00f3n policial de trabajadores mineros es el s\u00edntoma m\u00e1s claro de esta problem\u00e1tica. Estas manifestaciones han profundizado el debate interno en COSATU, entre sectores que buscan continuar aliados \u00edntegramente al gobierno y aquellos que proponen confrontar con \u00e9ste. Este debate se da tambi\u00e9n en el \u00e1mbito internacional, ya que COSATU se plantear\u00e1 continuar o no dentro de la Confederaci\u00f3n Sindical Internacional (CSI).<\/p>\n<p>Con sus m\u00e1s de dos millones de afiliados, COSATU es la central m\u00e1s importante de \u00c1frica. Los debates y resoluciones que surjan de este congreso son fundamentales para el movimiento obrero africano e internacional. Es por esto que la participaci\u00f3n de la CTA es indispensable, ya que acompa\u00f1a los debates en momentos dif\u00edciles y afianza una relaci\u00f3n estrat\u00e9gica y \u00fanica entre centrales del continente latinoamericano y africano. Para combatir al gran capital y mejorar las condiciones de vida de los trabajadores, la coordinaci\u00f3n internacional es fundamental. En pos de esa perspectiva, nuestra participaci\u00f3n en Sud\u00e1frica tiene tonos hist\u00f3ricos y significa el establecimiento de una alianza internacional que no va a dejar que las crisis las paguen los que menos tienen.<\/p>\n<p>&nbsp;<\/p>\n<p>(<em>Adolfo Aguirre: 18.09.2012<\/em>)<\/p>\n","protected":false},"excerpt":{"rendered":"Esta semana se desarrolla en Johannesburgo, Sud\u00e1frica, el 11\u00b0 Congreso de la Confederaci\u00f3n Sudafricana de Sindicatos, la central sindical m\u00e1s importante de ese \n<a class=\"moretag\" href=\"https:\/\/ctainternacionales.org\/?p=1482\"> [...]<\/a>","protected":false},"author":1,"featured_media":0,"comment_status":"closed","ping_status":"closed","sticky":false,"template":"","format":"standard","meta":{"ngg_post_thumbnail":0,"footnotes":""},"categories":[],"tags":[],"class_list":["post-1482","post","type-post","status-publish","format-standard","hentry"],"_links":{"self":[{"href":"https:\/\/ctainternacionales.org\/index.php?rest_route=\/wp\/v2\/posts\/1482","targetHints":{"allow":["GET"]}}],"collection":[{"href":"https:\/\/ctainternacionales.org\/index.php?rest_route=\/wp\/v2\/posts"}],"about":[{"href":"https:\/\/ctainternacionales.org\/index.php?rest_route=\/wp\/v2\/types\/post"}],"author":[{"embeddable":true,"href":"https:\/\/ctainternacionales.org\/index.php?rest_route=\/wp\/v2\/users\/1"}],"replies":[{"embeddable":true,"href":"https:\/\/ctainternacionales.org\/index.php?rest_route=%2Fwp%2Fv2%2Fcomments&post=1482"}],"version-history":[{"count":2,"href":"https:\/\/ctainternacionales.org\/index.php?rest_route=\/wp\/v2\/posts\/1482\/revisions"}],"predecessor-version":[{"id":1548,"href":"https:\/\/ctainternacionales.org\/index.php?rest_route=\/wp\/v2\/posts\/1482\/revisions\/1548"}],"wp:attachment":[{"href":"https:\/\/ctainternacionales.org\/index.php?rest_route=%2Fwp%2Fv2%2Fmedia&parent=1482"}],"wp:term":[{"taxonomy":"category","embeddable":true,"href":"https:\/\/ctainternacionales.org\/index.php?rest_route=%2Fwp%2Fv2%2Fcategories&post=1482"},{"taxonomy":"post_tag","embeddable":true,"href":"https:\/\/ctainternacionales.org\/index.php?rest_route=%2Fwp%2Fv2%2Ftags&post=1482"}],"curies":[{"name":"wp","href":"https:\/\/api.w.org\/{rel}","templated":true}]}}