{"id":1464,"date":"2012-09-03T23:03:46","date_gmt":"2012-09-03T23:03:46","guid":{"rendered":"http:\/\/www.ctainternacionales.org\/?p=1464"},"modified":"2012-09-20T21:56:07","modified_gmt":"2012-09-20T21:56:07","slug":"indignados-mexicanos","status":"publish","type":"post","link":"https:\/\/ctainternacionales.org\/?p=1464","title":{"rendered":"Indignados mexicanos"},"content":{"rendered":"<p>Los estudiantes leyeron un \u201ccontrainforme\u201d con la exigencia de una democratizaci\u00f3n de los medios, una nueva forma de vinculaci\u00f3n con movimientos sociales y cambios en econom\u00eda, educaci\u00f3n, salud, seguridad y Justicia.<!--more--><\/p>\n<p><em><strong>Los estudiantes leyeron un \u201ccontrainforme\u201d con la exigencia de una democratizaci\u00f3n de los medios, una nueva forma de vinculaci\u00f3n con movimientos sociales y cambios en econom\u00eda, educaci\u00f3n, salud, seguridad y Justicia.<\/strong><\/em><\/p>\n<p>Miles de personas marcharon ayer en M\u00e9xico y confluyeron frente al Palacio Legislativo, donde se inaugur\u00f3 la nueva conformaci\u00f3n del Congreso mexicano. La gesti\u00f3n Calder\u00f3n y la ratificaci\u00f3n de la victoria de Enrique Pe\u00f1a Nieto, que produce el retorno del PRI al gobierno luego de 12 a\u00f1os, fueron los motivos de las protestas.<\/p>\n<p>En las calles de la ciudad de M\u00e9xico, distintos contingentes avanzaron hacia el Congreso. Estudiantes del movimiento #YoSoy132, maestros de la Coordinadora Nacional de Trabajadores de la Educaci\u00f3n y el Sindicato Mexicano de Electricistas, entre otras organizaciones. \u201cUna \u00e9poca llena de hambre, exclusi\u00f3n, desinformaci\u00f3n, desigualdad, enfermedad, despojo, represi\u00f3n y muerte\u201d, resumi\u00f3 un miembro del colectivo, quien ley\u00f3 un denominado \u201ccontrainforme\u201d de gobierno, documento que han elaborado para hacer un balance de los seis a\u00f1os del candidato del Partido Acci\u00f3n Nacional (PAN). \u201cCalder\u00f3n es responsable por estos seis a\u00f1os de decisiones tomadas a espaldas de la sociedad\u201d, sentenci\u00f3 el documento. \u201cHa sido la continuaci\u00f3n de un sistema corrupto donde unos cuantos imponen sus intereses sobre las necesidades de los dem\u00e1s\u201d, agreg\u00f3. Los estudiantes leyeron dos veces durante la marcha el contrainforme que contaba con puntos centrales como la exigencia de una democratizaci\u00f3n de los medios, una nueva forma de vinculaci\u00f3n con movimientos sociales y cambios en el modelo educativo, en el modelo econ\u00f3mico neoliberal, en salud, en seguridad p\u00fablica y Justicia. Asimismo, tuvieron palabras para el futuro mandatario mexicano, Enrique Pe\u00f1a Nieto. \u201cSabemos que con Pe\u00f1a Nieto este sistema simplemente tomar\u00e1 un nuevo rostro y otra vez nosotros, la sociedad, pagaremos los costos impuestos por esta clase pol\u00edtica\u201d, dice el documento. El colectivo anim\u00f3, adem\u00e1s, a la sociedad en general a establecer un di\u00e1logo y unirse en una lucha fraterna por la transformaci\u00f3n de M\u00e9xico. Asimismo, los manifestantes se hicieron o\u00edr. \u201cEstamos en contra de la imposici\u00f3n de Enrique Pe\u00f1a Nieto\u201d, areng\u00f3 desde un altavoz uno de los participantes en la marcha. \u201cM\u00e9xico sin PRI\u201d, gritaron otros manifestantes.<\/p>\n<p>Un d\u00eda despu\u00e9s de que el m\u00e1ximo tribunal electoral declarara a Pe\u00f1a Nieto presidente electo \u2013luego de dos meses de impugnaciones por parte del l\u00edder de izquierda Andr\u00e9s Manuel L\u00f3pez Obrador\u2013 inici\u00f3 ayer el a\u00f1o pol\u00edtico mexicano con la primera sesi\u00f3n del Congreso que celebr\u00f3 el \u201cprimer per\u00edodo de sesiones ordinarias\u201d, con aproximadamente un millar de militares y agentes antimotines resguardando la instalaci\u00f3n legislativa de los manifestantes. En esta ceremonia, el Parlamento recibi\u00f3 el sexto y \u00faltimo informe de gobierno de Calder\u00f3n, entregado por escrito tres meses antes de que deje la casa presidencial de Los Pinos, en un tr\u00e1mite con el que abandon\u00f3 hace seis a\u00f1os la ceremonia en la que el mandatario acud\u00eda anualmente a la C\u00e1mara de Diputados a dar su mensaje a la naci\u00f3n. Sin la presencia del presidente, estaba previsto que en la sesi\u00f3n cada uno de los partidos pol\u00edticos emitiera su postura sobre el balance de un gobierno marcado por la pol\u00edtica de seguridad, basada en la ofensiva militar contra el narcotr\u00e1fico que dej\u00f3 m\u00e1s de 50 mil muertos en el pa\u00eds. El tono de estos pronunciamientos se empez\u00f3 a sentir el mi\u00e9rcoles cuando los diputados del izquierdista Movimiento Progresista, segundo partido en la C\u00e1mara de Diputados, desplegaron pancartas contra la \u201cimposici\u00f3n de Pe\u00f1a Nieto\u201d y la \u201ccompra de votos\u201d al asumir sus cargos. En la C\u00e1mara de Diputados, que cuenta con 500 legisladores, el PRI consigui\u00f3 en alianza con el Partido Verde el 37,99 por ciento de los esca\u00f1os, mientras en la C\u00e1mara alta, que cuenta con 128 senadores, estos dos partidos se quedaron con 37,88 por ciento. Pero para realizar las reformas constitucionales que Pe\u00f1a Nieto quiere impulsar en materia energ\u00e9tica, fiscal, laboral y social, el partido gobernante precisar\u00e1 del voto de las tres cuartas partes en ambas C\u00e1maras.<\/p>\n<p>Seg\u00fan una encuesta publicada por el diario Reforma, Calder\u00f3n tiene, en el \u00faltimo tramo de su gobierno, una aprobaci\u00f3n del 64 por ciento de los mexicanos y es evaluado de manera favorable en las \u00e1reas de salud y educaci\u00f3n. Sin embargo, es reprobado por la mitad de los ciudadanos en materia de combate a la corrupci\u00f3n y predominan las opiniones desfavorables en seguridad p\u00fablica, econom\u00eda, empleo y pobreza. Para hacer un balance de su gesti\u00f3n, el mandatario dar\u00e1 hoy un discurso ante invitados especiales en el Palacio Nacional.<\/p>\n<p>Por su parte, Pe\u00f1a Nieto llam\u00f3 el viernes a la unidad y prometi\u00f3 un gobierno abierto al di\u00e1logo. \u201cM\u00e9xico tendr\u00e1 una presidencia moderada, responsable y abierta a la cr\u00edtica, dispuesta a escuchar y tomar en cuenta a todos los mexicanos\u201d, afirm\u00f3 al recibir la constancia de presidente electo. Tambi\u00e9n adelant\u00f3 que enviar\u00e1 al Congreso iniciativas para la creaci\u00f3n de una instituci\u00f3n anticorrupci\u00f3n y otra de supervisi\u00f3n de la contrataci\u00f3n de publicidad gubernamental en medios de comunicaci\u00f3n.<\/p>\n<p>La izquierda mexicana, que impugn\u00f3 el resultado de la elecci\u00f3n del 1\u00ba de julio, argument\u00f3 que hubo compra de votos y la parcialidad de los medios de comunicaci\u00f3n a favor de Pe\u00f1a Nieto, una demanda rechazada por el tribunal electoral.<\/p>\n<p>&nbsp;<\/p>\n<p>(<em>02.09.2012<\/em>)<\/p>\n","protected":false},"excerpt":{"rendered":"Los estudiantes leyeron un \u201ccontrainforme\u201d con la exigencia de una democratizaci\u00f3n de los medios, una nueva forma de vinculaci\u00f3n con movimientos sociales y \n<a class=\"moretag\" href=\"https:\/\/ctainternacionales.org\/?p=1464\"> [...]<\/a>","protected":false},"author":1,"featured_media":0,"comment_status":"closed","ping_status":"closed","sticky":false,"template":"","format":"standard","meta":{"ngg_post_thumbnail":0,"footnotes":""},"categories":[],"tags":[],"class_list":["post-1464","post","type-post","status-publish","format-standard","hentry"],"_links":{"self":[{"href":"https:\/\/ctainternacionales.org\/index.php?rest_route=\/wp\/v2\/posts\/1464","targetHints":{"allow":["GET"]}}],"collection":[{"href":"https:\/\/ctainternacionales.org\/index.php?rest_route=\/wp\/v2\/posts"}],"about":[{"href":"https:\/\/ctainternacionales.org\/index.php?rest_route=\/wp\/v2\/types\/post"}],"author":[{"embeddable":true,"href":"https:\/\/ctainternacionales.org\/index.php?rest_route=\/wp\/v2\/users\/1"}],"replies":[{"embeddable":true,"href":"https:\/\/ctainternacionales.org\/index.php?rest_route=%2Fwp%2Fv2%2Fcomments&post=1464"}],"version-history":[{"count":4,"href":"https:\/\/ctainternacionales.org\/index.php?rest_route=\/wp\/v2\/posts\/1464\/revisions"}],"predecessor-version":[{"id":1489,"href":"https:\/\/ctainternacionales.org\/index.php?rest_route=\/wp\/v2\/posts\/1464\/revisions\/1489"}],"wp:attachment":[{"href":"https:\/\/ctainternacionales.org\/index.php?rest_route=%2Fwp%2Fv2%2Fmedia&parent=1464"}],"wp:term":[{"taxonomy":"category","embeddable":true,"href":"https:\/\/ctainternacionales.org\/index.php?rest_route=%2Fwp%2Fv2%2Fcategories&post=1464"},{"taxonomy":"post_tag","embeddable":true,"href":"https:\/\/ctainternacionales.org\/index.php?rest_route=%2Fwp%2Fv2%2Ftags&post=1464"}],"curies":[{"name":"wp","href":"https:\/\/api.w.org\/{rel}","templated":true}]}}