{"id":1456,"date":"2012-09-02T21:59:30","date_gmt":"2012-09-02T21:59:30","guid":{"rendered":"http:\/\/www.ctainternacionales.org\/?p=1456"},"modified":"2012-10-11T18:54:58","modified_gmt":"2012-10-11T18:54:58","slug":"aguirre-uruguay-es-el-pais-que-mas-avanzo-en-la-conquista-de-derechos-laborales","status":"publish","type":"post","link":"https:\/\/ctainternacionales.org\/?p=1456","title":{"rendered":"\u00abUruguay es el pa\u00eds que m\u00e1s avanz\u00f3 en la conquista de derechos laborales\u00bb"},"content":{"rendered":"<p><a href=\"http:\/\/www.ctainternacionales.org\/wp-content\/uploads\/2012\/09\/Logo-Pit-cnt111.jpg\"><img loading=\"lazy\" decoding=\"async\" class=\"alignnone size-thumbnail wp-image-1457\" title=\"Logo-Pit-cnt111\" src=\"http:\/\/www.ctainternacionales.org\/wp-content\/uploads\/2012\/09\/Logo-Pit-cnt111-307x261.jpg\" alt=\"\" width=\"307\" height=\"261\" \/><\/a>En entrevista con ACTA, Adolfo \u00abFito\u00bb Aguirre, secretario de Relaciones Internacionales de la CTA, detall\u00f3 las razones del homenaje que el 18 de septiembre la Central argentina le brindar\u00e1 al secretariado del PIT-CNT, la organizaci\u00f3n de trabajadores uruguayos que naci\u00f3 en la oscuridad de la dictadura.<!--more--><\/p>\n<p><em><strong><a href=\"http:\/\/www.ctainternacionales.org\/wp-content\/uploads\/2012\/09\/Logo-Pit-cnt111.jpg\"><img loading=\"lazy\" decoding=\"async\" class=\"alignnone size-medium wp-image-1457\" title=\"Logo-Pit-cnt111\" src=\"http:\/\/www.ctainternacionales.org\/wp-content\/uploads\/2012\/09\/Logo-Pit-cnt111-465x395.jpg\" alt=\"\" width=\"465\" height=\"395\" \/><\/a>En entrevista con ACTA, Adolfo \u00abFito\u00bb Aguirre, secretario de Relaciones Internacionales de la CTA, detall\u00f3 las razones del homenaje que el 18 de septiembre la Central argentina le brindar\u00e1 al secretariado del PIT-CNT, la organizaci\u00f3n de trabajadores uruguayos que naci\u00f3 en la oscuridad de la dictadura.\u00a0<\/strong><\/em><\/p>\n<p>&nbsp;<\/p>\n<p><em>\u00bfDe qu\u00e9 se trata la actividad que est\u00e1n preparando para homenajear al secretariado del PIT-CNT?<\/em><\/p>\n<p>El d\u00eda 18 de septiembre nuestra Central va a homenajear al sindicalismo uruguayo: una idea que tenemos hace tiempo. Despu\u00e9s de la experiencia que tuvimos con ELA a los 100 a\u00f1os de su fundaci\u00f3n, pensamos que hab\u00eda que reconocer y aprender de un sindicalismo como el uruguayo, fundamentalmente porque Uruguay es el pa\u00eds que m\u00e1s avanz\u00f3 en la conquista de derechos laborales y es considerado el pa\u00eds m\u00e1s igualitario de la regi\u00f3n y de toda Am\u00e9rica latina.<\/p>\n<p>Por otro lado se da la coincidencia de que en ese homenaje, a su vez las dos centrales vamos a homenajear al compa\u00f1ero Juan Castillo que ha dejado la coordinaci\u00f3n del PIT-CNT para asumir la vice presidencia del Frente Amplio de Uruguay.<\/p>\n<p>&nbsp;<\/p>\n<p><em>\u00bfCu\u00e1les han sido los principales aportes de Castillo?<\/em><\/p>\n<p>No quiero dejar pasar un dato pol\u00edtico de estas caracter\u00edsticas, porque aunque todos estamos muy ocupados en nuestros pa\u00edses, acelerados, con muchas responsabilidades y muchos desaf\u00edos, Juan Castillo merece un homenaje porque ha sido un internacionalista de primer nivel que ha aportado mucho a la construcci\u00f3n de pensamiento y por sus caracter\u00edsticas personales ha sido de aquellos que en los momentos m\u00e1s dif\u00edciles, de mayor dispersi\u00f3n, de no saber hacia d\u00f3nde avanzar, ha puesto mucha fuerza, mucha presencia y condiciones militantes para pararse frente a los desaf\u00edos como debe hacerlo la clase trabajadora.<\/p>\n<p>&nbsp;<\/p>\n<p><em>La actividad del 18 tambi\u00e9n sirve para intercambiar experiencias<\/em><\/p>\n<p>La actividad del 18 tambi\u00e9n apunta a conocernos m\u00e1s, y por qu\u00e9 no a mimarnos dos estructuras sindicales que tienen muchas coincidencias en las visiones regionales, sobre la integraci\u00f3n, en las pr\u00e1cticas pol\u00edticas, en la \u00e9tica pol\u00edtica y tambi\u00e9n una conexi\u00f3n hist\u00f3rica, tanto del exilio de uruguayos en la Argentina que en Buenos Aires \u2013y en otras ciudades-encontraron un lugar de reconstrucci\u00f3n para volver a su pa\u00eds y recuperar espacios de participaci\u00f3n popular.<\/p>\n<p>Tambi\u00e9n est\u00e1 presente en nuestra historia com\u00fan el momento de nuestro nacimiento como CTA, cuando en el Congreso del Luna Park del a\u00f1o 1996 nos acompa\u00f1aron cuatro grandes dirigentes uruguayos, entre ellos Pepe Del\u00eda, gran dirigente y Juan Castillo.<\/p>\n<p>Creo que toda esta conexi\u00f3n merece que el PIT-CNT, el sindicalismo uruguayo y Juan Castillo merecen nuestro homenaje por el largo camino que recorrimos juntos, de muchas experiencias interesantes, pero tenemos tambi\u00e9n mucho por recorrer y creo que debemos animarnos y detenernos, aunque sea un d\u00eda, para potenciar nuestra amistad, la fraternidad, el compa\u00f1erismo; no esperar a que los otros nos reconozcan, tenemos que reconocernos entre nosotros.<\/p>\n<p>&nbsp;<\/p>\n<p><em>\u00bfQui\u00e9nes vendr\u00e1n al acto?<\/em><\/p>\n<p>En el acto contaremos con la presencia de toda la Ejecutiva del PIT-CNT en el Anfiteatro Eva Per\u00f3n de ATE a las 18 horas, para compartir m\u00e1s tarde un momento de fraternidad, como corresponde con un t\u00edpico asado. Vamos a construir un d\u00eda hist\u00f3rico entre dos centrales hermanas, con la perspectiva de seguir fortaleci\u00e9ndonos para enfrentar a las corporaciones patronales y los desaf\u00edos que nos imponga el ciclo en el que nos toca actuar.<\/p>\n<p>&nbsp;<\/p>\n<p><em>\u00bfQu\u00e9 reivindicaciones tiene el PIT-CNT sobre los derechos de los trabajadores?<\/em><\/p>\n<p>Ellos han resuelto varias cosas en t\u00e9rminos, por ejemplo, de libertad sindical en lo que tienen el \u201ccompendio completo\u201d, no hay planteos dubitativos en torno a eso.<\/p>\n<p>Otro punto muy interesante es la pr\u00e1ctica de autorregulaci\u00f3n que tiene el PIT-CNT lo que no permite la intromisi\u00f3n absolutamente de nadie, tampoco del Frente Amplio. Comparando las experiencias regionales y sobre todo la argentina, en donde el gobierno se entromete en la vida de las organizaciones de los trabajadores, vemos que los uruguayos han hecho casi una escuela de la autorregulaci\u00f3n.<\/p>\n<p>Un tema muy importante tambi\u00e9n, es que fueron los primeros en avanzar con una ley para las trabajadoras del trabajo dom\u00e9stico y que fue el primer pa\u00eds del mundo que ratific\u00f3 el convenio del trabajo dom\u00e9stico y ahora son dos porque se sum\u00f3 Filipinas. Es un ejemplo de lo que es el sentido de la lucha, de la construcci\u00f3n de normativas, de los derechos y de c\u00f3mo ponerlos en pr\u00e1ctica y defenderlos.<\/p>\n<p>En cuanto a todo lo que hace a la Seguridad Social, es la meca latinoamericana y son los uruguayos los m\u00e1s convocados por otros pa\u00edses para realizar cursos de formaci\u00f3n y ayudar a construir un pensamiento en estos tiempos revolucionarios, cuando los empleadores est\u00e1n instalando el piso de protecci\u00f3n social y el tema de utilizar todos los recursos incluidos los ahorros de los trabajadores.<\/p>\n<p>Hay alrededor de cuarenta proyectos que fueron materializados, algunos de los cuales son emblem\u00e1ticos, como el de libertad sindical \u2013su pr\u00e1ctica, no el discurso- , el de trabajo dom\u00e9stico y el de Seguridad Social que permite el escenario de pa\u00eds igualitario en el que se encuentra hoy Uruguay.<\/p>\n<p>Otro punto muy interesante es que lograron avanzar en la organizaci\u00f3n del sector de la seguridad \u2013polic\u00edas- en sindicatos y una serie de normativas interesantes y novedosas que no s\u00f3lo se declaman sino que se materializan.<\/p>\n<p>&nbsp;<\/p>\n<p><em>Muchas razones para homenajearlos.<\/em><\/p>\n<p>Queremos homenajearlos porque el protagonismo del sindicalismo tiene mucho que ver en la lucha y en la b\u00fasqueda de formas que permitieron materializar estos los proyectos. Y rescatamos tambi\u00e9n el nivel de di\u00e1logo frente a este planteo de la no intromisi\u00f3n del gobierno en la vida de las organizaciones de los trabajadores.<\/p>\n<p>Y es bueno tener presente la historia y recordar por qu\u00e9 la organizaci\u00f3n se llama PIT-CNT. Esto tiene un relato muy atractivo que muestra el oficio y las convicciones de un sindicalismo creativo, que supo organizarse en plena dictadura y construy\u00f3 esta Plenaria Intersindical de los Trabajadores, cuando la CNT -Central Nacional de Trabajadores- estaba proscripta y muchos compa\u00f1eros en el exilio o en la clandestinidad.<\/p>\n<p>&nbsp;<\/p>\n<p>&nbsp;<\/p>\n<p>(In\u00e9s Hayes: 01.09.2012)<\/p>\n<p>&nbsp;<\/p>\n","protected":false},"excerpt":{"rendered":"En entrevista con ACTA, Adolfo \u00abFito\u00bb Aguirre, secretario de Relaciones Internacionales de la CTA, detall\u00f3 las razones del homenaje que el 18 de \n<a class=\"moretag\" href=\"https:\/\/ctainternacionales.org\/?p=1456\"> [...]<\/a>","protected":false},"author":1,"featured_media":0,"comment_status":"closed","ping_status":"closed","sticky":false,"template":"","format":"standard","meta":{"ngg_post_thumbnail":0,"footnotes":""},"categories":[],"tags":[],"class_list":["post-1456","post","type-post","status-publish","format-standard","hentry"],"_links":{"self":[{"href":"https:\/\/ctainternacionales.org\/index.php?rest_route=\/wp\/v2\/posts\/1456","targetHints":{"allow":["GET"]}}],"collection":[{"href":"https:\/\/ctainternacionales.org\/index.php?rest_route=\/wp\/v2\/posts"}],"about":[{"href":"https:\/\/ctainternacionales.org\/index.php?rest_route=\/wp\/v2\/types\/post"}],"author":[{"embeddable":true,"href":"https:\/\/ctainternacionales.org\/index.php?rest_route=\/wp\/v2\/users\/1"}],"replies":[{"embeddable":true,"href":"https:\/\/ctainternacionales.org\/index.php?rest_route=%2Fwp%2Fv2%2Fcomments&post=1456"}],"version-history":[{"count":4,"href":"https:\/\/ctainternacionales.org\/index.php?rest_route=\/wp\/v2\/posts\/1456\/revisions"}],"predecessor-version":[{"id":1516,"href":"https:\/\/ctainternacionales.org\/index.php?rest_route=\/wp\/v2\/posts\/1456\/revisions\/1516"}],"wp:attachment":[{"href":"https:\/\/ctainternacionales.org\/index.php?rest_route=%2Fwp%2Fv2%2Fmedia&parent=1456"}],"wp:term":[{"taxonomy":"category","embeddable":true,"href":"https:\/\/ctainternacionales.org\/index.php?rest_route=%2Fwp%2Fv2%2Fcategories&post=1456"},{"taxonomy":"post_tag","embeddable":true,"href":"https:\/\/ctainternacionales.org\/index.php?rest_route=%2Fwp%2Fv2%2Ftags&post=1456"}],"curies":[{"name":"wp","href":"https:\/\/api.w.org\/{rel}","templated":true}]}}