{"id":1449,"date":"2012-08-27T14:47:38","date_gmt":"2012-08-27T14:47:38","guid":{"rendered":"http:\/\/www.ctainternacionales.org\/?p=1449"},"modified":"2012-09-20T22:08:05","modified_gmt":"2012-09-20T22:08:05","slug":"yo-no-he-decidido-volver-a-presentarme","status":"publish","type":"post","link":"https:\/\/ctainternacionales.org\/?p=1449","title":{"rendered":"\u00abYo no he decidido volver a presentarme\u00bb"},"content":{"rendered":"<p><a href=\"http:\/\/www.ctainternacionales.org\/wp-content\/uploads\/2012\/08\/P1000842.jpg\"><img loading=\"lazy\" decoding=\"async\" class=\"alignnone size-thumbnail wp-image-1450\" title=\"P1000842\" src=\"http:\/\/www.ctainternacionales.org\/wp-content\/uploads\/2012\/08\/P1000842-307x230.jpg\" alt=\"\" width=\"307\" height=\"230\" \/><\/a>En entrevista exclusiva con HispanTV -la se\u00f1al en espa\u00f1ol de la Rep\u00fablica Isl\u00e1mica de Ir\u00e1n-, el presidente del Estado Plurinacional de Bolivia, Evo Morales Ayma, revela por primera vez que -pese a estar habilitado para un nuevo mandato presidencial- a\u00fan no tom\u00f3 una decisi\u00f3n acerca de presentarse como aspirante a la presidencia en 2014. <!--more--><\/p>\n<p><em><strong><a href=\"http:\/\/www.ctainternacionales.org\/wp-content\/uploads\/2012\/08\/P1000842.jpg\"><img loading=\"lazy\" decoding=\"async\" class=\"alignnone size-medium wp-image-1450\" title=\"P1000842\" src=\"http:\/\/www.ctainternacionales.org\/wp-content\/uploads\/2012\/08\/P1000842-465x348.jpg\" alt=\"\" width=\"465\" height=\"348\" \/><\/a>En entrevista exclusiva con HispanTV -la se\u00f1al en espa\u00f1ol de la Rep\u00fablica Isl\u00e1mica de Ir\u00e1n-, el presidente del Estado Plurinacional de Bolivia, Evo Morales Ayma, revela por primera vez que -pese a estar habilitado para un nuevo mandato presidencial- a\u00fan no tom\u00f3 una decisi\u00f3n acerca de presentarse como aspirante a la presidencia en 2014. Durante 45 minutos de intenso di\u00e1logo, Morales respondi\u00f3 a un ampli\u00f3 abanico de preguntas; su origen campesino, las implicancias de ser Presidente, la injerencia de Estados Unidos, las relaciones con Ir\u00e1n y los conflictos sociales que se sucedieron en el \u00faltimo tiempo.<\/strong><\/em><br \/>\n<em><\/em><\/p>\n<p>&nbsp;<\/p>\n<p><em>\u00bfImportante el di\u00e1logo con la prensa internacional?<\/em><\/p>\n<p>Es importante para que pueda informarse al mundo sobre las pol\u00edticas sociales que vamos llevando adelante y sobre las pol\u00edticas estructurales. Fundamentalmente, como en este corto tiempo vamos cambiando Bolivia.<\/p>\n<p>Estamos en este palacio presidencial y pensaba en un presidente, que tiene un origen campesino, ocupando este palacio. Sin embargo, usted, hace mucho a\u00f1os que se mueve entre la alta pol\u00edtica internacional, me gustar\u00eda preguntarle \u00bfqu\u00e9 queda en Evo Morales de ese dirigente campesino, de ese dirigente cocalero del Tr\u00f3pico de Cochabamba, qu\u00e9 se mantiene hoy de ese Evo Morales despu\u00e9s de tantos a\u00f1os movi\u00e9ndose, viajando por el mundo, entre tantos l\u00edderes?<\/p>\n<p>Para m\u00ed sigue lo mismo, mis compa\u00f1eros, especialmente del campo, me dicen que \u201cno has cambiado\u201d. Solo que ahora no hay tiempo para compartir como antes. Me encanta que los compa\u00f1eros del tr\u00f3pico me digan \u00abcompa\u00f1ero, Evo\u00bb, nunca me dicen Presidente. Me alegra. Algunos dirigentes obreros me dicen \u00abcompa\u00f1ero, Presidente\u00bb, del movimiento campesino me dicen \u00abhermano, Presidente\u00bb.<br \/>\nEs m\u00e1s movimiento. Estar en todas partes. Un d\u00eda estuve en cinco departamentos con temas de gesti\u00f3n y cuatro o cinco veces estuve en cuatro departamentos por temas de gesti\u00f3n. Antes como dirigente si no estaba en los departamentos, siempre estaba en las centrales campesinas: dos, tres concentraciones, cuatro o cinco reuniones. M\u00e1ximo antes estaba en dos o tres departamentos como dirigente, como Presidente en cuatro o cinco departamentos. Eso tampoco ha cambiado tanto, un poco se ampli\u00f3 el trabajo. Lo que ha cambiado es que antes mi instrumento de trabajo como campesino era hacha y machete, despu\u00e9s cuando era dirigente ya era una movilidad y ahora es avi\u00f3n, helic\u00f3ptero, que no es lujo sino otro instrumento de trabajo, tal vez estas cosas han cambiado o, tal vez, esto ha cambiado (se\u00f1ala su vestimenta), yo antes en mi vida nunca conoc\u00ed traje y, a veces, cuando me pongo mi jean, mi camisa, mi chamarra digo \u00abahora me siento Evo Morales\u00bb.<\/p>\n<p>&nbsp;<\/p>\n<p><em>Siempre se dice que el poder aisla, el Palacio, la seguridad presidencial. \u00bfUsted siente que por ese contacto con la gente y con las bases mantiene un buen di\u00e1logo o si puede haber alg\u00fan aislamiento?<\/em><\/p>\n<p>Me reclamaron mis compa\u00f1eros cuando hab\u00eda exceso de seguridad, yo trato de que no haya mucha seguridad, especialmente en las concentraciones, en las reuniones, \u00a1son compa\u00f1eros finalmente! Pero tambi\u00e9n la polic\u00eda, el equipo de seguridad se ha adecuado, antes era muy r\u00edgido, muy estricto, a unos dos o tres metros ten\u00edas que ver al compa\u00f1ero, ahora no, se puede ver en las distintas im\u00e1genes, que estamos en contacto, saludando, aunque falta tiempo para saludar, aunque falta tiempo para sacar foto como quieren los compa\u00f1eros. Es casi imposible atender todo, pero siempre estamos en contacto, haciendo reuniones con los distintos sectores sociales.<\/p>\n<p>&nbsp;<\/p>\n<p><em>\u00bfLe gusta ser Presidente?<\/em><\/p>\n<p>(se r\u00ede) Nunca so\u00f1\u00e9 ser Presidente. Yo fui de Oruro, de Orinoca, al Tr\u00f3pico de Cochabamba para mejorar la econom\u00eda de la familia, quer\u00eda estudiar, pero ha muerto mi padre y, finalmente, me nombraron como dirigente sindical, desde el \u00b481 como Secretario de Deportes, as\u00ed empec\u00e9, me integre f\u00e1cilmente al sindicato mediante el deporte, el f\u00fatbol, y cuando ya era dirigente principal de la Federaci\u00f3n y de las Federaciones acept\u00e9 y cuando ya pensamos en el instrumento pol\u00edtico no cre\u00eda tanto en ese instrumento pol\u00edtico de la liberaci\u00f3n social, cultural, financiera, econ\u00f3mica. El 2002, cuando por primera vez nos presentamos en la candidatura, cuando por primera vez he sido candidato, me ha sorprendido la votaci\u00f3n. Despu\u00e9s de los resultados del 2002 reci\u00e9n cre\u00ed que pod\u00eda ser presidente. Desde la d\u00e9cada del \u00b450 (el MAS) es el \u00fanico partido que ha ganado cuatro elecciones con m\u00e1s del 50 por ciento de los votos y dos de ellas con m\u00e1s del 60 por ciento. Eso, que yo sepa, nunca ha habido. Es el resultado de un trabajo permanente. Si el 2005 ganamos con el 54 por ciento y en 2009 con el 64 por ciento, qu\u00e9 Presidente despu\u00e9s de una gesti\u00f3n aumentaba su votaci\u00f3n, nunca, siempre bajaba. Estas cosas te comprometen mucho m\u00e1s en el trabajo permanente por el pueblo boliviano.<\/p>\n<p>&nbsp;<\/p>\n<p><em>Una pregunta con cierta trampa, Presidente, yo se que usted tiene largas jornadas de trabajo, evidentemente le apasiona lo que hace, \u00bfhasta cuando se imagina o hasta cuando le gustar\u00eda ser Presidente de Bolivia? Dec\u00eda cierta trampa porque hay una discusi\u00f3n de si puede presentarse o no, pero m\u00e1s all\u00e1 de eso \u00bfhasta cu\u00e1ndo le gustar\u00eda ser el l\u00edder de este proceso de cambio?<\/em><\/p>\n<p>Por ahora yo estoy preocupado, abocado a atender las demandas que tienen nuestros sectores sociales, como tambi\u00e9n nuestras regiones, ese es mi gran inter\u00e9s porque cuando hay resultados es una enorme satisfacci\u00f3n para la autoridad, pero tambi\u00e9n es una emoci\u00f3n y alegr\u00eda para los beneficiarios. Evidentemente, por la nueva Constituci\u00f3n, tengo una reelecci\u00f3n habilitada. Es verdad que hay algunos sectores, algunos compa\u00f1eros que dicen que hay que ir nuevamente, hasta ahora no se lo dije a nadie pero no he decidido. Cualquier ratificaci\u00f3n, cumpliendo con la Constituci\u00f3n, mucho va a depender del trabajo que hagas. Yo nunca en mi vida me he ofrecido para ser candidato: ni para dirigente ni para presidente ni para diputado. Cuando me propusieron ser candidato a diputaci\u00f3n, rechac\u00e9. Muchos problemas en mi organizaci\u00f3n esa vez. Nunca me he ofrecido y no tenga esa car\u00e1cter de decir \u00abyo o nada\u00bb. Nunca so\u00f1\u00e9 ser presidente y llegu\u00e9 a ser presidente, despu\u00e9s de eso \u00bfqu\u00e9 m\u00e1s? Irme a mi chaco, estar ah\u00ed, yo tengo un gran deseo que es ir a mi chaco, tener una casita, como ex Presidente recibir a mis ex Ministros, ex Ministras, que vengan a visitarme, mis ex Comandantes, ampliar los naranjos, mi cato de coca, mis platanadas, cosechar, trabajar, comer, comentar, recordar como hemos trabajado, como hemos luchado tambi\u00e9n, porque en estos momentos es trabajar, trabajar por el pueblo y luchar, luchar contra el imperio y sus instrumentos que est\u00e1n internamente perjudicando el desarrollo del pueblo boliviano. Ese es mi gran deseo por ahora.<\/p>\n<p>&nbsp;<\/p>\n<p><em>Presidente, usted habl\u00f3 de imperialismo. Parece ser que Estados Unidos quiere desestabilizar a todos los gobiernos en el mundo que no le son afines a sus intereses y tiene diferentes estrategias, vimos lo que pas\u00f3 en Irak, luego en Libia, ahora en Siria. En nuestra Am\u00e9rica Latina han intentado golpes de Estado, motines policiales, el golpe c\u00edvico-militar contra (Manuel) Zelaya en Honduras\u2026 \u00bfQu\u00e9 reflexi\u00f3n podemos hacer sobre el funcionamiento de este Orden Mundial?<\/em><\/p>\n<p>Un compatriota nuestro me dec\u00eda, \u201cEvo tienes que saber que el Imperio siempre va intentar golpe de estado\u201d, buscar desestabilizar el pa\u00eds. Golpe de estado ha habido en toda Latinoam\u00e9rica menos en Estados Unidos. \u00bfPor qu\u00e9 no ha habido golpes de estado en Estado Unidos? Por que no hay un embajador de Estados Unidos en Estados Unidos. \u00bfCu\u00e1l me parece la estrategia ahora de Estados Unidos? Crear convulsi\u00f3n en un pa\u00eds y con eso justificar una intervenci\u00f3n, sea con Naciones Unidas, sea con OTAN. En el tema del Territorio Ind\u00edgena del Parque Nacional-Isibore Secure (TIPNIS), yo dije el a\u00f1o pasado que pasaba de la Media Luna pol\u00edtica a la Media Luna ind\u00edgena. Si esas marchas, esas demandas, fueran por la Pachamama yo dar\u00eda mi vida, pero estas demandas son pol\u00edticas, son por plata y no es por la Madre Tierra, la Madre Naturaleza. Estas ONGs, la derecha y el imperio destrozan organizaciones y dirigentes. Por eso yo creo mucho en la conciencia del pueblo boliviano. Ser autoridad no es ahora un beneficio, no es un negocio, sino un sacrificio, esfuerzo, m\u00e1s compromiso con el pueblo boliviano. Eso aprend\u00ed a ser dirigente y por eso estoy contento de seguir trabajando por Bolivia.<\/p>\n<p>&nbsp;<\/p>\n<p><em>\u00bfHa frenado el esp\u00edritu conspirativo o sigue conspirando la embajada de Estados Unidos?, y le pregunto porque salen algunas acusaciones muy personales en su contra que parecen operaciones de inteligencia, psicol\u00f3gicas, para da\u00f1ar su imagen y la del gobierno. En lo personal, parecen m\u00e1s orquestadas desde alg\u00fan servicio de inteligencia extranjero que un armado de la propia oposici\u00f3n. \u00bfSigue conspirando Estados Unidos?<\/em><\/p>\n<p>Sigue. Va a seguir conspirando. Por eso hace un momento le dije, aqu\u00ed estamos trabajando por el pueblo y luchando contra el imperio y eso va a ser permanente. Mientras haya una mentalidad en el mundo de homogeneizar o acaparar el capital en pocas manos siempre habr\u00e1 una lucha permanente contra el capitalismo, contra el imperialismo. \u00bfPero c\u00f3mo enfrentar eso? Es trabajando por el pueblo. Qu\u00e9 acusaciones, qu\u00e9 calumnias vendr\u00e1n todav\u00eda. \u00bfC\u00f3mo pueden perdonar a Evo? Antes por el Departamento de Estados Unidos, antes de ser presidente, acusado de terrorista, de Bin Laden andino, de narcotraficante, asesino, de todo me acusaron. Cuando vemos de manera directa y de frente que estaba conspirando expulsamos al Embajador. Eso no se lo van a perdonar a Evo, ni a Bolivia. Est\u00e1 bien que Brasil podr\u00eda expulsar, Argentina podr\u00eda expulsar al Embajador, son pa\u00edses desarrollados y les pueden perdonar, pero de un llamado \u201cindio\u201d nunca van a perdonar. Lo que estamos pensando ac\u00e1 es trabajar, trabajar por el pueblo. Tambi\u00e9n aprend\u00ed a pensar y pensar en Bolivia e, incluso, dormido, so\u00f1ar y so\u00f1ar por la nueva Bolivia.<\/p>\n<p>&nbsp;<\/p>\n<p><em>Qu\u00e9 es lo mejor que usted piensa que este Proceso de Cambio le ha dado al pueblo boliviano.<\/em><\/p>\n<p>La democratizaci\u00f3n de econom\u00edas, mediante rentas y bonos, las pol\u00edticas sociales, pero tambi\u00e9n la nacionalizaci\u00f3n para avanzar en la atenci\u00f3n de las demandas que tiene el pueblo.<\/p>\n<p>&nbsp;<\/p>\n<p><em>Hubo varios conflictos que me parece que generaron cierto desgaste para el gobierno: TIPNIS, el llamado Gasolinazo, los m\u00e9dicos. \u00bfDe alguna manera hubo una falta de previsi\u00f3n pol\u00edtica para enfrentar esos conflictos o es f\u00e1cil decirlo ahora desde ac\u00e1 y una vez que esto ya pas\u00f3?<\/em><\/p>\n<p>En algunos sectores sociales durante un tiempo puede ser que afecten estos temas. No es \u201cgasolinazo\u201d es nivelaci\u00f3n de precios, porque nivelar el precio de combustible es cuidar la econom\u00eda nacional. Yo estoy contento y feliz por que no me equivoqu\u00e9, porque tarde o temprano hay que terminar con el tema de esta subvenci\u00f3n. Si no resolvemos este tema esto puede ser el c\u00e1ncer de la econom\u00eda nacional. Usted dec\u00eda de los m\u00e9dicos, que es una decisi\u00f3n del primer encuentro plurinacional de que trabajen ocho horas. Los m\u00e9dicos no es que no quieren trabajar ocho horas, trabajan 12, 13 o 14 horas, se trata de un grupo de privilegiado. Queremos que haya m\u00e1s atenci\u00f3n a la gente pobre. Ese momento puedo ser de desgaste pero la gente analiza y dice que tiene raz\u00f3n el gobierno. Claro esos grupitos no quieren perder sus privilegios, unos trabajan en la universidad, en la caja, en salud p\u00fablica y en su cl\u00ednica privada, hacen cuatro lugares de trabajo. Ni siquiera las seis horas trabajan, sino un ratito van a la consulta. \u00bfY que hacen algunos m\u00e9dicos? Van a la salud p\u00fablica, pero luego van a su cl\u00ednica privada. Tarde o temprano sabr\u00e1 el pueblo que lo hac\u00edamos por la salud p\u00fablica. El TIPNIS, porque quiero hacer camino se protesta, no porque no quiero hacerlo. Este camino se quiere hacer desde antes de la fundaci\u00f3n de la Rep\u00fablica, antes de 1825 cochabambinos y benianos hicieron expediciones para descubrir y hacer camino. El que propuso tambi\u00e9n ha sido Antonio Jos\u00e9 de Sucre, el segundo presidente. Y lamentablemente alguna gente agarra el tema del medio ambiente. Por supuesto que hay que cuidar el medio ambiente. Por eso digo si fueran movilizaciones o demandas por la naturaleza excelente, pero es una pol\u00edtica por plata.<\/p>\n<p>&nbsp;<\/p>\n<p><em>Presidente usted parece una persona de fuertes convicciones. Es este uno de sus puntos mas fuertes como dirigente pol\u00edtico. \u00bfCu\u00e1l considera usted que es su principal virtud como dirigente pol\u00edtico que lo ha llevado hasta estar sentado aqu\u00ed en el Palacio Presidencial?<\/em><\/p>\n<p>Yo no se si viene del sufrimiento de nuestra vivencia, pero yo sigo pensando en lo que viv\u00ed en la adolescencia y el tr\u00f3pico de Cochabamba, una pobreza&#8230; no conoc\u00eda la luz, tel\u00e9fono, ducha, ba\u00f1o&#8230; con mis 10 a\u00f1os he conocido ducha. Cuando ten\u00eda una chompa o camisa o pantal\u00f3n, mi madre me los sacaba por dos razones: para remendar o para buscar los agujeros del pantal\u00f3n, de la chompa o de la camisa. Yo sigo pensando en esa clase de familias, c\u00f3mo trabajar por ellas.<\/p>\n<p>&nbsp;<\/p>\n<p><em>Presidente, \u00bfpor qu\u00e9 tener relaciones con Ir\u00e1n, un pa\u00eds que est\u00e1 amenazado y demonizado por los Estados Unidos?<\/em><\/p>\n<p>Por eso mismo, por que est\u00e1 amenazado por el imperialismo norteamericano. Siempre vamos a estar en alianza con los pa\u00edses que son v\u00edctimas del imperialismo.<\/p>\n<p>&nbsp;<\/p>\n<p><em>\u00bfC\u00f3mo le han tratado en sus visitas a Ir\u00e1n?<\/em><\/p>\n<p>Muy bien, como siempre en todas partes, excepto en Estados Unidos. Despu\u00e9s mucha amabilidad, mucha hospitalidad, en Ir\u00e1n, China, Corea del Sur, Jap\u00f3n, en todas partes.<\/p>\n<p>&nbsp;<\/p>\n<p><em>Presidente quisiera terminar esta entrevista pidi\u00e9ndole a usted un mensaje para Estados Unidos, por que est\u00e1n desestabilizando y han generado muchas guerras en muchos lugares, ahora est\u00e1n generando una guerra interna en Siria. Y todo parece indicar que si logran destruir a Siria luego intentar\u00e1n destruir a Ir\u00e1n.<\/em><\/p>\n<p>La pobreza ha crecido al 15% en Estados Unidos, un pa\u00eds capitalista, en crisis financiera, donde la pobreza va creciendo, el desempleo ni que decir. Estados Unidos deber\u00eda cambiar de pol\u00edtica. En alg\u00fan momento me sorprendi\u00f3 el presidente Barack Obama, en la pen\u00faltima Cumbre de Jefes de Estado, dijo que Latinoam\u00e9rica sea socia y que haya respeto mutuo, solo qued\u00f3 en palabras. Desde ese momento no he cre\u00eddo. Su Presidente, que viene de una familia discriminada, yo de otra familia discriminada, y un discriminado discrimina a otra discriminado. Si no cambian de mentalidad sus autoridades pol\u00edticas y de pol\u00edticas econ\u00f3micas, Estados Unidos no tiene mucho futuro.<\/p>\n<p>&nbsp;<\/p>\n<h3>Entrevista completa:<\/h3>\n<h3><a href=\"http:\/\/hispantv.com\/detail\/2012\/08\/25\/192642\/entrevista-exclusiva-hispantv-evo-morales\" target=\"_blank\">http:\/\/hispantv.com\/detail\/2012\/08\/25\/192642\/entrevista-exclusiva-hispantv-evo-morales<\/a><\/h3>\n","protected":false},"excerpt":{"rendered":"En entrevista exclusiva con HispanTV -la se\u00f1al en espa\u00f1ol de la Rep\u00fablica Isl\u00e1mica de Ir\u00e1n-, el presidente del Estado Plurinacional de Bolivia, Evo \n<a class=\"moretag\" href=\"https:\/\/ctainternacionales.org\/?p=1449\"> [...]<\/a>","protected":false},"author":1,"featured_media":0,"comment_status":"closed","ping_status":"closed","sticky":false,"template":"","format":"standard","meta":{"ngg_post_thumbnail":0,"footnotes":""},"categories":[],"tags":[],"class_list":["post-1449","post","type-post","status-publish","format-standard","hentry"],"_links":{"self":[{"href":"https:\/\/ctainternacionales.org\/index.php?rest_route=\/wp\/v2\/posts\/1449","targetHints":{"allow":["GET"]}}],"collection":[{"href":"https:\/\/ctainternacionales.org\/index.php?rest_route=\/wp\/v2\/posts"}],"about":[{"href":"https:\/\/ctainternacionales.org\/index.php?rest_route=\/wp\/v2\/types\/post"}],"author":[{"embeddable":true,"href":"https:\/\/ctainternacionales.org\/index.php?rest_route=\/wp\/v2\/users\/1"}],"replies":[{"embeddable":true,"href":"https:\/\/ctainternacionales.org\/index.php?rest_route=%2Fwp%2Fv2%2Fcomments&post=1449"}],"version-history":[{"count":6,"href":"https:\/\/ctainternacionales.org\/index.php?rest_route=\/wp\/v2\/posts\/1449\/revisions"}],"predecessor-version":[{"id":1455,"href":"https:\/\/ctainternacionales.org\/index.php?rest_route=\/wp\/v2\/posts\/1449\/revisions\/1455"}],"wp:attachment":[{"href":"https:\/\/ctainternacionales.org\/index.php?rest_route=%2Fwp%2Fv2%2Fmedia&parent=1449"}],"wp:term":[{"taxonomy":"category","embeddable":true,"href":"https:\/\/ctainternacionales.org\/index.php?rest_route=%2Fwp%2Fv2%2Fcategories&post=1449"},{"taxonomy":"post_tag","embeddable":true,"href":"https:\/\/ctainternacionales.org\/index.php?rest_route=%2Fwp%2Fv2%2Ftags&post=1449"}],"curies":[{"name":"wp","href":"https:\/\/api.w.org\/{rel}","templated":true}]}}