{"id":1442,"date":"2012-08-26T01:37:51","date_gmt":"2012-08-26T01:37:51","guid":{"rendered":"http:\/\/www.ctainternacionales.org\/?p=1442"},"modified":"2012-09-14T21:35:51","modified_gmt":"2012-09-14T21:35:51","slug":"pobreza","status":"publish","type":"post","link":"https:\/\/ctainternacionales.org\/?p=1442","title":{"rendered":"Pobreza"},"content":{"rendered":"<p>Documento de Naciones Unidas expone por qu\u00e9, a pesar del crecimiento econ\u00f3mico de la regi\u00f3n en los \u00faltimos a\u00f1os, la pobreza rural persiste en el continente.<!--more--><\/p>\n<p><em><strong>Documento de Naciones Unidas expone por qu\u00e9, a pesar del crecimiento econ\u00f3mico de la regi\u00f3n en los \u00faltimos a\u00f1os, la pobreza rural persiste en el continente.<\/strong><\/em><\/p>\n<p>La Organizaci\u00f3n de las Naciones Unidas para la Alimentaci\u00f3n y la Agricultura (FAO), la Organizaci\u00f3n Internacional del Trabajo (OIT) y la Comisi\u00f3n Econ\u00f3mica para Am\u00e9rica Latina y el Caribe (Cepal) lanzaron la segunda parte del informe \u00abPol\u00edticas de mercado de trabajo y pobreza rural en Am\u00e9rica Latina: un an\u00e1lisis comparado\u201d, iniciado en 2010. El documento<\/p>\n<p>El estudio abarca, en total, 12 pa\u00edses. En la primera parte fueron estudiados Brasil, Costa Rica, Chile, El Salvador y Per\u00fa y en la segunda, Argentina, Bolivia, Guatemala, Honduras, M\u00e9xico, Paraguay y Uruguay. El an\u00e1lisis de los pa\u00edses gener\u00f3 estudios de caso.<\/p>\n<p>El informe recuerda que en la \u00faltima mitad de esta d\u00e9cada Am\u00e9rica Latina conoci\u00f3 un importante crecimiento econ\u00f3mico. Sin embargo, los cambios esperados no se produjeron. De 1980 a 2010 la pobreza entre la poblaci\u00f3n rural disminuy\u00f3 s\u00f3lo del 60% al 53%, a pesar del crecimiento de las agroexportaciones y del auge agr\u00edcola.<\/p>\n<p>A pesar de esta ca\u00edda de siete puntos porcentuales en los \u00edndices de pobreza rural hasta 2008, el motivo no fue el auge agr\u00edcola, sino un aumento en el n\u00famero de ocupados por hogar y de los subsidios distribuidos por pol\u00edticas sociales de varios pa\u00edses. Los rendimientos fruto del trabajo, salvo algunas excepciones, en realidad disminuyeron.<\/p>\n<p>El hecho fue que el crecimiento de la agricultura se concentr\u00f3 en pocos productos, qued\u00f3 restringido a algunas regiones y se concentr\u00f3 en un peque\u00f1o n\u00famero de empresas. En otras palabras, el agronegocio podr\u00eda ser responsable de esto.<\/p>\n<p>Entre otros factores que explican esta situaci\u00f3n se se\u00f1alan la informalidad en el mercado y la precariedad en los empleos, en la cual se incluyen problemas como ausencia o incumplimiento del salario m\u00ednimo, de la protecci\u00f3n social, sindicalizaci\u00f3n y de las formas correctas de contrataci\u00f3n de mano de obra. Adem\u00e1s, eval\u00faan que el funcionamiento actual del mercado de trabajo no est\u00e1 distribuyendo los beneficios del crecimiento, sobre todo entre las personas que viven y trabajan en \u00e1reas rurales.<\/p>\n<p>Problemas estructurales como trabajo infantil y discriminaci\u00f3n contra las mujeres tambi\u00e9n contribuyen a la multiplicaci\u00f3n de la pobreza de los trabajadores rurales. En el caso de las mujeres, ellas representan el 20% de la fuerza laboral agr\u00edcola en Am\u00e9rica Latina y el Caribe y desempe\u00f1an una funci\u00f3n importante en la seguridad alimentaria, pero a\u00fan as\u00ed sufren discriminaci\u00f3n en el mercado de trabajo, con bajos salarios y malas condiciones de trabajo, y no tienen acceso igualitario a recursos.<\/p>\n<p>Menos de la mitad de los pobres de las \u00e1reas rurales llega a tener acceso a mercados formales de trabajo. Dependiendo del pa\u00eds, la cifra puede ser todav\u00eda m\u00e1s baja (2%).<\/p>\n<p>Para combatir este problema y, consecuentemente, reducir la pobreza, el informe conjunto recomienda que los pa\u00edses refuercen la institucionalidad y las pol\u00edticas p\u00fablicas de manera de contribuir con el mejor funcionamiento del mercado de trabajo rural y que el empleo sea un camino efectivo para la reducci\u00f3n de la pobreza.<\/p>\n<p>En relaci\u00f3n con las pol\u00edticas, sugieren que uno de los caminos sea el cumplimiento de los salarios m\u00ednimos, la formalizaci\u00f3n del empleo, la aplicaci\u00f3n de capacitaciones para los y las trabajadoras rurales, el incentivo a las instancias de di\u00e1logo, formaci\u00f3n sobre los derechos de los trabajadores, erradicaci\u00f3n del trabajo infantil, promoci\u00f3n del empleo femenino, certificaci\u00f3n de trabajo, entre otras.<\/p>\n<p>&nbsp;<\/p>\n<p>(<em>Natasha Pitts, Adital: 26.08.2012<\/em>)<\/p>\n","protected":false},"excerpt":{"rendered":"Documento de Naciones Unidas expone por qu\u00e9, a pesar del crecimiento econ\u00f3mico de la regi\u00f3n en los \u00faltimos a\u00f1os, la pobreza rural persiste \n<a class=\"moretag\" href=\"https:\/\/ctainternacionales.org\/?p=1442\"> [...]<\/a>","protected":false},"author":1,"featured_media":0,"comment_status":"closed","ping_status":"closed","sticky":false,"template":"","format":"standard","meta":{"ngg_post_thumbnail":0,"footnotes":""},"categories":[],"tags":[],"class_list":["post-1442","post","type-post","status-publish","format-standard","hentry"],"_links":{"self":[{"href":"https:\/\/ctainternacionales.org\/index.php?rest_route=\/wp\/v2\/posts\/1442","targetHints":{"allow":["GET"]}}],"collection":[{"href":"https:\/\/ctainternacionales.org\/index.php?rest_route=\/wp\/v2\/posts"}],"about":[{"href":"https:\/\/ctainternacionales.org\/index.php?rest_route=\/wp\/v2\/types\/post"}],"author":[{"embeddable":true,"href":"https:\/\/ctainternacionales.org\/index.php?rest_route=\/wp\/v2\/users\/1"}],"replies":[{"embeddable":true,"href":"https:\/\/ctainternacionales.org\/index.php?rest_route=%2Fwp%2Fv2%2Fcomments&post=1442"}],"version-history":[{"count":2,"href":"https:\/\/ctainternacionales.org\/index.php?rest_route=\/wp\/v2\/posts\/1442\/revisions"}],"predecessor-version":[{"id":1481,"href":"https:\/\/ctainternacionales.org\/index.php?rest_route=\/wp\/v2\/posts\/1442\/revisions\/1481"}],"wp:attachment":[{"href":"https:\/\/ctainternacionales.org\/index.php?rest_route=%2Fwp%2Fv2%2Fmedia&parent=1442"}],"wp:term":[{"taxonomy":"category","embeddable":true,"href":"https:\/\/ctainternacionales.org\/index.php?rest_route=%2Fwp%2Fv2%2Fcategories&post=1442"},{"taxonomy":"post_tag","embeddable":true,"href":"https:\/\/ctainternacionales.org\/index.php?rest_route=%2Fwp%2Fv2%2Ftags&post=1442"}],"curies":[{"name":"wp","href":"https:\/\/api.w.org\/{rel}","templated":true}]}}