{"id":1428,"date":"2012-08-19T23:17:12","date_gmt":"2012-08-19T23:17:12","guid":{"rendered":"http:\/\/www.ctainternacionales.org\/?p=1428"},"modified":"2012-09-13T16:12:28","modified_gmt":"2012-09-13T16:12:28","slug":"el-caso-assange","status":"publish","type":"post","link":"https:\/\/ctainternacionales.org\/?p=1428","title":{"rendered":"El caso Assange"},"content":{"rendered":"<p>\u201cLlevarlo de un pa\u00eds a otro para que tenga que hacer frente a acusaciones durante los pr\u00f3ximos 25 a\u00f1os. Arrebatarle todo lo que tengan \u00e9l y a su familia\u201d.<!--more--><\/p>\n<p><em><strong>\u201cLlevarlo de un pa\u00eds a otro para que tenga que hacer frente a acusaciones durante los pr\u00f3ximos 25 a\u00f1os. Arrebatarle todo lo que tengan \u00e9l y a su familia\u201d. La frase no es de Rafael Correa, ni tal intenci\u00f3n est\u00e1 dirigida a los magnates del peri\u00f3dico ecuatoriano El Universo, condenado por los tribunales de ese pa\u00eds por difamaci\u00f3n, y perdonado posteriormente por el presidente Correa.<\/strong><\/em><\/p>\n<p>El autor de tal amenaza, dirigida a Julian Assange, es Fred Burton, quien fuera responsable de la divisi\u00f3n de contraterrorismo del servicio de seguridad diplom\u00e1tica del Departamento de Estado de Estados Unidos, y la frase est\u00e1 contenida en un correo electr\u00f3nico de Burton como vicepresidente de la empresa Stratfor revelado por Wikileaks.<\/p>\n<p>Pero mientras el mundo mira con preocupaci\u00f3n hacia la embajada de la Rep\u00fablica de Ecuador en el Reino Unido de la Gran Breta\u00f1a e Irlanda del Norte, donde se encuentra Julian Assange, la derecha medi\u00e1tica internacional oculta esos datos y utiliza a una de sus creaciones m\u00e1s desprestigiadas para restar legitimidad a la decisi\u00f3n del presidente ecuatoriano Rafael Correa de conceder asilo pol\u00edtico al fundador de Wikileaks.<\/p>\n<p>Un cable de la agencia de prensa espa\u00f1ola EFE, reproducido por grandes medios de comunicaci\u00f3n, refiere que la \u201ccubana Yoani S\u00e1nchez considera parad\u00f3jico que Assange reciba asilo de Ecuador\u201d. Los sistem\u00e1ticos dislates de la se\u00f1ora S\u00e1nchez, como la invenci\u00f3n de un tiroteo contra un auto de la embajada de Venezuela en La Habana, el asalto a una iglesia que nunca ocurri\u00f3 y muchos m\u00e1s que har\u00edan enormemente extenso este art\u00edculo, no limitan la deseperaci\u00f3n de la prensa reaccionaria al no encontrar una sola voz de prestigio que argumente en contra de la decisi\u00f3n del gobierno del presidente Rafael Correa.<\/p>\n<p>EFE nunca se ha enterado de que Yoani S\u00e1nchez, como ha afirmado el portal Cubadebate \u201cposee el rec\u00f3rd de ser la persona que colabora con una embajada de EEUU m\u00e1s citada en los cables de Wikileaks -aparece en 11 despachos no censurados y en otros, con nombre tachado, aluden con toda certeza a esta mujer\u201d. Quiz\u00e1s por ello la agencia de prensa espa\u00f1ola y los medios que reproducen sus despachos desde Cuba jam\u00e1s han aludido el car\u00e1cter fraudulento, revelado por Wikileaks, de la \u201centrevista\u201d de Yoani al presidente Barack Obama que ellos mismos amplificaron a bombo y platillos. Tampoco EFE dedic\u00f3 un s\u00f3lo despacho a la investigaci\u00f3n del acad\u00e9mico franc\u00e9s Salim Lamrani, publicada por el diario mexicano La Jornada, que demuestra aplastantemente la construcci\u00f3n con tecnolog\u00eda y dinero de un ej\u00e9rcito de seguidores fantasmas en la red social Twitter para la bloguera creada por el Grupo PRISA y la Secci\u00f3n de Intereses de EE.UU. en La Habana.<\/p>\n<p>Negada a curiosear en todas esas circunstancias, EFE cita a Yoani S\u00e1nchez diciendo que el gobierno de Rafael Correa \u201crefuerza las barreras para que el periodismo no curiosee en su interior\u201d. Ambas, EFE y Yoani, quedan muy mal paradas con este despacho en su triste papel de defensoras del gobierno norteamericano y de la prensa olig\u00e1rquica, al tratar de desviar la atenci\u00f3n de la persecuci\u00f3n del ciberactivista australiano y acusar al presidente ecuatoriano, v\u00edctima de la difamaci\u00f3n por el peri\u00f3dico que -\u00a1oh paradoja!- tiene contratada a la se\u00f1ora S\u00e1nchez como columnista. Bonito y \u00e9tico comportamiento el que nos ocultan la agencia de prensa espa\u00f1ola y la agente del gobierno norteamericano Yoani S\u00e1nchez.<\/p>\n<p>&nbsp;<\/p>\n<p>(<em>Iroel S\u00e1nchez: 18.08.2012<\/em>)<\/p>\n","protected":false},"excerpt":{"rendered":"\u201cLlevarlo de un pa\u00eds a otro para que tenga que hacer frente a acusaciones durante los pr\u00f3ximos 25 a\u00f1os. Arrebatarle todo lo que \n<a class=\"moretag\" href=\"https:\/\/ctainternacionales.org\/?p=1428\"> [...]<\/a>","protected":false},"author":1,"featured_media":0,"comment_status":"closed","ping_status":"closed","sticky":false,"template":"","format":"standard","meta":{"ngg_post_thumbnail":0,"footnotes":""},"categories":[],"tags":[],"class_list":["post-1428","post","type-post","status-publish","format-standard","hentry"],"_links":{"self":[{"href":"https:\/\/ctainternacionales.org\/index.php?rest_route=\/wp\/v2\/posts\/1428","targetHints":{"allow":["GET"]}}],"collection":[{"href":"https:\/\/ctainternacionales.org\/index.php?rest_route=\/wp\/v2\/posts"}],"about":[{"href":"https:\/\/ctainternacionales.org\/index.php?rest_route=\/wp\/v2\/types\/post"}],"author":[{"embeddable":true,"href":"https:\/\/ctainternacionales.org\/index.php?rest_route=\/wp\/v2\/users\/1"}],"replies":[{"embeddable":true,"href":"https:\/\/ctainternacionales.org\/index.php?rest_route=%2Fwp%2Fv2%2Fcomments&post=1428"}],"version-history":[{"count":3,"href":"https:\/\/ctainternacionales.org\/index.php?rest_route=\/wp\/v2\/posts\/1428\/revisions"}],"predecessor-version":[{"id":1430,"href":"https:\/\/ctainternacionales.org\/index.php?rest_route=\/wp\/v2\/posts\/1428\/revisions\/1430"}],"wp:attachment":[{"href":"https:\/\/ctainternacionales.org\/index.php?rest_route=%2Fwp%2Fv2%2Fmedia&parent=1428"}],"wp:term":[{"taxonomy":"category","embeddable":true,"href":"https:\/\/ctainternacionales.org\/index.php?rest_route=%2Fwp%2Fv2%2Fcategories&post=1428"},{"taxonomy":"post_tag","embeddable":true,"href":"https:\/\/ctainternacionales.org\/index.php?rest_route=%2Fwp%2Fv2%2Ftags&post=1428"}],"curies":[{"name":"wp","href":"https:\/\/api.w.org\/{rel}","templated":true}]}}