{"id":1423,"date":"2012-08-14T02:39:52","date_gmt":"2012-08-14T02:39:52","guid":{"rendered":"http:\/\/www.ctainternacionales.org\/?p=1423"},"modified":"2012-09-03T23:14:21","modified_gmt":"2012-09-03T23:14:21","slug":"control-de-armas","status":"publish","type":"post","link":"https:\/\/ctainternacionales.org\/?p=1423","title":{"rendered":"Control de armas"},"content":{"rendered":"<p>Otro asesinato en masa, otro tiroteo en el que muchas personas son acribilladas con las balas de un arma adquirida legalmente. Esta vez fue en Oak Creek, Wisconsin, en un templo sij, mientras los fieles se congregaban para su culto semanal.<!--more--><\/p>\n<p><em><strong>El presidente Barack Obama declar\u00f3 el lunes: \u201cCreo que todos reconocemos que este tipo de acontecimientos terribles y tr\u00e1gicos est\u00e1n sucediendo con tanta frecuencia que es preciso que nos detengamos a reflexionar\u201d. Palabras vac\u00edas en medio de la masacre. A pesar de que cada d\u00eda mueren 32 personas por armas de fuego en Estados Unidos, el equivalente a cinco masacres como la de Wisconsin, tanto dem\u00f3cratas como republicanos se niegan a abordar una nueva ley que regule la venta y la posesi\u00f3n de armas. El problema no es el estancamiento pol\u00edtico del tema, sino la falta de consenso.<\/strong><\/em><\/p>\n<p>El secretario de Prensa de la presidencia, Jay Carney, sostuvo: \u201cEl Presidente Obama seguir\u00e1 ordenando a su gobierno que tome medidas basadas en el sentido com\u00fan, que protejan los derechos consagrados en la Segunda Enmienda, a los ciudadanos que respetan la ley, pero a su vez que hagan cada vez m\u00e1s dif\u00edcil que determinadas personas, que no deber\u00edan tener armas en virtud de las leyes actuales, las obtengan\u201d. Vale la pena mencionar que al realizar esta declaraci\u00f3n, Jay Carney, que estaba respondiendo acerca de la intransigencia del Presidente con respecto a fortalecer las leyes de control y regulaci\u00f3n de armas, utiliz\u00f3 la expresi\u00f3n \u201csentido com\u00fan\u201d cinco veces e invoc\u00f3 la \u2019Segunda Enmienda\u201d ocho veces. Carney realiz\u00f3 estas declaraciones en la sala de prensa James S. Brady de la Casa Blanca, que lleva este nombre en homenaje a uno de sus predecesores, a quien John Hinckley le dispar\u00f3 en la cabeza en el intento de asesinato del Presidente Ronald Reagan en 1981. Brady sobrevivi\u00f3 y cofund\u00f3, junto a su esposa, la Campa\u00f1a Brady para Prevenir la Violencia con Armas. Luego de cada una de estas masacres, la Campa\u00f1a Brady ha llamado a que se fortalezca el control de armas.<\/p>\n<p>Este \u00faltimo asesinato en masa muy probablemente se haya tratado de un crimen de odio, perpetrado por Wade Michael Page, un veterano del ej\u00e9rcito de Estados Unidos de raza blanca que ten\u00eda 40 a\u00f1os de edad, estaba vinculado a grupos de supremac\u00eda blanca y era miembro de grupos de rock skinheads. Page se cr\u00edo en Littleton, Colorado, la ciudad donde, en 1999, Eric Harris y Dylan Klebold conspiraron y llevaron a cabo su plan de asesinato en masa en la secundaria de Columbine. Page sirvi\u00f3 en el Ej\u00e9rcito de Estados Unidos de 1992 a 1998, repar\u00f3 sistemas de misiles y m\u00e1s adelante se especializ\u00f3 en el \u00e1rea de \u201coperaciones psicol\u00f3gicas\u201d, aunque no est\u00e1 claro en calidad de qu\u00e9, primero en Fort Bliss, Texas y luego en Fort Bragg, Carolina del Norte.<\/p>\n<p>Page fue dado de baja del Ej\u00e9rcito de Estados Unidos sin honores, lo que es peor que ser dado de baja con honores, pero no tan grave como la baja por conducta deshonrosa. Los informes sugieren que ten\u00eda problemas de alcoholismo y fue arrestado varias veces por conducir ebrio. Recientemente hab\u00eda perdido su empleo como camionero por el mismo motivo, lo que quiz\u00e1 haya acelerado la p\u00e9rdida de su casa por ejecuci\u00f3n hipotecaria. Es probable que Page fuera una persona perturbada, y lo cierto es que no era ning\u00fan desconocido. Luego de la masacre, la agente especial del FBI Teresa Carlson, de Milwaukee, le dijo a la prensa: \u201cEs posible que haya referencias a \u00e9l en varios expedientes y eso est\u00e1 siendo analizado en este momento. Sin embargo, no tenemos motivos para creer, al menos por lo que s\u00e9 ning\u00fan \u00f3rgano de las fuerzas policiales ten\u00eda motivos para creer, que estaba planeando o conspirando algo ni que era capaz de una violencia tan extrema\u201d.<\/p>\n<p>Wade Page era un miembro destacado de la escena musical neonazi. El Centro Legal del Sur contra la Pobreza, que releva grupos de odio de derecha, lo conoc\u00eda, e incluso fue entrevistado por el profesor adjunto de criminolog\u00eda de la Universidad de Nebraska en Omaha, Pete Simi, entre 2001 y 2003. A pesar de sus arrestos, a pesar de su historial como miembro de grupos de odio, Page pudo ingresar a una armer\u00eda y comprar libremente y de manera legal una pistola autom\u00e1tica de 9mm, seg\u00fan cuenta el due\u00f1o de la tienda. El problema aqu\u00ed es el hecho de que esto sea legal.<\/p>\n<p>Como si ambos hechos estuvieran coordinados, dos d\u00edas despu\u00e9s de la masacre perpetrada por Page en Wisconsin, Jared Loughner compareci\u00f3 ante un tribunal y se declar\u00f3 culpable de asesinato por haber llevado a cabo el tiroteo de 2011 en Tucson, Arizona, que dej\u00f3 un saldo de seis personas muertas y muchas m\u00e1s heridas, entre ellas la ex congresista Gabrielle Giffords. A Loughner se le hab\u00eda diagnosticado esquizofrenia y pasar\u00e1 el resto de su vida en prisi\u00f3n. Patricia Maisch es una de las sobrevivientes del tiroteo. Cuando Loughner fue reducido aquel d\u00eda de enero de 2011, Maisch tom\u00f3 el cartucho de gran capacidad que Loughner estaba utilizando para recargar su arma. Maisch y otros dos sobrevivientes del tiroteo lanzaron una campa\u00f1a junto con el grupo Alcaldes Contra las Armas Ilegales para exigirles al Presidente Obama y al gobernador Romney que dise\u00f1en un plan para abordar el problema de las armas en el pa\u00eds.<\/p>\n<p>Al d\u00eda siguiente de la masacre de Wisconsin habl\u00e9 con Gurcharan Grewal, presidente de la Sociedad Religiosa Sij de Wisconsin.<\/p>\n<p>Me dijo: \u201cEl problema, en definitiva, tiene que ver con el control de la venta de armas. No s\u00e9 cu\u00e1ndo vamos a tomar esto en serio, no s\u00e9 cu\u00e1ntas m\u00e1s vidas tendr\u00e1n que perderse para que se tomen medidas\u201d.<\/p>\n<p>Ni Obama ni Romney consideran que una mayor regulaci\u00f3n del comercio y la posesi\u00f3n de armas sea la respuesta. Ser\u00e1 necesario un movimiento para hacerlo posible.<\/p>\n<p>&nbsp;<\/p>\n<p>(<em>Amy Goodman: 11.08.2012<\/em>)<\/p>\n<p>&nbsp;<\/p>\n","protected":false},"excerpt":{"rendered":"Otro asesinato en masa, otro tiroteo en el que muchas personas son acribilladas con las balas de un arma adquirida legalmente. Esta vez \n<a class=\"moretag\" href=\"https:\/\/ctainternacionales.org\/?p=1423\"> [...]<\/a>","protected":false},"author":1,"featured_media":0,"comment_status":"closed","ping_status":"closed","sticky":false,"template":"","format":"standard","meta":{"ngg_post_thumbnail":0,"footnotes":""},"categories":[],"tags":[],"class_list":["post-1423","post","type-post","status-publish","format-standard","hentry"],"_links":{"self":[{"href":"https:\/\/ctainternacionales.org\/index.php?rest_route=\/wp\/v2\/posts\/1423","targetHints":{"allow":["GET"]}}],"collection":[{"href":"https:\/\/ctainternacionales.org\/index.php?rest_route=\/wp\/v2\/posts"}],"about":[{"href":"https:\/\/ctainternacionales.org\/index.php?rest_route=\/wp\/v2\/types\/post"}],"author":[{"embeddable":true,"href":"https:\/\/ctainternacionales.org\/index.php?rest_route=\/wp\/v2\/users\/1"}],"replies":[{"embeddable":true,"href":"https:\/\/ctainternacionales.org\/index.php?rest_route=%2Fwp%2Fv2%2Fcomments&post=1423"}],"version-history":[{"count":3,"href":"https:\/\/ctainternacionales.org\/index.php?rest_route=\/wp\/v2\/posts\/1423\/revisions"}],"predecessor-version":[{"id":1470,"href":"https:\/\/ctainternacionales.org\/index.php?rest_route=\/wp\/v2\/posts\/1423\/revisions\/1470"}],"wp:attachment":[{"href":"https:\/\/ctainternacionales.org\/index.php?rest_route=%2Fwp%2Fv2%2Fmedia&parent=1423"}],"wp:term":[{"taxonomy":"category","embeddable":true,"href":"https:\/\/ctainternacionales.org\/index.php?rest_route=%2Fwp%2Fv2%2Fcategories&post=1423"},{"taxonomy":"post_tag","embeddable":true,"href":"https:\/\/ctainternacionales.org\/index.php?rest_route=%2Fwp%2Fv2%2Ftags&post=1423"}],"curies":[{"name":"wp","href":"https:\/\/api.w.org\/{rel}","templated":true}]}}