{"id":1403,"date":"2012-08-10T03:54:43","date_gmt":"2012-08-10T03:54:43","guid":{"rendered":"http:\/\/www.ctainternacionales.org\/?p=1403"},"modified":"2012-09-02T22:02:08","modified_gmt":"2012-09-02T22:02:08","slug":"africa-desde-la-vision-politica-de-los-trabajadores","status":"publish","type":"post","link":"https:\/\/ctainternacionales.org\/?p=1403","title":{"rendered":"\u00c1frica desde la visi\u00f3n pol\u00edtica de los trabajadores"},"content":{"rendered":"<p><a href=\"http:\/\/www.ctainternacionales.org\/wp-content\/uploads\/2012\/08\/20120807UNTAcharla01.jpg\"><img loading=\"lazy\" decoding=\"async\" class=\"alignnone size-thumbnail wp-image-1404\" title=\"20120807UNTAcharla01\" src=\"http:\/\/www.ctainternacionales.org\/wp-content\/uploads\/2012\/08\/20120807UNTAcharla01-307x128.jpg\" alt=\"\" width=\"307\" height=\"128\" \/><\/a>Luego de la reuni\u00f3n de la Comisi\u00f3n Ejecutiva de la CTA, la delegaci\u00f3n de la Uni\u00f3n Nacional de Trabajadores Angole\u00f1os (UNTA), encabezada por su secretaria de Relaciones Internacionales Mar\u00eda Fernanda Carvalho Francisco, brind\u00f3 una conferencia sobre la situaci\u00f3n actual de los trabajadores de Angola y su posicionamiento en el mundo.<!--more--><\/p>\n<p><em><strong><a href=\"http:\/\/www.ctainternacionales.org\/wp-content\/uploads\/2012\/08\/20120807UNTAcharla011.jpg\"><img loading=\"lazy\" decoding=\"async\" class=\"alignnone size-medium wp-image-1405\" title=\"20120807UNTAcharla01\" src=\"http:\/\/www.ctainternacionales.org\/wp-content\/uploads\/2012\/08\/20120807UNTAcharla011-465x194.jpg\" alt=\"\" width=\"465\" height=\"194\" \/><\/a>Luego de la reuni\u00f3n de la Comisi\u00f3n Ejecutiva de la CTA, la delegaci\u00f3n de la Uni\u00f3n Nacional de Trabajadores Angole\u00f1os (UNTA), encabezada por su secretaria de Relaciones Internacionales Mar\u00eda Fernanda Carvalho Francisco, brind\u00f3 una conferencia sobre la situaci\u00f3n actual de los trabajadores de Angola y su posicionamiento en el mundo.<\/strong><\/em><\/p>\n<p>Antes de darle la palabra a Mar\u00eda Fernanda Carvalho Francisco, tambi\u00e9n integrante de la Asociaci\u00f3n de Mujeres Angole\u00f1as, Pablo Micheli les dio la bienvenida: \u201cQuiero agradecer su presencia en nuestra CTA, una Central clasista, antiimperialista y anticapitalista que no s\u00f3lo defiende con creces los intereses de nuestra clase trabajadora sino que delinea un modelo de pa\u00eds y de sociedad\u201d.<\/p>\n<p>En su exposici\u00f3n, Mar\u00eda Fernanda comenz\u00f3 relatando la historia de \u00c1frica desde la opresi\u00f3n del dominio colonial hasta el comienzo de las luchas por la liberaci\u00f3n nacional que en su pa\u00eds comenzaron en la d\u00e9cada de los \u201970. Por otra parte, tambi\u00e9n explic\u00f3 que las divisiones pol\u00edticas del continente se debieron a c\u00f3mo Europa se reparti\u00f3 el territorio a fines del siglo XIX y no a decisiones de los pueblos. \u201cYo fui educada como portuguesa, en la escuela nos ense\u00f1aron que Angola era una provincia de Portugal. Me dec\u00edan que si hablaba mi lengua, usaba mis vestimentas o com\u00eda las comidas de mi pueblo, era una salvaje\u201d, ejemplific\u00f3 Carvalho las ra\u00edces ideol\u00f3gicas del sistema colonial. \u201cMe ense\u00f1aron que todo lo nuestro no serv\u00eda y que todo lo europeo era lo civilizado\u201d, concluy\u00f3.<\/p>\n<p>No fue sino hasta concluida la Segunda Guerra Mundial, con el origen de las Naciones Unidas y la conferencia de Bandung cuando naci\u00f3 la idea de la autodeterminaci\u00f3n de los pueblos y la necesidad de terminar con el colonialismo. La secretaria de Relaciones Internacionales de la UNTA explic\u00f3 que el movimiento sindical africano surgi\u00f3 al calor de las luchas de descolonizaci\u00f3n: \u201cSu primera aspiraci\u00f3n era la independencia y el combate contra el apartheid. Nosotros nacimos para combatir el colonialismo\u201d.<\/p>\n<p>Ante la presencia de toda la Comisi\u00f3n Ejecutiva Nacional de la CTA y acompa\u00f1ada por Jo\u00e3o Brand\u00e3o, Secretario General del Sindicato de Industrias de Bebidas y Jo\u00e3o Mateus Golome Bernardo, Secretario General de UNTA de la Provincia de Luanda, Carvalho cont\u00f3 que \u00c1frica tiene dos organizaciones sindicales: la Organizaci\u00f3n Sindical Africana (OSA) que tiene seccionales en todos los pa\u00edses y 70 millones de afiliados y la CSI que cuenta con representaci\u00f3n en 45 pa\u00edses y 18 millones de agremiados. La UNTA forma parte de las dos organizaciones, tiene 230 mil afiliados en todo Angola y est\u00e1 conformada por 120 sindicatos.<\/p>\n<p>\u201cNuestra gran lucha es contra la pobreza. Tenemos la crisis alimentaria y ecol\u00f3gica. Ning\u00fan pa\u00eds africano cuenta con protecci\u00f3n social y hay mucho trabajo infantil. Otro desaf\u00edo es la cuesti\u00f3n salarial: los salarios son de miseria\u201d, detall\u00f3 Mar\u00eda Fernanda los motivos principales de la lucha presente de UNTA.<\/p>\n<p>Luego de su clara y completa exposici\u00f3n, algunos dirigentes e integrantes de la CTA hicieron preguntas: Pablo Micheli consult\u00f3 sobre cu\u00e1l era la visi\u00f3n que ten\u00edan acerca del viaje que la presidenta Cristina Fern\u00e1ndez hizo a Angola hace unos meses, Juan Carlos Giuliani (secretario de Relaciones Institucionales de la CTA pregunt\u00f3 sobre la relaci\u00f3n con China, Ver\u00f3nica Huilipan (secretaria de Relaciones con los Pueblos Originarios) consult\u00f3 sobre la situaci\u00f3n de los pueblos originarios angole\u00f1os, Maite Llanos (asesora de la secretaria de Relaciones Internacionales) pregunt\u00f3 c\u00f3mo hab\u00eda repercutido la Primavera \u00c1rabe en su pa\u00eds y Jorge Yacobwsky, (secretario de Salud Laboral de la CTA) consult\u00f3 sobre la relaci\u00f3n entre la UNTA y su gobierno.<\/p>\n<p>\u201cSentimos la Primavera \u00c1rabe pero fue una sorpresa porque no se esperaba que estuviera encabezada por la juventud sin una organizaci\u00f3n pol\u00edtica detr\u00e1s. Luego fue utilizada por las grandes potencias para la guerra. Yo que siempre viv\u00ed en guerra ante nada defiendo la paz\u201d, comenz\u00f3 la ronda de respuestas Mar\u00eda Fernanda.<\/p>\n<p>En cuanto al papel de China en \u00c1frica, la dirigente dijo que era \u201cun gran mal, pero un mal necesario porque luego de la guerra por la liberaci\u00f3n nacional China fue la \u00fanica que nos dio pan, el resto de los pa\u00edses s\u00f3lo financi\u00f3 las armas para la guerra\u201d. Sin embargo, en relaci\u00f3n a las empresas chinas en Angola, Mar\u00eda Fernanda dijo: \u201clos sindicatos tenemos que tener los ojos bien abiertos porque las empresas chinas pagan salarios de miseria y cuando queremos hablar con los empresarios nos dicen que no entienden\u201d.<\/p>\n<p>En respuesta a la pregunta de Ver\u00f3nica Huilipan, Carvalho explic\u00f3 que no tienen ning\u00fan programa ni secretar\u00eda de relaci\u00f3n con los pueblos originarios y en cuanto a la consulta de Yacobwsky sobre la relaci\u00f3n de UNTA con el gobierno dijo: \u201cnosotros tenemos el Consejo de Concertaci\u00f3n Social que se re\u00fane dos veces al a\u00f1o y es un \u00f3rgano tripartito conformado por representantes sindicales, empresarios y funcionarios gubernamentales. Nuestra relaci\u00f3n con el gobierno es buena, se respetan los convenios y la libertad sindical\u201d.<\/p>\n<p>Para finalizar, Carvalho afirm\u00f3 que la visita de la presidenta argentina a Angola hab\u00eda sido positiva para comenzar las relaciones bilaterales: \u201caunque no fuimos invitados al banquete, nos parece que fue un gran paso para tener mejor conocimiento y acercamiento a la Argentina\u201d.<\/p>\n<p>Antes de abandonar la sede de la Central donde se dio el seminario, Mar\u00eda Fernanda le entreg\u00f3 al secretario general de la CTA una prenda africana que usan len su pueblo y una peque\u00f1a mujer tallada en madera en se\u00f1al de amistad y cofraternidad.<\/p>\n<p>&nbsp;<\/p>\n<p>(<em>In\u00e9s Hayes: 08.08.2012<\/em>)<\/p>\n","protected":false},"excerpt":{"rendered":"Luego de la reuni\u00f3n de la Comisi\u00f3n Ejecutiva de la CTA, la delegaci\u00f3n de la Uni\u00f3n Nacional de Trabajadores Angole\u00f1os (UNTA), encabezada por \n<a class=\"moretag\" href=\"https:\/\/ctainternacionales.org\/?p=1403\"> [...]<\/a>","protected":false},"author":1,"featured_media":0,"comment_status":"closed","ping_status":"closed","sticky":false,"template":"","format":"standard","meta":{"ngg_post_thumbnail":0,"footnotes":""},"categories":[],"tags":[],"class_list":["post-1403","post","type-post","status-publish","format-standard","hentry"],"_links":{"self":[{"href":"https:\/\/ctainternacionales.org\/index.php?rest_route=\/wp\/v2\/posts\/1403","targetHints":{"allow":["GET"]}}],"collection":[{"href":"https:\/\/ctainternacionales.org\/index.php?rest_route=\/wp\/v2\/posts"}],"about":[{"href":"https:\/\/ctainternacionales.org\/index.php?rest_route=\/wp\/v2\/types\/post"}],"author":[{"embeddable":true,"href":"https:\/\/ctainternacionales.org\/index.php?rest_route=\/wp\/v2\/users\/1"}],"replies":[{"embeddable":true,"href":"https:\/\/ctainternacionales.org\/index.php?rest_route=%2Fwp%2Fv2%2Fcomments&post=1403"}],"version-history":[{"count":2,"href":"https:\/\/ctainternacionales.org\/index.php?rest_route=\/wp\/v2\/posts\/1403\/revisions"}],"predecessor-version":[{"id":1459,"href":"https:\/\/ctainternacionales.org\/index.php?rest_route=\/wp\/v2\/posts\/1403\/revisions\/1459"}],"wp:attachment":[{"href":"https:\/\/ctainternacionales.org\/index.php?rest_route=%2Fwp%2Fv2%2Fmedia&parent=1403"}],"wp:term":[{"taxonomy":"category","embeddable":true,"href":"https:\/\/ctainternacionales.org\/index.php?rest_route=%2Fwp%2Fv2%2Fcategories&post=1403"},{"taxonomy":"post_tag","embeddable":true,"href":"https:\/\/ctainternacionales.org\/index.php?rest_route=%2Fwp%2Fv2%2Ftags&post=1403"}],"curies":[{"name":"wp","href":"https:\/\/api.w.org\/{rel}","templated":true}]}}