{"id":1395,"date":"2012-07-25T01:11:03","date_gmt":"2012-07-25T01:11:03","guid":{"rendered":"http:\/\/www.ctainternacionales.org\/?p=1395"},"modified":"2012-08-27T14:48:31","modified_gmt":"2012-08-27T14:48:31","slug":"trabajadores-del-cono-sur-contra-el-golpe-de-estado-en-paraguay","status":"publish","type":"post","link":"https:\/\/ctainternacionales.org\/?p=1395","title":{"rendered":"Trabajadores del Cono Sur contra el golpe de estado en Paraguay"},"content":{"rendered":"<p><a href=\"http:\/\/www.ctainternacionales.org\/wp-content\/uploads\/2012\/07\/Foto-integrantes-plenaria-ccscs.jpg\"><img loading=\"lazy\" decoding=\"async\" class=\"alignnone size-thumbnail wp-image-1396\" title=\"Foto integrantes plenaria ccscs\" src=\"http:\/\/www.ctainternacionales.org\/wp-content\/uploads\/2012\/07\/Foto-integrantes-plenaria-ccscs-307x128.jpg\" alt=\"\" width=\"307\" height=\"128\" \/><\/a>La plenaria extraordinaria de la Coordinadora de Centrales Sindicales del Cono Sur (CCSCS), que se realiz\u00f3 en Asunci\u00f3n expresaron \u00absu profundo rechazo al golpe de estado que destituy\u00f3\u00bb al presidente constitucional Fernando Lugo. Los trabajadores de la regi\u00f3n, en una declaraci\u00f3n p\u00fablica por el organismo, alertaron a los gobiernos y a los pueblos sobre \u201clas claras intenciones del imperialismo, que avanza en su proyecto de instalar una base militar en territorio paraguayo\u201d.<!--more--><\/p>\n<p><em><strong>La plenaria extraordinaria de la Coordinadora de Centrales Sindicales del Cono Sur (CCSCS), que se realiz\u00f3 en Asunci\u00f3n expresaron \u00absu profundo rechazo al golpe de estado que destituy\u00f3\u00bb al presidente constitucional Fernando Lugo. Los trabajadores de la regi\u00f3n, en una declaraci\u00f3n p\u00fablica por el organismo, alertaron a los gobiernos y a los pueblos sobre \u201clas claras intenciones del imperialismo que -aprovechando \u00e9sta ileg\u00edtima coyuntura\u2013 avanza en su proyecto de instalar una base militar de los Estados Unidos en territorio paraguayo\u201d.<\/strong><\/em><\/p>\n<p>El 19 y 20 de julio pasados, la directora de Relaciones Internacionales de la CTA, In\u00e9s Barboza, y el hist\u00f3rico dirigente ceteatista y asesor de esa Secretar\u00eda, Carlos Custer, participaronen estas dos jornadas intensas, donde tambi\u00e9n estaban presentes altos representantes de las centrales de la regi\u00f3n, como el presidente de la CUT de Brasil, Artur Henriquez; el coordinador nacional del Pit-Cnt de Uruguay, Juan Castillo; y la secretaria Internacional de la CGT de Brasil, Mar\u00eda Pimentel. All\u00ed, los representantes de cada central sindical escucharon a las filiales anfitrionas y expusieron las reflexiones de cada organizaci\u00f3n acerca de las casusas, los peligros, las perspectivas y el plan de acci\u00f3n adecuado para hacer frente a la peor noticia que le ha tocado recibir al cono sur: un nuevo golpe de estado despu\u00e9s de haber transitado un camino doloroso y arduo para recomponer la democracia y los derechos en la regi\u00f3n, proceso que le dio nacimiento a la propia CCSCS en el a\u00f1o 1986.<\/p>\n<p><a href=\"http:\/\/www.ctainternacionales.org\/wp-content\/uploads\/2012\/07\/Bernardo-Rojas-y-Miguel-zayas-en-congreso-extraordinario-de-la-CUT-A.jpg\"><img loading=\"lazy\" decoding=\"async\" class=\"alignleft size-thumbnail wp-image-1398\" title=\"Bernardo Rojas y Miguel zayas en congreso extraordinario de la CUT-A\" src=\"http:\/\/www.ctainternacionales.org\/wp-content\/uploads\/2012\/07\/Bernardo-Rojas-y-Miguel-zayas-en-congreso-extraordinario-de-la-CUT-A-307x203.jpg\" alt=\"\" width=\"307\" height=\"203\" \/><\/a>A ra\u00edz de esta situaci\u00f3n, en la noche del viernes 20 de julio la CUT Aut\u00e9ntica del Paraguay (CUT-A), realiz\u00f3 un Congreso que dio cita a delegados sindicales de todo el pa\u00eds para seguir organizando la fuerza necesaria para construir un polo de poder popular que permita recomponer las esperanzas en un proceso de cambio y avanzar a conquistar la vida digna de el pueblo paraguayo, tan permanentemente postergado y castigado.<\/p>\n<p>Tanto el presidente de esa organizaci\u00f3n, Bernardo Rojas, como el secretario general de la Central Nacional de Trabajadores de Paraguay (CNT), Miguel Zayas, sintetizaron en sus intervenciones la intenci\u00f3n de superar el padecimiento y generar los debates sociales y los acuerdos b\u00e1sicos que unifiquen su lucha y enfrenten con alternativas y fuerza el poder enquistado de la derecha de ese pa\u00eds. La delegaci\u00f3n internacional al congreso estuvo compuesta por la plenaria de la CCSCS y otros invitados como el Secretario General de la Confederaci\u00f3n Sindical de las Am\u00e9ricas (CSA), Victor B\u00e1ez, oriundo del Paraguay y Manuel Izaguirre de la USO de Espa\u00f1a.<\/p>\n<p><strong>Otras agendas<\/strong><\/p>\n<p>Adem\u00e1s del problema central de la convocatoria, los acuerdos de la CCSCS durante su Plenaria tambi\u00e9n incluyeron una declaraci\u00f3n que celebra la incorporaci\u00f3n de la rep\u00fablica Bolivariana de Venezuela al Mercosur, cuyo pedido de ingreso hab\u00eda sido apoyado por la Coordinadora desde que se present\u00f3 en el a\u00f1o 2005. Consecuentemente, se mandat\u00f3 al secretario general, Valdir Vicente de Barrios, que siguiera el procedimiento reglamentario para que las centrales sindicales de ese pa\u00eds puedan ingresar a la CCSCS y se decidi\u00f3 hacer gestiones para que una representaci\u00f3n pueda estar presente en el evento oficial que celebrar\u00e1n los presidentes este 31 de julio en R\u00edo de Janeiro.<\/p>\n<p><a href=\"http:\/\/www.ctainternacionales.org\/wp-content\/uploads\/2012\/07\/Juan-Castillo-Artur-Henrique-Carlos-Custer-In\u00e9s-Barboza-en-Plenaria-ccscs.png\"><img loading=\"lazy\" decoding=\"async\" title=\"Juan Castillo, Artur Henrique, Carlos Custer, In\u00e9s Barboza en Plenaria ccscs\" src=\"http:\/\/www.ctainternacionales.org\/wp-content\/uploads\/2012\/07\/Juan-Castillo-Artur-Henrique-Carlos-Custer-In\u00e9s-Barboza-en-Plenaria-ccscs-307x175.png\" alt=\"\" width=\"307\" height=\"175\" \/><\/a>Adem\u00e1s, se trataron temas propios de la agenda de la Coordinadora, como la elaboraci\u00f3n del plan de trabajo para su fortalecimiento, y la puesta en com\u00fan del trabajo de cada central respecto a las migraciones y la libre circulaci\u00f3n de personas para trabajar una l\u00ednea conjunta en el grupo regional. Tambi\u00e9n se firm\u00f3 nuevo Estatuto de la CCSCS que habilitar\u00e1 la obtenci\u00f3n de una personer\u00eda jur\u00eddica, consolidando este espacio regional que representa unos 22 millones de trabajadoras y trabajadores del Cono Sur. Sobre el final, el compa\u00f1ero Carlos Custer dio un emocionante saludo en nombre de la CTA al compa\u00f1ero uruguayo Juan Castillo que est\u00e1 pronto a retirarse de sus funciones de representaci\u00f3n en el Pit-Cnt para ocupar la vicepresidencia del partido pol\u00edtico Frente Amplio.<\/p>\n<p>&nbsp;<\/p>\n<h3 style=\"text-align: center;\"><a href=\"http:\/\/www.ctainternacionales.org\/wp-content\/uploads\/2012\/07\/DECLARACI\u00d3N-P\u00daBLICA-CCSCS-PARAGUAY.doc\">Declaraci\u00f3n P\u00fablica de la CCSCS sobre el golpe en Paraguay<\/a><\/h3>\n<h3 style=\"text-align: center;\"><a href=\"http:\/\/www.ctainternacionales.org\/wp-content\/uploads\/2012\/07\/Nota-publica-CCSCS-Ingreso-da-Venezuela-07.2012-PT.doc\">Nota publica de la CCSCS al ingreso de Venezuela al Mercosur<\/a><\/h3>\n<p>&nbsp;<\/p>\n<p>(<em>24.07.2012<\/em>)<\/p>\n<p>&nbsp;<\/p>\n","protected":false},"excerpt":{"rendered":"La plenaria extraordinaria de la Coordinadora de Centrales Sindicales del Cono Sur (CCSCS), que se realiz\u00f3 en Asunci\u00f3n expresaron \u00absu profundo rechazo al \n<a class=\"moretag\" href=\"https:\/\/ctainternacionales.org\/?p=1395\"> [...]<\/a>","protected":false},"author":1,"featured_media":0,"comment_status":"closed","ping_status":"closed","sticky":false,"template":"","format":"standard","meta":{"ngg_post_thumbnail":0,"footnotes":""},"categories":[],"tags":[],"class_list":["post-1395","post","type-post","status-publish","format-standard","hentry"],"_links":{"self":[{"href":"https:\/\/ctainternacionales.org\/index.php?rest_route=\/wp\/v2\/posts\/1395","targetHints":{"allow":["GET"]}}],"collection":[{"href":"https:\/\/ctainternacionales.org\/index.php?rest_route=\/wp\/v2\/posts"}],"about":[{"href":"https:\/\/ctainternacionales.org\/index.php?rest_route=\/wp\/v2\/types\/post"}],"author":[{"embeddable":true,"href":"https:\/\/ctainternacionales.org\/index.php?rest_route=\/wp\/v2\/users\/1"}],"replies":[{"embeddable":true,"href":"https:\/\/ctainternacionales.org\/index.php?rest_route=%2Fwp%2Fv2%2Fcomments&post=1395"}],"version-history":[{"count":3,"href":"https:\/\/ctainternacionales.org\/index.php?rest_route=\/wp\/v2\/posts\/1395\/revisions"}],"predecessor-version":[{"id":1453,"href":"https:\/\/ctainternacionales.org\/index.php?rest_route=\/wp\/v2\/posts\/1395\/revisions\/1453"}],"wp:attachment":[{"href":"https:\/\/ctainternacionales.org\/index.php?rest_route=%2Fwp%2Fv2%2Fmedia&parent=1395"}],"wp:term":[{"taxonomy":"category","embeddable":true,"href":"https:\/\/ctainternacionales.org\/index.php?rest_route=%2Fwp%2Fv2%2Fcategories&post=1395"},{"taxonomy":"post_tag","embeddable":true,"href":"https:\/\/ctainternacionales.org\/index.php?rest_route=%2Fwp%2Fv2%2Ftags&post=1395"}],"curies":[{"name":"wp","href":"https:\/\/api.w.org\/{rel}","templated":true}]}}