{"id":1386,"date":"2012-07-15T23:56:51","date_gmt":"2012-07-15T23:56:51","guid":{"rendered":"http:\/\/www.ctainternacionales.org\/?p=1386"},"modified":"2012-08-14T02:41:17","modified_gmt":"2012-08-14T02:41:17","slug":"falso-dilema","status":"publish","type":"post","link":"https:\/\/ctainternacionales.org\/?p=1386","title":{"rendered":"Falso dilema"},"content":{"rendered":"<p>En el debate actual en Bolivia y en Am\u00e9rica Latina se ha posicionado intencionadamente el dilema entre ambientalismo versus extractivismo para criticar a procesos pol\u00edticos en Am\u00e9rica Latina.<!--more--><\/p>\n<p><em><strong>En el debate actual en Bolivia y en Am\u00e9rica Latina se ha posicionado intencionadamente el dilema entre ambientalismo versus extractivismo orientado especialmente a valorar y criticar los procesos pol\u00edticos y econ\u00f3micos de algunos pa\u00edses, en particular los casos de Per\u00fa, Bolivia y Ecuador, dejando de lado otras contradicciones que son fundamentales en relaci\u00f3n a las condiciones hist\u00f3ricas y sociales de nuestros pa\u00edses y a los desaf\u00edos para enfrentar los graves problemas de atraso, dependencia y pobreza.<\/strong><\/em><\/p>\n<p>Estos problemas no son solamente del presente, sino que provienen de causas que se han establecido estructuralmente tanto por la opresi\u00f3n colonial e imperialista m\u00e1s que centenaria, como por las relaciones internas marcadas por grandes desigualdades sociales y econ\u00f3micas. Los pueblos y pa\u00edses oprimidos, como los de nuestra regi\u00f3n, han sido y son v\u00edctimas del capitalismo internacional que ha impuesto una divisi\u00f3n internacional del trabajo en la que las potencias consiguen grandes riquezas y recursos a costa de la pobreza, expoliaci\u00f3n y marginalidad de millones de seres humanos, en el contexto de la relaci\u00f3n centro-periferia del sistema mundo.<\/p>\n<p>Por eso, en el fondo de la confrontaci\u00f3n entre la defensa medioambiental y la econom\u00eda de explotaci\u00f3n primaria de recursos naturales se encuentra la misma pista: es decir ambos polos son parte de la estrategia imperialista de controlar los medios de vida m\u00e1s importantes del planeta.<\/p>\n<p>La defensa medioambiental, en los t\u00e9rminos del inter\u00e9s de las potencias industriales, significa impedir el uso interno end\u00f3geno de esos recursos para impulsar procesos de desarrollo e industrializaci\u00f3n independiente en las semicolonias y pa\u00edses del Tercer Mundo e inclusive impulsar la creaci\u00f3n de \u201creservas naturales de la humanidad\u201d, como es el caso de la regi\u00f3n amaz\u00f3nica, rechazadas por Brasil y otros pa\u00edses de la regi\u00f3n. Por otra parte, la postura de econom\u00eda extractivista de materias primarias en el viejo modelo primario-exportador es tambi\u00e9n parte de las pol\u00edticas transnacionales para mantener su hegemon\u00eda y control sobre los recursos estrat\u00e9gicos frente a intentos de desarrollar pol\u00edticas independientes y de potenciamiento interno hacia la integraci\u00f3n regional.<\/p>\n<p>La alianza entre las transnacionales con las oligarqu\u00edas y burgues\u00edas dependientes ha generado un patr\u00f3n de dominaci\u00f3n pol\u00edtica que, en algunos casos, est\u00e1 siendo cuestionado por las fuerzas populares emergentes bajo una bandera del nacionalismo defensivo con proyecciones de fortalecer la econom\u00eda estatal y social que permite una mejor redistribuci\u00f3n de las riquezas y los excedentes.<\/p>\n<p>El mayor temor de las transnacionales y de las potencias capitalistas es que en nuestros pa\u00edses se consigan mayores m\u00e1rgenes de independencia econom\u00eda, soberan\u00eda pol\u00edtica y participaci\u00f3n de las masas, junto al avance de procesos de integraci\u00f3n y complementaci\u00f3n regional que conviertan nuestra regi\u00f3n en un espacio geogr\u00e1fico, geopol\u00edtico y econ\u00f3mico con poder propio y autosuficiencia ante los desaf\u00edos que se presentan en el mapa internacional.<\/p>\n<p>El uso interno de los recursos naturales en procesos de industrializaci\u00f3n avanzada, la incorporaci\u00f3n de valor agregado, el incremento de posibilidades de trabajo, la complementaci\u00f3n econ\u00f3mica y comercial entre los pa\u00edses vecinos y la capacidad de enfrentar la crisis capitalista europea y norteamericana pasan por emprender a profundidad los procesos integracionistas que se perfilan. El Mercado Com\u00fan del Sur (MERCOSUR), la Alternativa Bolivariana de las Am\u00e9ricas (ALBA), la Uni\u00f3n de Naciones Sudamericanas (UNASUR) y la Comunidad de Estados Latinoamericanos y Caribe\u00f1os (CELAC) que impulsan la integraci\u00f3n pol\u00edtica, militar, energ\u00e9tica, bancario-financiera, comercial, cultural y social son expresiones valiosas en la perspectiva de conseguir la unidad de la Patria Grande.<\/p>\n<p>Las mayores expectativas desde inicios del siglo se produjeron en los casos de Venezuela con Ch\u00e1vez, Bolivia con Morales, Ecuador con Correa y Brasil con Lula, sin embargo los pasos se fueron desviando peligrosamente en distintos caminos. Las iniciativas de Ch\u00e1vez no tuvieron la repercusi\u00f3n y el acompa\u00f1amiento de los otros l\u00edderes y tampoco sus funcionarios fueron eficientes en la perspectiva trazada; Brasil emprendi\u00f3 una estrategia aislacionista o, en su caso, avanz\u00f3 en relaciones de dominaci\u00f3n pol\u00edtica y econ\u00f3mica hacia los otros pa\u00edses de la regi\u00f3n y Correa y Morales tuvieron que negociar y aceptar imposiciones en distintos campos.<\/p>\n<p>En el caso boliviano el problema es mayor porque el gobierno Evo Morales no solamente cedi\u00f3 ante las transnacionales petroleras, mineras y financieras, sino que ha impulsado la aprobaci\u00f3n de una Constituci\u00f3n y pol\u00edticas que tienden a impulsar la divisi\u00f3n geogr\u00e1fica, la fragmentaci\u00f3n nacional y la aparici\u00f3n de innumerables conflictos entre comunidades, regiones, departamentos, sindicatos, cooperativas y otras organizaciones sobre la base del reconocimiento de inexistentes 36 naciones y de un estado plurinacional que genera expectativas de autodeterminaci\u00f3n y derechos por encima de la unidad del pa\u00eds.<\/p>\n<p>De esta manera, con la divisi\u00f3n interna, se hace imposible pensar en aportar efectivamente en procesos de unidad e integraci\u00f3n regional, sudamericana y latinoamericana y, por el contrario, se abren opciones de maniobra para quienes, desde el extractivismo o desde el medioambientalismo, pretender hacer abortar definitivamente los procesos de avance social y econ\u00f3mico que se consiguieron en la \u00faltima d\u00e9cada.<\/p>\n<p>El contexto mundial en esta hora clave de la historia de los pueblos, por la crisis del capitalismo central y la ausencia de alternativas dentro del mismo, abre posibilidades para una propuesta democr\u00e1tica m\u00e1s intensa y comprometida con el desarrollo integral de los sectores y clases populares, hacia la integraci\u00f3n basada en la liberaci\u00f3n nacional y la construcci\u00f3n de un socialismo nacional latinoamericano.<\/p>\n<p>&nbsp;<\/p>\n<p>(<em>Eduardo Paz Rada: 15.07.2012<\/em>)<\/p>\n<p>&nbsp;<\/p>\n","protected":false},"excerpt":{"rendered":"En el debate actual en Bolivia y en Am\u00e9rica Latina se ha posicionado intencionadamente el dilema entre ambientalismo versus extractivismo para criticar a \n<a class=\"moretag\" href=\"https:\/\/ctainternacionales.org\/?p=1386\"> [...]<\/a>","protected":false},"author":1,"featured_media":0,"comment_status":"closed","ping_status":"closed","sticky":false,"template":"","format":"standard","meta":{"ngg_post_thumbnail":0,"footnotes":""},"categories":[],"tags":[],"class_list":["post-1386","post","type-post","status-publish","format-standard","hentry"],"_links":{"self":[{"href":"https:\/\/ctainternacionales.org\/index.php?rest_route=\/wp\/v2\/posts\/1386","targetHints":{"allow":["GET"]}}],"collection":[{"href":"https:\/\/ctainternacionales.org\/index.php?rest_route=\/wp\/v2\/posts"}],"about":[{"href":"https:\/\/ctainternacionales.org\/index.php?rest_route=\/wp\/v2\/types\/post"}],"author":[{"embeddable":true,"href":"https:\/\/ctainternacionales.org\/index.php?rest_route=\/wp\/v2\/users\/1"}],"replies":[{"embeddable":true,"href":"https:\/\/ctainternacionales.org\/index.php?rest_route=%2Fwp%2Fv2%2Fcomments&post=1386"}],"version-history":[{"count":4,"href":"https:\/\/ctainternacionales.org\/index.php?rest_route=\/wp\/v2\/posts\/1386\/revisions"}],"predecessor-version":[{"id":1427,"href":"https:\/\/ctainternacionales.org\/index.php?rest_route=\/wp\/v2\/posts\/1386\/revisions\/1427"}],"wp:attachment":[{"href":"https:\/\/ctainternacionales.org\/index.php?rest_route=%2Fwp%2Fv2%2Fmedia&parent=1386"}],"wp:term":[{"taxonomy":"category","embeddable":true,"href":"https:\/\/ctainternacionales.org\/index.php?rest_route=%2Fwp%2Fv2%2Fcategories&post=1386"},{"taxonomy":"post_tag","embeddable":true,"href":"https:\/\/ctainternacionales.org\/index.php?rest_route=%2Fwp%2Fv2%2Ftags&post=1386"}],"curies":[{"name":"wp","href":"https:\/\/api.w.org\/{rel}","templated":true}]}}