{"id":1378,"date":"2012-07-15T23:49:22","date_gmt":"2012-07-15T23:49:22","guid":{"rendered":"http:\/\/www.ctainternacionales.org\/?p=1378"},"modified":"2012-09-03T23:04:53","modified_gmt":"2012-09-03T23:04:53","slug":"11o-conacut","status":"publish","type":"post","link":"https:\/\/ctainternacionales.org\/?p=1378","title":{"rendered":"11\u00ba CONACUT"},"content":{"rendered":"<p>La central obrera m\u00e1s grande del Brasil anunci\u00f3 que tomar\u00e1 las calles del pa\u00eds en el segundo semestre por m\u00e1s empleos, salarios y derechos y para ponerle un freno a los retrocesos y ampliar conquistas. <!--more--><\/p>\n<p><em><strong>La central obrera m\u00e1s grande del Brasil anunci\u00f3 que tomar\u00e1 las calles del pa\u00eds en el segundo semestre por m\u00e1s empleos, salarios y derechos y para ponerle un freno a los retrocesos y ampliar conquistas. Por la CTA estuvo presente su secretario de Relaciones Internacionales, Adolfo \u201cFito\u201d Aguirre.<\/strong><\/em><\/p>\n<p>El 11\u00ba Congreso Nacional da Central \u00danica de Trabajadores de Brasil (CUT), que reuni\u00f3 a m\u00e1s de 2.300 delegados y delegadas, y alrededor de 140 dirigentes sindicales internacionales de 40 pa\u00edses, concluy\u00f3 este viernes en un clima de alegr\u00eda y combate, que aprob\u00f3 un s\u00f3lido plan de luchas para enfrentar los impactos negativos de la crisis que afecta a las econom\u00edas de los pa\u00edses capitalistas centrales.<\/p>\n<p>El esp\u00edritu de movilizaci\u00f3n y combate manifestado a lo largo de los cinco d\u00edas de debates gan\u00f3 cuerpo en el plan, que centra su acci\u00f3n en el protagonismo de la clase trabajadora del campo y la ciudad, en la defensa del mercado interno, en la generaci\u00f3n de empleo, la distribuci\u00f3n de la riqueza, la valorizaci\u00f3n de los funcionarios de los servicios p\u00fablicos, por la reducci\u00f3n de la jornada de trabajo sin reducci\u00f3n de salario, el contrato colectivo nacional de trabajo de la construcci\u00f3n civil, la democratizaci\u00f3n de la comunicaci\u00f3n, la reforma agraria y por m\u00e1s recursos para a agricultura familiar.<\/p>\n<p>Las intervenciones de los l\u00edderes de las m\u00e1s diferentes sectores, mostraron una sola determinaci\u00f3n: la de afirmar colectivamente, con sus confederaciones, federaciones y m\u00e1s de tres mil sindicatos un proyecto nacional de desarrollo que se contraponga a la l\u00f3gica parasitaria y excluyente del sistema financiero.<\/p>\n<p>Incluida en el plan de lucha, la agenda de movilizaciones inmediatas de la CUT para el pr\u00f3ximo per\u00edodo, que congrega a la Jornada Nacional de Luchas, tendr\u00e1 inicio el 18 de julio con una marcha de los empelados p\u00fablicos federales de la CUT con el apoyo de la central brasile\u00f1a.<\/p>\n<p>Ya en agosto, el 15, la CUT realizar\u00e1 una gran marcha llevando a las calles la plataforma por el fin del fator previdenci\u00e1rio, contra la exoneraci\u00f3n de los patrones, la rotaci\u00f3n y precarizaci\u00f3n, por la ratificaci\u00f3n del Convenio 158 de la OIT, la reducci\u00f3n de la jornada y otras banderas de luchas heterog\u00e9neas que unen al conjunto de la clase trabajadora.<\/p>\n<p>Congrega tambi\u00e9n la Jornada de Luchas, la participaci\u00f3n de la CUT en la Marcha Rural por la Reforma Agraria contra el latifundio y el agronegocio marcada para agosto, el apoyo a la Marcha Nacional de la Educaci\u00f3n, en Brasilia, que ocurrir\u00e1 en septiembre, el apoyo a las campa\u00f1as salariales unificadas en el segundo semestre.<\/p>\n<p>Como destac\u00f3 el presidente reci\u00e9n electo, el bancario Vagner Freitas, \u201cBrasil precisa dejar de ser el para\u00edso de los bancos\u201d, invirtiendo en la producci\u00f3n y el fortalecimiento del sector p\u00fablico los inmesos recursos que quedan esterilizados con la especulaci\u00f3n, dotando al pa\u00eds de las condiciones necesarias para incorporar a millones de j\u00f3venes que llegan anualmente al mercado del trabajo.<\/p>\n<p>Para eso, resalt\u00f3 Vagner: \u201cLa CUT va a profundizar el di\u00e1logo con la sociedad civil, fortaleciendo a\u00fan m\u00e1s la alianza con los movimientos sociales, para impedir el retroceso defendido por los tucanos (la derecha) y su pol\u00edtica de desguace del Estado, de privatizaciones y tercerizaciones\u201d.<\/p>\n<p>Al final, Vagner ley\u00f3 un mensaje enviado por el ex presidente Lula que no pudo comparecer en el 11\u00ba congreso por razones de salud.<\/p>\n<p>&nbsp;<\/p>\n<p>(<em>Leonardo Severo, Luiz Carvalho e William Pedreira: 15.07.2012<\/em>)<\/p>\n","protected":false},"excerpt":{"rendered":"La central obrera m\u00e1s grande del Brasil anunci\u00f3 que tomar\u00e1 las calles del pa\u00eds en el segundo semestre por m\u00e1s empleos, salarios y \n<a class=\"moretag\" href=\"https:\/\/ctainternacionales.org\/?p=1378\"> [...]<\/a>","protected":false},"author":1,"featured_media":0,"comment_status":"closed","ping_status":"closed","sticky":false,"template":"","format":"standard","meta":{"ngg_post_thumbnail":0,"footnotes":""},"categories":[],"tags":[],"class_list":["post-1378","post","type-post","status-publish","format-standard","hentry"],"_links":{"self":[{"href":"https:\/\/ctainternacionales.org\/index.php?rest_route=\/wp\/v2\/posts\/1378","targetHints":{"allow":["GET"]}}],"collection":[{"href":"https:\/\/ctainternacionales.org\/index.php?rest_route=\/wp\/v2\/posts"}],"about":[{"href":"https:\/\/ctainternacionales.org\/index.php?rest_route=\/wp\/v2\/types\/post"}],"author":[{"embeddable":true,"href":"https:\/\/ctainternacionales.org\/index.php?rest_route=\/wp\/v2\/users\/1"}],"replies":[{"embeddable":true,"href":"https:\/\/ctainternacionales.org\/index.php?rest_route=%2Fwp%2Fv2%2Fcomments&post=1378"}],"version-history":[{"count":3,"href":"https:\/\/ctainternacionales.org\/index.php?rest_route=\/wp\/v2\/posts\/1378\/revisions"}],"predecessor-version":[{"id":1381,"href":"https:\/\/ctainternacionales.org\/index.php?rest_route=\/wp\/v2\/posts\/1378\/revisions\/1381"}],"wp:attachment":[{"href":"https:\/\/ctainternacionales.org\/index.php?rest_route=%2Fwp%2Fv2%2Fmedia&parent=1378"}],"wp:term":[{"taxonomy":"category","embeddable":true,"href":"https:\/\/ctainternacionales.org\/index.php?rest_route=%2Fwp%2Fv2%2Fcategories&post=1378"},{"taxonomy":"post_tag","embeddable":true,"href":"https:\/\/ctainternacionales.org\/index.php?rest_route=%2Fwp%2Fv2%2Ftags&post=1378"}],"curies":[{"name":"wp","href":"https:\/\/api.w.org\/{rel}","templated":true}]}}