{"id":1375,"date":"2012-07-12T00:02:59","date_gmt":"2012-07-12T00:02:59","guid":{"rendered":"http:\/\/www.ctainternacionales.org\/?p=1375"},"modified":"2012-08-26T01:43:56","modified_gmt":"2012-08-26T01:43:56","slug":"marcha-negra","status":"publish","type":"post","link":"https:\/\/ctainternacionales.org\/?p=1375","title":{"rendered":"Marcha negra"},"content":{"rendered":"<p>Con sus cascos encendidos y acompa\u00f1ados por numerosos ciudadanos, cientos de mineros abarrotaron la Puerta del Sol, tras 19 d\u00edas de marcha desde el norte de Espa\u00f1a hasta la capital.<!--more--><\/p>\n<p><em><strong>Con sus cascos encendidos y acompa\u00f1ados por numerosos ciudadanos, cientos de mineros abarrotaron la Puerta del Sol, tras 19 d\u00edas de marcha desde el norte de Espa\u00f1a hasta la capital para protestar por los recortes de m\u00e1s del 60 por ciento en las ayudas al carb\u00f3n que exponen a la mayor\u00eda de las explotaciones carbon\u00edferas a un cierre definitivo.<\/strong><\/em><\/p>\n<p>Por la ma\u00f1ana, entre lanzamientos de petardos y un fuerte olor a p\u00f3lvora, la columna de mineros y miles de simpatizantes iniciaron una manifestaci\u00f3n desde la Plaza de Col\u00f3n hasta el Ministerio de Industria, custiodado por la polic\u00eda en el c\u00e9ntrico Paseo de la Castellana, y fue en sus inmediaciones donde se produjeron los enfrentamientos a primera hora de la tarde. Seg\u00fan fuentes del Ministerio del Interior, la polic\u00eda carg\u00f3 contra los manifestantes despu\u00e9s de que \u00abgrupos antisistema\u00bb utilizaran lanzacohetes y ladrillos contra los agentes.<\/p>\n<p>\u00abNo somos terroristas, somos mineros\u00bb, corearon los manifestantes en su marcha, horas despu\u00e9s de que en la Puerta del Sol se escucharan consignas como \u00abMadrid entero se siente minero\u00bb y \u00abMineros unidos jam\u00e1s ser\u00e1n vencidos\u00bb. Las protestas de los mineros se han convertido en un nuevo s\u00edmbolo del descontento de los ciudadanos con los duros ajustes del gobierno conservador de Mariano Rajoy.<\/p>\n<p>Los mineros de Asturias, la principal regi\u00f3n carbonera de Espa\u00f1a, en el norte del pa\u00eds, llevan 45 d\u00edas en huelga y han protagonizado duros enfrentamientos con las fuerzas de seguridad, en los que han llegado a utilizar cohetes de fabricaci\u00f3n casera, tras bloquear casi a diario autopistas, carreteras y v\u00edas f\u00e9rreas. Varios mineros llevan desde entonces encerrados en dos pozos asturianos.<\/p>\n<p>El gobierno de Rajoy ha dejado claro que no dar\u00e1 marcha atr\u00e1s en la reducci\u00f3n de las subvenciones, una medida enmarcada dentro de la pol\u00edtica de ajuste para reducir el d\u00e9ficit p\u00fablico. El carb\u00f3n es un mineral abundante en Espa\u00f1a, pero su extracci\u00f3n es deficitaria en el pa\u00eds, lo que ocurre tambi\u00e9n en el resto de Europa.<\/p>\n<p>&nbsp;<\/p>\n<p>(<em>11.07.2012<\/em>)<\/p>\n","protected":false},"excerpt":{"rendered":"Con sus cascos encendidos y acompa\u00f1ados por numerosos ciudadanos, cientos de mineros abarrotaron la Puerta del Sol, tras 19 d\u00edas de marcha desde \n<a class=\"moretag\" href=\"https:\/\/ctainternacionales.org\/?p=1375\"> [...]<\/a>","protected":false},"author":1,"featured_media":0,"comment_status":"closed","ping_status":"closed","sticky":false,"template":"","format":"standard","meta":{"ngg_post_thumbnail":0,"footnotes":""},"categories":[],"tags":[],"class_list":["post-1375","post","type-post","status-publish","format-standard","hentry"],"_links":{"self":[{"href":"https:\/\/ctainternacionales.org\/index.php?rest_route=\/wp\/v2\/posts\/1375","targetHints":{"allow":["GET"]}}],"collection":[{"href":"https:\/\/ctainternacionales.org\/index.php?rest_route=\/wp\/v2\/posts"}],"about":[{"href":"https:\/\/ctainternacionales.org\/index.php?rest_route=\/wp\/v2\/types\/post"}],"author":[{"embeddable":true,"href":"https:\/\/ctainternacionales.org\/index.php?rest_route=\/wp\/v2\/users\/1"}],"replies":[{"embeddable":true,"href":"https:\/\/ctainternacionales.org\/index.php?rest_route=%2Fwp%2Fv2%2Fcomments&post=1375"}],"version-history":[{"count":4,"href":"https:\/\/ctainternacionales.org\/index.php?rest_route=\/wp\/v2\/posts\/1375\/revisions"}],"predecessor-version":[{"id":1446,"href":"https:\/\/ctainternacionales.org\/index.php?rest_route=\/wp\/v2\/posts\/1375\/revisions\/1446"}],"wp:attachment":[{"href":"https:\/\/ctainternacionales.org\/index.php?rest_route=%2Fwp%2Fv2%2Fmedia&parent=1375"}],"wp:term":[{"taxonomy":"category","embeddable":true,"href":"https:\/\/ctainternacionales.org\/index.php?rest_route=%2Fwp%2Fv2%2Fcategories&post=1375"},{"taxonomy":"post_tag","embeddable":true,"href":"https:\/\/ctainternacionales.org\/index.php?rest_route=%2Fwp%2Fv2%2Ftags&post=1375"}],"curies":[{"name":"wp","href":"https:\/\/api.w.org\/{rel}","templated":true}]}}