{"id":1364,"date":"2012-07-10T00:53:12","date_gmt":"2012-07-10T00:53:12","guid":{"rendered":"http:\/\/www.ctainternacionales.org\/?p=1364"},"modified":"2012-08-14T01:51:12","modified_gmt":"2012-08-14T01:51:12","slug":"foro-de-sao-paulo","status":"publish","type":"post","link":"https:\/\/ctainternacionales.org\/?p=1364","title":{"rendered":"Foro de S\u00e3o Paulo"},"content":{"rendered":"<p>Desde su primera reuni\u00f3n, en 1990, en S\u00e3o Paulo, el Foro de los partidos de izquierda de Am\u00e9rica Latina \u2013que lleva el nombre de la ciudad donde se reuni\u00f3 por primera vez\u2013, el Foro de S\u00e3o Paulo ha pasado por diferentes etapas.<!--more--><\/p>\n<p><strong><em>Desde su primera reuni\u00f3n, en 1990, en S\u00e3o Paulo, el Foro de los partidos de izquierda de Am\u00e9rica Latina \u2013 que lleva el nombre de la ciudad donde se reuni\u00f3 por primera vez\u2013, el Foro de S\u00e3o Paulo ha pasado por diferentes etapas hasta este encuentro en Caracas, de forma paralela a la trayectoria de la izquierda latinoamericana.<\/em><\/strong><\/p>\n<p>1990 fue el a\u00f1o del lanzamiento del Consenso de Washington, expresi\u00f3n program\u00e1tica del neoliberalismo y de su \u201cpensamiento \u00fanico\u201d. Se sent\u00edan tan seguros y victoriosos, al punto que las fuerzas neoliberales codificaron su triunfo en normas obligatorias \u201cpara cualquiera gobierno serio\u201d.<\/p>\n<p>En la propia Am\u00e9rica Latina encontraron eco en la derecha radical de Pinochet, en la socialdemocracia chilena, brasile\u00f1a, venezolana, pasando por los nacionalismos peronista en la Argentina y del PRI en M\u00e9xico.<\/p>\n<p>Las fuerzas de izquierda, en los planos social, pol\u00edtico e ideol\u00f3gico, se encontraban a la defensiva, resistiendo a la avalancha neoliberal, que detentaba la hegemon\u00eda en el continente y los gobiernos de pr\u00e1cticamente todos los pa\u00edses. El Foro de S\u00e3o Paulo era un espacio de resistencia, de denuncia, pero tambi\u00e9n de formulaci\u00f3n de alternativas.<\/p>\n<p>La situaci\u00f3n cambi\u00f3 de una d\u00e9cada a otra, cuando el campo popular pas\u00f3 de la defensiva a la disputa de alternativas, a las lides electorales para conquistar gobiernos y construir realmente alternativas posneoliberales.<\/p>\n<p>Cuando se re\u00fane en Caracas, el Foro de S\u00e3o Paulo encara otra fase de la izquierda latinoamericana. Basta decir que est\u00e1n presentes varios partidos que se encuentran en los gobiernos de sus pa\u00edses desde hace m\u00e1s de 10 a\u00f1os \u2013como en el caso de la PSUV de Venezuela -, o casi llegan a la d\u00e9cada, como el PT de Brasil, el Frente Amplio de Uruguay, el MAS de Bolivia, Alianza Pa\u00eds de Ecuador.<\/p>\n<p>Entre otras preocupaciones, se encuentra el problema del rol de los partidos frente a los procesos posneoliberales. Los grandes protagonistas de estos procesos son gobiernos de alianza, bajo la direcci\u00f3n de partidos de izquierda. El papel de los partidos de izquierda es, ante todo, defender los intereses de la izquierda en alianzas de centro-izquierda, para garantizar la profundizaci\u00f3n de las posiciones antineoliberales y anticapitalistas de la izquierda. Hacerlo es no s\u00f3lo luchar contra los rezagos del neoliberalismo \u2013el poder del capital financiero, del agronegocio, de la media privada, entre otros-, sino tambi\u00e9n articular el posneoliberalismo con el anticapitalismo y la construcci\u00f3n de un modelo alternativo en Am\u00e9rica Latina.<\/p>\n<p>Esta reuni\u00f3n del Foro de S\u00e3o Paulo se lleva a cabo en el marco de las elecciones presidenciales de Venezuela, cuando Hugo Ch\u00e1vez debe conquistar un nuevo mandato y consolidar la segunda d\u00e9cada de gobiernos pos neoliberales en el continente. Y, a la vez, cuando gobiernos neoliberales enfrentan varias dificultades, entre ellas: los conflictos en torno a las necesidades ineludibles de desarrollo econ\u00f3mico y el equilibrio medioambiental.<\/p>\n<p>No hay soluci\u00f3n \u00f3ptima, general, que se\u00f1ale la resoluci\u00f3n de todos los conflictos y casos particulares. Una de las tareas esenciales de la actualidad es que los intelectuales y los dirigentes pol\u00edticos y sociales construyan los espacios de debate entre los gobiernos y los movimientos sociales \u2013 ind\u00edgenas, campesinos, ecol\u00f3gicos \u2013 para la soluci\u00f3n concreta, pol\u00edtica, negociada, de cada uno de los conflictos. Y, a la vez, organizar las formas de investigaci\u00f3n te\u00f3rica, anal\u00edtica, y un enfoque m\u00e1s general, m\u00e1s all\u00e1 de los dilemas concretos, de modelos alternativos que compatibilicen, incluso bajo fuertes tensiones te\u00f3ricas y pol\u00edticas y necesidades constantes de siempre, renovadas formas de s\u00edntesis concretas entre el desarrollo econ\u00f3mico y la protecci\u00f3n del medioambiente.<\/p>\n<p>El Foro de Sao Paulo es uno de los espacios en condiciones de asumir esta tarea, como contribuci\u00f3n esencial al avance de los gobiernos posneoliberales en la direcci\u00f3n del anticapitalismo y del socialismo.<\/p>\n<p>&nbsp;<\/p>\n<p>(<em>Emir Sade: 07.07.2012<\/em>)<\/p>\n<p>&nbsp;<\/p>\n","protected":false},"excerpt":{"rendered":"Desde su primera reuni\u00f3n, en 1990, en S\u00e3o Paulo, el Foro de los partidos de izquierda de Am\u00e9rica Latina \u2013que lleva el nombre \n<a class=\"moretag\" href=\"https:\/\/ctainternacionales.org\/?p=1364\"> [...]<\/a>","protected":false},"author":1,"featured_media":0,"comment_status":"closed","ping_status":"closed","sticky":false,"template":"","format":"standard","meta":{"ngg_post_thumbnail":0,"footnotes":""},"categories":[],"tags":[],"class_list":["post-1364","post","type-post","status-publish","format-standard","hentry"],"_links":{"self":[{"href":"https:\/\/ctainternacionales.org\/index.php?rest_route=\/wp\/v2\/posts\/1364","targetHints":{"allow":["GET"]}}],"collection":[{"href":"https:\/\/ctainternacionales.org\/index.php?rest_route=\/wp\/v2\/posts"}],"about":[{"href":"https:\/\/ctainternacionales.org\/index.php?rest_route=\/wp\/v2\/types\/post"}],"author":[{"embeddable":true,"href":"https:\/\/ctainternacionales.org\/index.php?rest_route=\/wp\/v2\/users\/1"}],"replies":[{"embeddable":true,"href":"https:\/\/ctainternacionales.org\/index.php?rest_route=%2Fwp%2Fv2%2Fcomments&post=1364"}],"version-history":[{"count":5,"href":"https:\/\/ctainternacionales.org\/index.php?rest_route=\/wp\/v2\/posts\/1364\/revisions"}],"predecessor-version":[{"id":1366,"href":"https:\/\/ctainternacionales.org\/index.php?rest_route=\/wp\/v2\/posts\/1364\/revisions\/1366"}],"wp:attachment":[{"href":"https:\/\/ctainternacionales.org\/index.php?rest_route=%2Fwp%2Fv2%2Fmedia&parent=1364"}],"wp:term":[{"taxonomy":"category","embeddable":true,"href":"https:\/\/ctainternacionales.org\/index.php?rest_route=%2Fwp%2Fv2%2Fcategories&post=1364"},{"taxonomy":"post_tag","embeddable":true,"href":"https:\/\/ctainternacionales.org\/index.php?rest_route=%2Fwp%2Fv2%2Ftags&post=1364"}],"curies":[{"name":"wp","href":"https:\/\/api.w.org\/{rel}","templated":true}]}}