{"id":1359,"date":"2012-07-02T23:23:35","date_gmt":"2012-07-02T23:23:35","guid":{"rendered":"http:\/\/www.ctainternacionales.org\/?p=1359"},"modified":"2012-08-14T02:04:01","modified_gmt":"2012-08-14T02:04:01","slug":"declaracion-de-mendoza","status":"publish","type":"post","link":"https:\/\/ctainternacionales.org\/?p=1359","title":{"rendered":"Declaraci\u00f3n de Mendoza"},"content":{"rendered":"<p style=\"text-align: left;\" lang=\"es-AR\" align=\"JUSTIFY\">La Coordinadora de Centrales Sindicales del Cono Sur (CCSCS), reunida en Mendoza, en el marco de la XV Cumbre Social del Mercosur, manifiest\u00f3 \u00absu m\u00e1s firme apoyo al pueblo paraguayo\u00bb.<!--more--><\/p>\n<p style=\"text-align: left;\" lang=\"es-AR\" align=\"JUSTIFY\"><em><strong>La Coordinadora de Centrales Sindicales del Cono Sur (CCSCS), reunida en Mendoza, en el marco de la XV Cumbre Social del Mercosur, manifiest\u00f3 \u00absu m\u00e1s firme apoyo al pueblo paraguayo, que ha sido v\u00edctima del menoscabo de su democracia con la destituci\u00f3n de su Presidente democr\u00e1ticamente elegido, en un proceso absolutamente ilegitimo y que va en contra de la institucionalidad democr\u00e1tica que caracteriza hoy los gobiernos de la regi\u00f3n\u00bb.<\/strong><\/em><\/p>\n<p style=\"text-align: left;\" lang=\"es-AR\" align=\"JUSTIFY\">La carta completa de la CCSCS, que re\u00fane a 13 centrales sindicales de la Argentina, Chile, Brasil, Paraguay y Uruguay, y que aglutina a 25 millones de trabajadores del cono sur, se\u00f1ala:<\/p>\n<p style=\"text-align: left;\" lang=\"es-AR\" align=\"JUSTIFY\">\u00abDicho proceso, viciado de nulidad en su fase acusatoria, tampoco garantiz\u00f3 la leg\u00edtima defensa del Presidente, tal como lo establece el sistema democr\u00e1tico y republicano de Paraguay, as\u00ed como sus instituciones, todo lo cual deja en claro una nueva maniobra golpista, esta vez en el coraz\u00f3n de Am\u00e9rica del Sur, que avasalla los principios democr\u00e1ticos y constitucionales de nuestro pa\u00eds hermano.<\/p>\n<p style=\"text-align: left;\" align=\"JUSTIFY\">\u00abEste Parlamento ha tomado, desde mucho antes, decisiones que no apoyan ni al proceso democr\u00e1tico de Paraguay, ni a los trabajadores y al pueblo, y ni siquiera al proceso de integraci\u00f3n regional como demostr\u00f3 recientemente con la aprobaci\u00f3n de una ley de MPyMES que menoscaba los derechos laborales y rebaja la ley laboral y la constituci\u00f3n del pa\u00eds, ley que fue vetada por el Ejecutivo y nuevamente aprobada por ese congreso que responde a intereses de grupos econ\u00f3micos y no de su pueblo.<\/p>\n<p style=\"text-align: left;\" align=\"JUSTIFY\">\u00abRespaldamos las decisiones tomadas por la UNASUR, el Mercosur y la CELAC de suspender a Paraguay en estos espacios regionales, y dejamos clara nuestra posici\u00f3n de apoyo a que se mantenga esta suspensi\u00f3n y se profundice mientras no exista un gobierno leg\u00edtimamente constituido en Paraguay. Llamamos a la promoci\u00f3n de instancias y herramientas para colaborar en encontrar una salida leg\u00edtima, sustentada en la voluntad popular.<\/p>\n<p style=\"text-align: left;\" align=\"JUSTIFY\">\u00abEl gran perjudicado por la acci\u00f3n criminal del congreso paraguayo son el pueblo y la calidad de vida de los hermanos paraguayos. En este sentido, instamos a los gobiernos de la regi\u00f3n que apliquen sanciones a Paraguay en todos los \u00e1mbitos pol\u00edticos de los procesos de integraci\u00f3n en los cuales Paraguay participa, considerando ilegitimo el gobierno golpista encabezado por Federico Franco, y aplicando las cl\u00e1usulas democr\u00e1ticas de Ushuaia y Montevideo.<\/p>\n<p style=\"text-align: left;\" lang=\"es-AR\" align=\"JUSTIFY\">\u00abResulta imperioso la continuidad de las movilizaciones para la restauraci\u00f3n democr\u00e1tica de Paraguay, por lo que apoyamos al pueblo paraguayo en su accionar por el retorno al orden constitucional, y exigimos el respeto a la libre expresi\u00f3n de los sectores populares y la garant\u00eda de la plena vigencia de los derechos humanos.<\/p>\n<p style=\"text-align: left;\" align=\"JUSTIFY\">\u00abAsimismo, desde nuestras centrales sindicales nos comprometemos a apoyar, con acciones solidarias y en articulaci\u00f3n con otros actores, a la CNT y CUT-Aut\u00e9ntica de Paraguay, en su lucha por la recuperaci\u00f3n plena de la democracia\u00bb.<\/p>\n<p style=\"text-align: left;\" lang=\"es-AR\" align=\"JUSTIFY\">(<em>02.07.2012<\/em>)<\/p>\n<p>&nbsp;<\/p>\n","protected":false},"excerpt":{"rendered":"La Coordinadora de Centrales Sindicales del Cono Sur (CCSCS), reunida en Mendoza, en el marco de la XV Cumbre Social del Mercosur, manifiest\u00f3 \n<a class=\"moretag\" href=\"https:\/\/ctainternacionales.org\/?p=1359\"> [...]<\/a>","protected":false},"author":1,"featured_media":0,"comment_status":"closed","ping_status":"closed","sticky":false,"template":"","format":"standard","meta":{"ngg_post_thumbnail":0,"footnotes":""},"categories":[],"tags":[],"class_list":["post-1359","post","type-post","status-publish","format-standard","hentry"],"_links":{"self":[{"href":"https:\/\/ctainternacionales.org\/index.php?rest_route=\/wp\/v2\/posts\/1359","targetHints":{"allow":["GET"]}}],"collection":[{"href":"https:\/\/ctainternacionales.org\/index.php?rest_route=\/wp\/v2\/posts"}],"about":[{"href":"https:\/\/ctainternacionales.org\/index.php?rest_route=\/wp\/v2\/types\/post"}],"author":[{"embeddable":true,"href":"https:\/\/ctainternacionales.org\/index.php?rest_route=\/wp\/v2\/users\/1"}],"replies":[{"embeddable":true,"href":"https:\/\/ctainternacionales.org\/index.php?rest_route=%2Fwp%2Fv2%2Fcomments&post=1359"}],"version-history":[{"count":2,"href":"https:\/\/ctainternacionales.org\/index.php?rest_route=\/wp\/v2\/posts\/1359\/revisions"}],"predecessor-version":[{"id":1419,"href":"https:\/\/ctainternacionales.org\/index.php?rest_route=\/wp\/v2\/posts\/1359\/revisions\/1419"}],"wp:attachment":[{"href":"https:\/\/ctainternacionales.org\/index.php?rest_route=%2Fwp%2Fv2%2Fmedia&parent=1359"}],"wp:term":[{"taxonomy":"category","embeddable":true,"href":"https:\/\/ctainternacionales.org\/index.php?rest_route=%2Fwp%2Fv2%2Fcategories&post=1359"},{"taxonomy":"post_tag","embeddable":true,"href":"https:\/\/ctainternacionales.org\/index.php?rest_route=%2Fwp%2Fv2%2Ftags&post=1359"}],"curies":[{"name":"wp","href":"https:\/\/api.w.org\/{rel}","templated":true}]}}