{"id":1354,"date":"2012-06-30T23:27:33","date_gmt":"2012-06-30T23:27:33","guid":{"rendered":"http:\/\/www.ctainternacionales.org\/?p=1354"},"modified":"2012-08-10T03:55:56","modified_gmt":"2012-08-10T03:55:56","slug":"lo-de-paraguay-es-una-alerta-para-todo-el-continente","status":"publish","type":"post","link":"https:\/\/ctainternacionales.org\/?p=1354","title":{"rendered":"\u00abLo de Paraguay es una alerta para todo el continente\u00bb"},"content":{"rendered":"<p><a href=\"http:\/\/www.ctainternacionales.org\/wp-content\/uploads\/2012\/06\/contra-golpe-estados.jpg\"><img loading=\"lazy\" decoding=\"async\" class=\"alignnone size-thumbnail wp-image-1355\" title=\"contra-golpe-estados\" src=\"http:\/\/www.ctainternacionales.org\/wp-content\/uploads\/2012\/06\/contra-golpe-estados-307x174.jpg\" alt=\"\" width=\"307\" height=\"174\" \/><\/a>El secretario de Relaciones Internacionales de la CTA, Adolfo \u00abFito\u00bb Aguirre\u00bb, asever\u00f3 que lo de Paraguay \u00abes una alerta: o se condiciona una democracia a que el eje principal sea m\u00e1s ricos, con m\u00e1s desigualdad y un fuerte contenido de defensa de la propiedad privada, o es jugar fuerte en el planteo de convocatoria popular para hacer part\u00edcipe a los pueblos y a los trabajadores para dise\u00f1ar democracias con fuerte contenido de participaci\u00f3n popular\u00bb.<!--more--><\/p>\n<p><em><strong><a href=\"http:\/\/www.ctainternacionales.org\/wp-content\/uploads\/2012\/06\/contra-golpe-estados1.jpg\"><img loading=\"lazy\" decoding=\"async\" class=\"alignnone size-full wp-image-1356\" title=\"contra-golpe-estados\" src=\"http:\/\/www.ctainternacionales.org\/wp-content\/uploads\/2012\/06\/contra-golpe-estados1.jpg\" alt=\"\" width=\"460\" height=\"262\" \/><\/a>El secretario de Relaciones Internacionales de la CTA, Adolfo \u00abFito\u00bb Aguirre\u00bb, asever\u00f3 que lo de Paraguay \u00abes una alerta: o se condiciona una democracia a que el eje principal sea m\u00e1s ricos, con m\u00e1s desigualdad y un fuerte contenido de defensa de la propiedad privada, o es jugar fuerte en el planteo de convocatoria popular para hacer part\u00edcipe a los pueblos y a los trabajadores para dise\u00f1ar democracias con fuerte contenido de participaci\u00f3n popular\u00bb.<\/strong><\/em><\/p>\n<p><em>&#8211; \u00bfQu\u00e9 an\u00e1lisis hace la CTA del golpe en Paraguay a 3 a\u00f1os del golpe en Honduras?<\/em><\/p>\n<p>&#8211; En primer lugar, siempre que hay un golpe a la consolidaci\u00f3n de una democracia como lo que ocurri\u00f3 en Paraguay y antes en Honduras, la verdad es que es un retroceso que tiene consecuencias regionales y universales. El de Honduras fue un ensayo que se resisti\u00f3 con solidaridad internacional e intervenci\u00f3n por parte de organizaciones; en el caso nuestro fuimos parte de la misi\u00f3n internacional que estuvo all\u00ed, pero no alcanzo evidentemente. Fue un ensayo que funcion\u00f3 con una t\u00e9cnica diferente a la que conoc\u00edamos con los golpes de Estado tradicionales v\u00eda Fuerzas Armadas.<\/p>\n<p>Lo de Paraguay en realidad es mucho m\u00e1s duro porque justamente el Cono Sur de Am\u00e9rica es la regi\u00f3n que pod\u00eda plantearse en esta d\u00e9cada alumbrando alternativas de cara a la crisis internacional del capitalismo.<\/p>\n<p><em>&#8211; \u00bfEn qu\u00e9 sentido es la regi\u00f3n del continente que plantea alternativas?<\/em><\/p>\n<p>&#8211; El hecho que Brasil y Argentina sean dos pa\u00edses industriales grandes que est\u00e1n en el G20, Brasil que es un actor global de los pa\u00edses emergentes junto con China e India que se sostienen en un equilibrio con los pa\u00edses m\u00e1s desarrollados. Tener un aviso de estas caracter\u00edsticas en la regi\u00f3n es una alerta que hay que analizar y hay que saber que la derecha no aparece cuando hay movimientos progresistas sino que siempre est\u00e1 y fundamentalmente despu\u00e9s de la Guerra Fr\u00eda que se consideran ganadores y como ganadores son los que pusieron las condiciones de c\u00f3mo se configuraba el mundo en todo este tiempo, inclusive pusieron las condiciones de c\u00f3mo se configuraban las democracias formales y las estuvieron monitoreando hasta ahora.<\/p>\n<p><em>&#8211; \u00bfQu\u00e9 implica esto para el continente?<\/em><\/p>\n<p>&#8211; Es por eso que en Argentina no se puede hacer todav\u00eda un cambio constitucional con poder constituyente, si se hace algo se pretende hacerlo por el esquema de reformas constitucionales. En Brasil no se puede hacer porque digamos que hay un avance progresista en relaci\u00f3n a la desigualdad y a la pobreza pero no hay avances en distribuci\u00f3n de la riqueza en un pa\u00eds que es un actor global a los niveles de China e India.<\/p>\n<p>Estamos en un pasaje donde luego de la posguerra fr\u00eda hubo nuevos acuerdos en torno a dejar transitar democracias con caracter\u00edsticas que se sal\u00edan de los consensos de Washington y mostraban novedades pol\u00edticas que en otros tiempos hubieran sido imposible pero lo que no se pudo superar es una suerte de control de las bases normativas de distribuci\u00f3n de la riqueza, de un equilibrio entre propiedad privada y propiedad p\u00fablica y social, entre el Capital y el Trabajo y tambi\u00e9n porque los gobiernos perdieron mucho tiempo en creer que si ten\u00edan subordinada a una parte importante de la derecha iban a poder transitar con gobernabilidad sin ning\u00fan tipo de problema.<\/p>\n<p><em>&#8211; \u00bfQu\u00e9 est\u00e1n alertando con el golpe en Paraguay?<\/em><\/p>\n<p>&#8211; Lo de Paraguay hace una alerta: o se condiciona una democracia a que el eje principal sea m\u00e1s ricos, con m\u00e1s desigualdad y un fuerte contenido de defensa de la propiedad privada y ponerle freno a cualquier tipo de ensayo de propiedad social o de reforma agraria o de 50 y 50 en la relaci\u00f3n Capital-Trabajo o digamos, la alternativa es jugar fuerte en el planteo de convocatoria popular para hacer part\u00edcipe a los pueblos y a los trabajadores para dise\u00f1ar democracias con fuerte contenido de participaci\u00f3n popular. Yo creo que ah\u00ed es donde estuvo la debilidad en Paraguay. Antes fueron intentos, pero esta vez fue algo totalmente grotesco y algo que dej\u00f3 al desnudo la debilidad y la fortaleza de unos y de otros.<\/p>\n<p><em>&#8211; \u00bfY c\u00f3mo se organizan desde las Centrales?<\/em><\/p>\n<p>&#8211; En ese sentido me parece que nosotros, hablando con las Centrales del Paraguay sentimos y creemos que tenemos que acompa\u00f1ar a los trabajadores para que Paraguay no quede trunco en esta posibilidad de tener una democracia y un Estado que garantice esquemas de distribuci\u00f3n, ya no solamente de riquezas sino que el problema fundamental ah\u00ed es la tenencia de la tierra. Los trabajadores organizados son el sujeto pol\u00edtico que puede garantizar que en el Paraguay pueda haber, dir\u00eda con todas las letras un cambio constitucional con poder constituyente porque es la \u00fanica manera de terminar con el poder parlamentario que tiene m\u00e1s peso que el presidente de la Rep\u00fablica. Ac\u00e1 el planteo es que en 8 meses Paraguay tiene elecciones y mientras tanto nadie va a reconocer que este es un gobierno.<\/p>\n<p>Queda a las claras que fue un grito en defensa de la propiedad privada pero este tipo de ensayos s\u00ed pueden darse en otros lados como en Bolivia por antecedentes hist\u00f3ricos: lo que fue toda la pelea contra el cambio constitucional, el fuerte v\u00ednculo de Santa Cruz de la Sierra con lo que hace a la inteligencia de Estados Unidos. Hay que poner la atenci\u00f3n en Bolivia para que toda la regi\u00f3n intervenga en funci\u00f3n de que no tengamos este tipo de novedades y que las novedades sean otras: que la regi\u00f3n se est\u00e1 integrando y consolidando m\u00e1s, por ejemplo. Esta es la \u00fanica regi\u00f3n en la que hay una alta tasa de sindicalizaci\u00f3n por el componente Brasil, Uruguay, Argentina.<\/p>\n<p><em>&#8211; \u00bfPor qu\u00e9 otros espacios est\u00e1 irrumpiendo el imperialismo?<\/em><\/p>\n<p>&#8211; No descartemos que ac\u00e1 hay archipi\u00e9lagos de feudalismo y que en la conferencia de la OIT hubo un fuerte golpe contra el derecho a huelga y tampoco descartemos que la nueva fase del capitalismo en estos tiempos est\u00e9 relacionada a datos concretos. Otro dato concreto es la conferencia de R\u00edo donde patearon la pelota al 2015, o sea, tienen 4 a\u00f1os para completar el esquema de mercantilizaci\u00f3n o no, seg\u00fan lo que hagamos los pueblos, de la naturaleza, pero ir\u00edan por ese camino de meterla en el esquema financiero. Y tampoco descartemos que nos lluevan cantidad de Tratados de Libre Comercio (TLC) para garantizar los d\u00e9ficits que tengan los Estados, sean progresistas o sean de derecha. Pero si ya no se est\u00e1n pagando salarios y la prioridad es pagar endeudamiento no descartemos que los archipi\u00e9lagos est\u00e9n conectados.<\/p>\n<p><em>&#8211; \u00bfC\u00f3mo debemos organizarnos para resistir?<\/em><\/p>\n<p>&#8211; En este sentido tenemos que estar muy alertas para buscar solidaridad, no entrar en discusiones secundarias y menos en discusiones que lindan con la torpeza de la inteligencia, como por ejemplo creer que una acci\u00f3n de reivindicaciones de los trabajadores con un programa de reivindicaciones p\u00fablicas sea una cuesti\u00f3n de desestabilizaci\u00f3n como pas\u00f3 en Paraguay o como puede pasar en Bolivia ahora con los amotinamientos, con personas con armas.<\/p>\n<p>Hoy la solidaridad toda con Paraguay, sabemos que vienen tiempos imperiales: la Uni\u00f3n Europea necesita activos de esta regi\u00f3n, Estados Unidos necesita control de esta regi\u00f3n y China necesita los bienes comunes nuestros a costa de lo que sea. Ac\u00e1 podemos encontrarnos con que varios empresarios de la noche a la ma\u00f1ana se quieran convertir en importadores de los productos chinos y dejar empresas con trabajadores cerradas.<\/p>\n<p>La CTA, en lo que hace a internacionalismo, siempre ha estado presente acompa\u00f1ando ofensivas de trabajadores y, como en el caso de Paraguay y Bolivia, acompa\u00f1ando resistencias a cualquier intento de avasallar cuestiones conquistadas como son estas transiciones democr\u00e1ticas a democracias plenas como las so\u00f1amos, como las imaginamos.<\/p>\n<p>&nbsp;<\/p>\n<p>(<em>30.06.2012<\/em>)<\/p>\n","protected":false},"excerpt":{"rendered":"El secretario de Relaciones Internacionales de la CTA, Adolfo \u00abFito\u00bb Aguirre\u00bb, asever\u00f3 que lo de Paraguay \u00abes una alerta: o se condiciona una \n<a class=\"moretag\" href=\"https:\/\/ctainternacionales.org\/?p=1354\"> [...]<\/a>","protected":false},"author":1,"featured_media":0,"comment_status":"closed","ping_status":"closed","sticky":false,"template":"","format":"standard","meta":{"ngg_post_thumbnail":0,"footnotes":""},"categories":[],"tags":[],"class_list":["post-1354","post","type-post","status-publish","format-standard","hentry"],"_links":{"self":[{"href":"https:\/\/ctainternacionales.org\/index.php?rest_route=\/wp\/v2\/posts\/1354","targetHints":{"allow":["GET"]}}],"collection":[{"href":"https:\/\/ctainternacionales.org\/index.php?rest_route=\/wp\/v2\/posts"}],"about":[{"href":"https:\/\/ctainternacionales.org\/index.php?rest_route=\/wp\/v2\/types\/post"}],"author":[{"embeddable":true,"href":"https:\/\/ctainternacionales.org\/index.php?rest_route=\/wp\/v2\/users\/1"}],"replies":[{"embeddable":true,"href":"https:\/\/ctainternacionales.org\/index.php?rest_route=%2Fwp%2Fv2%2Fcomments&post=1354"}],"version-history":[{"count":3,"href":"https:\/\/ctainternacionales.org\/index.php?rest_route=\/wp\/v2\/posts\/1354\/revisions"}],"predecessor-version":[{"id":1408,"href":"https:\/\/ctainternacionales.org\/index.php?rest_route=\/wp\/v2\/posts\/1354\/revisions\/1408"}],"wp:attachment":[{"href":"https:\/\/ctainternacionales.org\/index.php?rest_route=%2Fwp%2Fv2%2Fmedia&parent=1354"}],"wp:term":[{"taxonomy":"category","embeddable":true,"href":"https:\/\/ctainternacionales.org\/index.php?rest_route=%2Fwp%2Fv2%2Fcategories&post=1354"},{"taxonomy":"post_tag","embeddable":true,"href":"https:\/\/ctainternacionales.org\/index.php?rest_route=%2Fwp%2Fv2%2Ftags&post=1354"}],"curies":[{"name":"wp","href":"https:\/\/api.w.org\/{rel}","templated":true}]}}