{"id":1343,"date":"2012-06-26T01:37:01","date_gmt":"2012-06-26T01:37:01","guid":{"rendered":"http:\/\/www.ctainternacionales.org\/?p=1343"},"modified":"2012-07-15T23:50:52","modified_gmt":"2012-07-15T23:50:52","slug":"indutri-all","status":"publish","type":"post","link":"https:\/\/ctainternacionales.org\/?p=1343","title":{"rendered":"Indutri-All"},"content":{"rendered":"<p>Con la consigna \u201csolidaridad global\u201d, se constituy\u00f3 en Copenhague la mega federaci\u00f3n internacional Industri-All. Participaron 1047 delegados en este congreso constitutivo.<!--more--><em>Con la participaci\u00f3n de 1047 delegados de 354 sindicatos (234 mujeres entre ellos), del 18 al 20 de junio se realiz\u00f3 en Copenhague, Dinamarca, el congreso constitutivo de Industri-All Global Union, la federaci\u00f3n sindical m\u00e1s grande del planeta: representa 50 millones de afiliados de 109 pa\u00edses.<\/em><\/p>\n<p>Industri-All es fruto de la fusi\u00f3n de los sindicatos de tres federaciones internacionales que desaparecieron para dar paso a esta nueva organizaci\u00f3n. Ellas son la Federaci\u00f3n Internacional de Trabajadores de las Industrias Metal\u00fargicas (FITIM), la Federaci\u00f3n Internacional de Sindicatos de la Qu\u00edmica, Energ\u00eda, Minas e Industrias Diversas (ICEM), y la Federaci\u00f3n Internacional de Trabajadores del Textil Vestuario y Cuero (ITGLWF).<\/p>\n<p>El congreso estuvo antecedido de un proceso de 4 a\u00f1os, en los que se discutieron los estatutos de la nueva organizaci\u00f3n, los estados financieros de cada una de las 3 federaciones fusionadas, la composici\u00f3n de sus \u00f3rganos de direcci\u00f3n, su estructura y todo lo concerniente a una organizaci\u00f3n de este tama\u00f1o.<\/p>\n<p>Los delegados al congreso eligieron el Comit\u00e9 Ejecutivo de la naciente organizaci\u00f3n, a cuya cabeza, como presidente, fue nombrado el obrero metal\u00fargico alem\u00e1n Berthold Huber, y como Secretario General Jyrki Raina.<\/p>\n<p>Industri-All nace para luchar por un modelo de globalizaci\u00f3n diferente y por un nuevo modelo econ\u00f3mico y social que ponga a las personas primero, bas\u00e1ndose en los principios de la democracia y la justicia social. Espec\u00edficamente sus objetivos son:<\/p>\n<p>Construir sindicatos m\u00e1s fuertes; organizar y aumentar la afiliaci\u00f3n sindical; luchar por el derecho sindical y contra el trabajo precario (contratos y agencia de empleos incluidos); fortalecer la fuerza sindical para hacerle frente al capital global; promover la pol\u00edtica industrial y la sostenibilidad, lo mismo que la justicia social y la globalizaci\u00f3n; garantizar la igualdad de derechos y la participaci\u00f3n de la mujer; y crear condiciones seguras en el trabajo.<\/p>\n<p>En su discurso de posesi\u00f3n, el presidente Berthold Huber expres\u00f3 su inter\u00e9s de mantener unida y consolidada esta organizaci\u00f3n frente a las luchas que debe enfrentar por las reivindicaciones de todos los trabajadores de las industrias, y por el cambio del modelo econ\u00f3mico y el orden mundial injusto, que garantice trabajo decente y vida digna.<\/p>\n<p>Por su parte Jyrki Raina dijo que la creaci\u00f3n de Industri-All se produce en un momento crucial. Al respecto se\u00f1al\u00f3: \u201cEn un mundo de mercados globales, en el que las cadenas de suministro est\u00e1n cada vez m\u00e1s relacionadas, los sindicalistas necesitan contar tambi\u00e9n con un medio de expresi\u00f3n m\u00e1s fuerte a nivel mundial. Los empleadores se est\u00e1n volviendo cada vez m\u00e1s agresivos, y eso es as\u00ed porque ven sus beneficios en peligro. Se est\u00e1 pidiendo a los trabajadores de todas partes del mundo que paguen por esta crisis, de la cual no son responsables\u201d.<\/p>\n<p>Raina esboz\u00f3 un plan de acci\u00f3n de diez puntos destinado a garantizar que Industri-All apoye a sus afiliados, especialmente a los que se encuentran en la primera l\u00ednea de batalla por los derechos humanos y derechos de los trabajadores. Y pidi\u00f3 que todos los delegados se saludaran y se conocieran, \u201cporque de ahora en adelante seremos una sola familia sindical, con los mismos intereses y las mismas luchas\u201d. Los inst\u00f3 a fortalecer los sindicatos y constituir en cada pa\u00eds grandes sindicatos con poder de interlocuci\u00f3n y de negociaci\u00f3n colectiva.<\/p>\n<p>Destac\u00f3, con nombre propio, el papel de algunos de los l\u00edderes presentes, a quienes llam\u00f3 h\u00e9roes. Como Grace Nyirenda, Secretaria General del Sindicato de Trabajadores del Textil, Vestuario, Cuero y Servicio de Seguridad de Malawi, de quien dijo: \u201cHa arriesgado su vida al representar a sus miembros cuando los trabajadores fueron reprimidos\u00a0 y hasta asesinados\u201d. Tambi\u00e9n salud\u00f3 a los sindicalistas \u00e1rabes que participaron en el movimiento de la Primavera \u00c1rabe. En particular, se refiri\u00f3 a Hashmeya Mushin al-Saadawi, dirigente del Sindicato de Trabajadores de la Electricidad de Irak, reconocida l\u00edder del movimiento de protesta iraqu\u00ed.<\/p>\n<p>Una cuarta parte de los delegados asistentes al Congreso informaron que ellos o sus familias han sido v\u00edctimas de amenazas a causa de su labor sindical. Un 18% ha sido detenido o encarcelado por su labor sindical, \u00a0y un 16% ha sufrido violencia f\u00edsica por su actividad sindical.<\/p>\n<p>En el congreso tambi\u00e9n intervino Guy Ryder, nuevo Director General de la OIT, quien empez\u00f3 su alocuci\u00f3n dando las gracias por el apoyo del movimiento sindical mundial a su candidatura, \u201csin el cual hubiera sido imposible llegar a tan importante cargo\u201d, se\u00f1al\u00f3, y record\u00f3 c\u00f3mo en el 2006, en Viena, particip\u00f3 en la constituci\u00f3n de la CSI, tambi\u00e9n como fruto de la fusi\u00f3n de la CMT y la CIOLS.<\/p>\n<p>Asimismo Ryder dio algunas recomendaciones para \u201cenfrentar los retos que se deben superar, porque un proceso de estas dimensiones no es f\u00e1cil\u201d. Finalmente coment\u00f3 sobre la \u00faltima conferencia de la OIT, donde hubo muchos problemas por intenciones de gobiernos y empleadores dirigidas a mermarle capacidad a este organismo, y ofreci\u00f3 colaborar con los trabajadores y a sus organizaciones desde el nuevo espacio que ejerce.<\/p>\n<p>&nbsp;<\/p>\n<p>(<em>25.06.2012<\/em>)<\/p>\n<p>&nbsp;<\/p>\n","protected":false},"excerpt":{"rendered":"Con la consigna \u201csolidaridad global\u201d, se constituy\u00f3 en Copenhague la mega federaci\u00f3n internacional Industri-All. Participaron 1047 delegados en este congreso constitutivo.\n<a class=\"moretag\" href=\"https:\/\/ctainternacionales.org\/?p=1343\"> [...]<\/a>","protected":false},"author":1,"featured_media":0,"comment_status":"closed","ping_status":"closed","sticky":false,"template":"","format":"standard","meta":{"ngg_post_thumbnail":0,"footnotes":""},"categories":[],"tags":[],"class_list":["post-1343","post","type-post","status-publish","format-standard","hentry"],"_links":{"self":[{"href":"https:\/\/ctainternacionales.org\/index.php?rest_route=\/wp\/v2\/posts\/1343","targetHints":{"allow":["GET"]}}],"collection":[{"href":"https:\/\/ctainternacionales.org\/index.php?rest_route=\/wp\/v2\/posts"}],"about":[{"href":"https:\/\/ctainternacionales.org\/index.php?rest_route=\/wp\/v2\/types\/post"}],"author":[{"embeddable":true,"href":"https:\/\/ctainternacionales.org\/index.php?rest_route=\/wp\/v2\/users\/1"}],"replies":[{"embeddable":true,"href":"https:\/\/ctainternacionales.org\/index.php?rest_route=%2Fwp%2Fv2%2Fcomments&post=1343"}],"version-history":[{"count":3,"href":"https:\/\/ctainternacionales.org\/index.php?rest_route=\/wp\/v2\/posts\/1343\/revisions"}],"predecessor-version":[{"id":1345,"href":"https:\/\/ctainternacionales.org\/index.php?rest_route=\/wp\/v2\/posts\/1343\/revisions\/1345"}],"wp:attachment":[{"href":"https:\/\/ctainternacionales.org\/index.php?rest_route=%2Fwp%2Fv2%2Fmedia&parent=1343"}],"wp:term":[{"taxonomy":"category","embeddable":true,"href":"https:\/\/ctainternacionales.org\/index.php?rest_route=%2Fwp%2Fv2%2Fcategories&post=1343"},{"taxonomy":"post_tag","embeddable":true,"href":"https:\/\/ctainternacionales.org\/index.php?rest_route=%2Fwp%2Fv2%2Ftags&post=1343"}],"curies":[{"name":"wp","href":"https:\/\/api.w.org\/{rel}","templated":true}]}}