{"id":1334,"date":"2012-06-26T01:25:47","date_gmt":"2012-06-26T01:25:47","guid":{"rendered":"http:\/\/www.ctainternacionales.org\/?p=1334"},"modified":"2012-07-25T01:12:17","modified_gmt":"2012-07-25T01:12:17","slug":"transacciones-financieras","status":"publish","type":"post","link":"https:\/\/ctainternacionales.org\/?p=1334","title":{"rendered":"Transacciones financieras"},"content":{"rendered":"<p style=\"text-align: left;\" align=\"JUSTIFY\"><a href=\"http:\/\/www.ctainternacionales.org\/wp-content\/uploads\/2012\/06\/Rio20.jpg\"><img loading=\"lazy\" decoding=\"async\" class=\"alignnone size-thumbnail wp-image-1335\" title=\"Rio20\" src=\"http:\/\/www.ctainternacionales.org\/wp-content\/uploads\/2012\/06\/Rio20-307x204.jpg\" alt=\"\" width=\"307\" height=\"204\" \/><\/a>El centro de R\u00edo de Janeiro se visti\u00f3 de verde para reclamar por la puesta en marcha a nivel mundial de una impuesto a las transacciones financieras. Robin Hood como s\u00edmbolo de la manifestaci\u00f3n, centrales sindicales y organizaciones sociales brasile\u00f1as irrumpieron en el coraz\u00f3n financiero de la capital carioca.<!--more--><\/p>\n<p style=\"text-align: left;\" align=\"JUSTIFY\"><em><strong><a href=\"http:\/\/www.ctainternacionales.org\/wp-content\/uploads\/2012\/06\/Rio201.jpg\"><img loading=\"lazy\" decoding=\"async\" class=\"alignnone size-medium wp-image-1336\" title=\"Rio20\" src=\"http:\/\/www.ctainternacionales.org\/wp-content\/uploads\/2012\/06\/Rio201-465x309.jpg\" alt=\"\" width=\"465\" height=\"309\" \/><\/a>El centro de R\u00edo de Janeiro se visti\u00f3 de verde para reclamar por la puesta en marcha a nivel mundial de una impuesto a las transacciones financieras. Robin Hood como s\u00edmbolo de la manifestaci\u00f3n, centrales sindicales y organizaciones sociales brasile\u00f1as irrumpieron en el coraz\u00f3n financiero de la capital carioca.<\/strong><\/em><\/p>\n<p style=\"text-align: left;\" align=\"JUSTIFY\">El reclamo de un impuesto a las transacciones financieras tiene ya larga data, y ha tomado un renovado impulso desde el comienzo de la crisis econ\u00f3mica global en el 2008, causada principalmente por los sectores financieros.<\/p>\n<p style=\"text-align: left;\" align=\"JUSTIFY\">La propuesta de gravar las transacciones financieras se basa en la necesidad de redistribuir las inmensas ganancias que acumulan los grandes capitales financieros, sin aportar un solo centavo a las arcas de los gobiernos.<\/p>\n<p style=\"text-align: left;\" align=\"JUSTIFY\">Con el dinero recaudado por ese impuesto se podr\u00edan solucionar una gran parte de los problemas m\u00e1s importantes de la actualidad, incluyendo la erradicaci\u00f3n de la pobreza, el combate al cambio clim\u00e1tico y la promoci\u00f3n de econom\u00edas sustentables.<\/p>\n<p style=\"text-align: left;\" align=\"JUSTIFY\">La movilizaci\u00f3n cont\u00f3 con la participaci\u00f3n de los sindicatos bancarios brasile\u00f1os, la Confederaci\u00f3n Sindical de las Am\u00e9ricas (CSA), la Confederaci\u00f3n Sindical Internacional y el Partido de los Trabajadores (PT).<\/p>\n<p style=\"text-align: left;\" align=\"JUSTIFY\">Por la CTA participaron de la manifestaci\u00f3n el secretario de relaciones internacionales Adolfo \u00abFito\u00bb Aguirre y Bruno Dobrusin, asesor de la secretaria de relaciones internacionales.<\/p>\n<p style=\"text-align: left;\" align=\"JUSTIFY\">(<em>22.06.2012<\/em>)<\/p>\n","protected":false},"excerpt":{"rendered":"El centro de R\u00edo de Janeiro se visti\u00f3 de verde para reclamar por la puesta en marcha a nivel mundial de una impuesto \n<a class=\"moretag\" href=\"https:\/\/ctainternacionales.org\/?p=1334\"> [...]<\/a>","protected":false},"author":1,"featured_media":0,"comment_status":"closed","ping_status":"closed","sticky":false,"template":"","format":"standard","meta":{"ngg_post_thumbnail":0,"footnotes":""},"categories":[],"tags":[],"class_list":["post-1334","post","type-post","status-publish","format-standard","hentry"],"_links":{"self":[{"href":"https:\/\/ctainternacionales.org\/index.php?rest_route=\/wp\/v2\/posts\/1334","targetHints":{"allow":["GET"]}}],"collection":[{"href":"https:\/\/ctainternacionales.org\/index.php?rest_route=\/wp\/v2\/posts"}],"about":[{"href":"https:\/\/ctainternacionales.org\/index.php?rest_route=\/wp\/v2\/types\/post"}],"author":[{"embeddable":true,"href":"https:\/\/ctainternacionales.org\/index.php?rest_route=\/wp\/v2\/users\/1"}],"replies":[{"embeddable":true,"href":"https:\/\/ctainternacionales.org\/index.php?rest_route=%2Fwp%2Fv2%2Fcomments&post=1334"}],"version-history":[{"count":4,"href":"https:\/\/ctainternacionales.org\/index.php?rest_route=\/wp\/v2\/posts\/1334\/revisions"}],"predecessor-version":[{"id":1402,"href":"https:\/\/ctainternacionales.org\/index.php?rest_route=\/wp\/v2\/posts\/1334\/revisions\/1402"}],"wp:attachment":[{"href":"https:\/\/ctainternacionales.org\/index.php?rest_route=%2Fwp%2Fv2%2Fmedia&parent=1334"}],"wp:term":[{"taxonomy":"category","embeddable":true,"href":"https:\/\/ctainternacionales.org\/index.php?rest_route=%2Fwp%2Fv2%2Fcategories&post=1334"},{"taxonomy":"post_tag","embeddable":true,"href":"https:\/\/ctainternacionales.org\/index.php?rest_route=%2Fwp%2Fv2%2Ftags&post=1334"}],"curies":[{"name":"wp","href":"https:\/\/api.w.org\/{rel}","templated":true}]}}