{"id":1323,"date":"2012-06-20T15:40:47","date_gmt":"2012-06-20T15:40:47","guid":{"rendered":"http:\/\/www.ctainternacionales.org\/?p=1323"},"modified":"2012-07-12T00:03:53","modified_gmt":"2012-07-12T00:03:53","slug":"pueblos-en-rio","status":"publish","type":"post","link":"https:\/\/ctainternacionales.org\/?p=1323","title":{"rendered":"Pueblos en R\u00edo"},"content":{"rendered":"<p>Este lunes tuvo lugar una nueva jornada en el Aterro de Flamengo, en la Cumbre de los Pueblos, que se est\u00e1 llevando a cabo en R\u00edo de Janeiro en paralelo a la Cumbre de R\u00edo+20.<!--more--><\/p>\n<p>Este lunes tuvo lugar una nueva jornada en el Aterro de Flamengo, en la Cumbre de los Pueblos, que se est\u00e1 llevando a cabo en R\u00edo de Janeiro en paralelo a la Cumbre de R\u00edo+20.<\/p>\n<p>En un Aterro de Flamengo colmado de militantes sociales, sindicales, culturales, grupos de ind\u00edgenas y de mujeres, se sucedieron los debates de cierre de las Plenarias tem\u00e1ticas que funcionan como base de discusi\u00f3n para la asamblea general de este martes por la tarde. Fue adem\u00e1s el d\u00eda que dio comienzo a las rondas de movilizaciones de diferentes movimientos hacia el centro de R\u00edo.<\/p>\n<p>La CTA concentr\u00f3 su actividad en la Plenaria de Trabajo, donde se logr\u00f3 articular con centrales y movimientos sociales de m\u00e1s de 30 pa\u00edses un documento \u00fanico que funcione de s\u00edntesis de los debates. El documento final incluy\u00f3 como ejes relevantes propuestas de nuestra central, incluyendo la necesidad de pasar \u201cdel mundo posible al mundo necesario\u201d como consigna de cierre.<\/p>\n<p>Por la ma\u00f1ana se llev\u00f3 a cabo una mesa de debate titulada \u201cEconom\u00eda solidaria, trabajo digno y cooperaci\u00f3n internacional: experiencias de Am\u00e9rica Latina, Europa y Asia\u201d, co-organizada por la Confederaci\u00f3n Sindical de las Am\u00e9ricas, la CTA, la CUT de Brasil, la CGIL de Italia. Por CTA particip\u00f3 como panelista Mario Barrios, secretario general de ANTA-CTA.<\/p>\n<p>La intervenci\u00f3n de Barrios se bas\u00f3 en la experiencia de la empresa recuperada Uni\u00f3n Solidaria de los Trabajadores (UST) y el rol de las cooperativas autogestionadas como alternativa de producci\u00f3n y organizaci\u00f3n en el movimiento de trabajadores. En el contexto de la crisis econ\u00f3mica actual, Barrios asegur\u00f3 que \u201cla idea de la autogesti\u00f3n es una verdadera alternativa al sistema capitalista\u201d, ya que se desarrolla en cohesi\u00f3n con el ambiente y donde las decisiones son propias de los trabajadores, mediante la asamblea como modo de tomar decisiones. Afirm\u00f3 tambi\u00e9n que los 8 a\u00f1os de experiencia de la UST \u201cdemostraron que los trabajadores somos capaces de administrar y producir de forma mucho m\u00e1s equitativa y justa\u201d.<\/p>\n<p>Por otro lado resalt\u00f3 que el anclaje en el territorio, la construcci\u00f3n de la experiencia en conjunto con el barrio fue una de las claves para poner en producci\u00f3n a la cooperativa. Barrios cerr\u00f3 su intervenci\u00f3n afirmando que \u201cno es un utop\u00eda la autogesti\u00f3n. En nuestro caso es una realidad absolutamente concreta. Cuando construimos fuerza y anclaje en lo territorial, es porque hemos llevado a cabo un modelo que se adapte a nuestra comunidad\u201d.<\/p>\n<p>Por la tarde se produjo una de las manifestaciones de mayor masividad hasta el momento. La Marcha Mundial de las Mujeres, en conjunto con la V\u00eda Campesina y sectores de la CUT de Brasil, movilizaron alrededor de 7000 personas por el centro de R\u00edo, terminando la manifestaci\u00f3n en el Banco Nacional de Desarrollo (BNDES), uno de los s\u00edmbolos m\u00e1s relevantes del apoyo que el estado brasilero da a los grandes grupos transnacionales. De la marcha participaron por CTA la coordinadora de Marcha Mundial de Mujeres y secretaria de g\u00e9nero de CTA, Alejandra Angriman y la secretaria general de Tierra del Fuego, Silvia Paredes. La marcha tom\u00f3 la lucha contra el sistema patriarcal, contra el neoliberalismo y la militarizaci\u00f3n de nuestros territorios como los ejes fundamentales por los cuales manifestarse.<\/p>\n<p>La jornada cerr\u00f3 con el acuerdo de un documento en com\u00fan en la plenaria de trabajo. Desde diferentes sectores que participan en la Cumbre se dio cuenta de la cohesi\u00f3n del movimiento sindical internacional en llevar una propuesta unificada y concreta como aporte a los debates. Esta cohesi\u00f3n fue lograda gracias a los debates de la Asamblea Sindical previa a la Cumbre, donde la CTA tuvo una participaci\u00f3n decisiva en la redacci\u00f3n de los documentos finales. La delegaci\u00f3n de CTA incluye a partir de esta jornada la presencia de Hugo Amor y Guillermo Pacanini, (CICOP-CTA), y tambi\u00e9n de los diputados nacionales Claudio Lozano y Liliana Parada.<\/p>\n<p>Para hoy se espera una jornada importante por el comienzo de la Asamblea de los Movimientos Sociales, donde confluir\u00e1n todos los participantes de la Cumbre de los Pueblos y se buscar\u00e1 encontrar una estrategia com\u00fan.<\/p>\n<p>&nbsp;<\/p>\n<p>(<em>Bruno Dobrusion: 20.06.2012<\/em>)<\/p>\n","protected":false},"excerpt":{"rendered":"Este lunes tuvo lugar una nueva jornada en el Aterro de Flamengo, en la Cumbre de los Pueblos, que se est\u00e1 llevando a \n<a class=\"moretag\" href=\"https:\/\/ctainternacionales.org\/?p=1323\"> [...]<\/a>","protected":false},"author":1,"featured_media":0,"comment_status":"closed","ping_status":"closed","sticky":false,"template":"","format":"standard","meta":{"ngg_post_thumbnail":0,"footnotes":""},"categories":[],"tags":[],"class_list":["post-1323","post","type-post","status-publish","format-standard","hentry"],"_links":{"self":[{"href":"https:\/\/ctainternacionales.org\/index.php?rest_route=\/wp\/v2\/posts\/1323","targetHints":{"allow":["GET"]}}],"collection":[{"href":"https:\/\/ctainternacionales.org\/index.php?rest_route=\/wp\/v2\/posts"}],"about":[{"href":"https:\/\/ctainternacionales.org\/index.php?rest_route=\/wp\/v2\/types\/post"}],"author":[{"embeddable":true,"href":"https:\/\/ctainternacionales.org\/index.php?rest_route=\/wp\/v2\/users\/1"}],"replies":[{"embeddable":true,"href":"https:\/\/ctainternacionales.org\/index.php?rest_route=%2Fwp%2Fv2%2Fcomments&post=1323"}],"version-history":[{"count":2,"href":"https:\/\/ctainternacionales.org\/index.php?rest_route=\/wp\/v2\/posts\/1323\/revisions"}],"predecessor-version":[{"id":1377,"href":"https:\/\/ctainternacionales.org\/index.php?rest_route=\/wp\/v2\/posts\/1323\/revisions\/1377"}],"wp:attachment":[{"href":"https:\/\/ctainternacionales.org\/index.php?rest_route=%2Fwp%2Fv2%2Fmedia&parent=1323"}],"wp:term":[{"taxonomy":"category","embeddable":true,"href":"https:\/\/ctainternacionales.org\/index.php?rest_route=%2Fwp%2Fv2%2Fcategories&post=1323"},{"taxonomy":"post_tag","embeddable":true,"href":"https:\/\/ctainternacionales.org\/index.php?rest_route=%2Fwp%2Fv2%2Ftags&post=1323"}],"curies":[{"name":"wp","href":"https:\/\/api.w.org\/{rel}","templated":true}]}}