{"id":1318,"date":"2012-06-20T15:34:11","date_gmt":"2012-06-20T15:34:11","guid":{"rendered":"http:\/\/www.ctainternacionales.org\/?p=1318"},"modified":"2012-06-30T23:28:21","modified_gmt":"2012-06-30T23:28:21","slug":"la-cta-presente-y-activa-en-la-cumbre-mundial-rio20","status":"publish","type":"post","link":"https:\/\/ctainternacionales.org\/?p=1318","title":{"rendered":"La CTA presente y activa en la cumbre mundial R\u00edo+20"},"content":{"rendered":"<p><a href=\"http:\/\/www.ctainternacionales.org\/wp-content\/uploads\/2012\/06\/DSC_0084.jpg\"><img loading=\"lazy\" decoding=\"async\" class=\"alignnone size-thumbnail wp-image-1319\" title=\"DSC_0084\" src=\"http:\/\/www.ctainternacionales.org\/wp-content\/uploads\/2012\/06\/DSC_0084-307x204.jpg\" alt=\"\" width=\"307\" height=\"204\" \/><\/a>Las primeras jornadas en R\u00edo de Janeiro comenzaron con una amplia participaci\u00f3n de la Central de Trabajadores de la Argentina, tanto en la Cumbre oficial de R\u00edo+20, como en la Cumbre de los Pueblos que se realiza en paralelo en el centro de la capital carioca. \u00abEstamos construyendo un nuevo pensamiento y proponiendo no s\u00f3lo que otro mundo es posible sino que tenemos que construir un mundo necesario\u201d, afirm\u00f3 Fito Aguirre.<!--more--><\/p>\n<p><a href=\"http:\/\/www.ctainternacionales.org\/wp-content\/uploads\/2012\/06\/DSC_00841.jpg\"><img loading=\"lazy\" decoding=\"async\" class=\"alignnone size-full wp-image-1320\" title=\"DSC_0084\" src=\"http:\/\/www.ctainternacionales.org\/wp-content\/uploads\/2012\/06\/DSC_00841.jpg\" alt=\"\" width=\"400\" height=\"267\" \/><\/a>Las primeras jornadas en R\u00edo de Janeiro comenzaron con una amplia participaci\u00f3n de la Central de Trabajadores de la Argentina, tanto en la Cumbre oficial de R\u00edo+20, como en la Cumbre de los Pueblos que se realiza en paralelo en el centro de la capital carioca. \u00abEstamos construyendo un nuevo pensamiento y proponiendo no s\u00f3lo que otro mundo es posible sino que tenemos que construir un mundo necesario\u201d, afirm\u00f3 Fito Aguirre.<\/p>\n<p>Dentro de la Cumbre de los Pueblos, la delegaci\u00f3n de CTA particip\u00f3 de las actividades co-organizadas con la Central Sindical de las Am\u00e9ricas (CSA) y la CUT de Brasil, entre las que se destacaron los temas de protecci\u00f3n social y migraciones. Por otro lado la CTA tambi\u00e9n estuvo presente en el debate \u201cFeminismo, soberan\u00eda alimentaria y agroecolog\u00eda\u201d, organizado por la Marcha Mundial de las Mujeres y en el Encuentro Internacional de los Afectados por la Minera brasile\u00f1a Vale do R\u00edo Doce (la empresa con mayor cantidad de denuncias por violaci\u00f3n a derechos laborales en el mundo), donde participaron representantes de los cinco continentes.<\/p>\n<p>El domingo se realizaron las plenarias de la cumbre, divididas en cinco ejes tem\u00e1ticos: derechos por justicia social y ambiental; defensa de los bienes comunes; soberan\u00eda alimentaria; energ\u00eda e industrias extractivistas; y trabajo por otra econom\u00eda y nuevos paradigmas.<\/p>\n<p>La plenaria de trabajo fue organizada por la CSA en conjunto con organizaciones sindicales, sociales, de mujeres y campesinas. En la plenaria se sucedieron los debates acerca de la realidad del trabajo en el mundo y la necesidad de construir una propuesta alternativa a la del \u2018capitalismo verde\u2019 que quiere imponerse desde los grandes grupos de poder.<\/p>\n<p>En este sentido, se destac\u00f3 la intervenci\u00f3n del secretario de relaciones internacionales de la CTA, Adolfo \u201cFito\u201d Aguirre, quien afirm\u00f3 que \u201cen el 2012 estamos ante un momento hist\u00f3rico porque el capitalismo est\u00e1 en territorio latinoamericano, en Los Cabos mediante el G-20 y en R\u00edo de Janeiro en la cumbre oficial, buscando sostener y profundizar un modelo de consumo y producci\u00f3n al que nosotros nos oponemos\u201d.<\/p>\n<p>Destac\u00f3 tambi\u00e9n que este a\u00f1o es trascendental porque \u201cla clase trabajadora mundial, los movimientos sociales, el movimiento de mujeres y los movimientos ind\u00edgenas no estamos planteando solamente c\u00f3mo vamos a resistir, sino que estamos construyendo un nuevo pensamiento y proponiendo no s\u00f3lo que otro mundo es posible sino que tenemos que construir un mundo necesario\u201d.<\/p>\n<p>Aguirre dijo que en la construcci\u00f3n de ese mundo necesario \u201ctenemos que imaginarnos con un escudo en un brazo y con una lanza en el otro\u201d. Y concluy\u00f3: \u201cCon el escudo para resistir y con la lanza para atacar, construyendo un nuevo pensamiento que d\u00e9 forma a la unidad y acci\u00f3n para fundar ese otro mundo necesario\u201d.<\/p>\n<p>Por la tarde tambi\u00e9n intervino la secretaria de G\u00e9nero de la CTA, Alejandra Angriman hizo \u00e9nfasis en el rol de las mujeres en la construcci\u00f3n organizativa y en la participaci\u00f3n pol\u00edtica y social. Afirm\u00f3 que \u201clas mujeres trabajadoras venimos denunciando que este modelo se basa en una sociedad patriarcal que da sustento al capitalismo\u201d, e hizo un llamado a \u201cconstruir mecanismos que garanticen la participaci\u00f3n de las mujeres en los lugares de decisi\u00f3n\u201d.<\/p>\n<p>La plenaria concluir\u00e1 este lunes 18, llevando las propuestas consensuadas a la Asamblea de los Pueblos de los d\u00edas siguientes.<\/p>\n<p>La plenaria de \u201cEnerg\u00eda e industrias extractivistas\u201d tambi\u00e9n cont\u00f3 con la participaci\u00f3n de nuestra central, en las intervenciones de Normando Ocampo (secretario general CTA Chilecito) y Jorge Duarte (secretario general CTA Misiones), quienes presentaron la problem\u00e1tica y la lucha contra estas industrias en nuestro pa\u00eds, haciendo eje en la necesidad de construir resistencias pero tambi\u00e9n de generar alternativas a los modelos actuales de producci\u00f3n y consumo.<\/p>\n<p>Finalizadas las reuniones de discusi\u00f3n y preparaci\u00f3n del documento a ser discutido y aprobado por los jefes de Estado a partir del 20, son bajas las expectativas de lograr un consenso que avance en una propuesta integral sobre el desarrollo sustentable. La CTA particip\u00f3 en los debates a trav\u00e9s de Joaqu\u00edn Turco, asesor de la Secretar\u00eda de Relaciones Internacionales, quien es uno de los negociadores oficiales por el lado de los sindicatos. Luego de m\u00e1s de 2 a\u00f1o de discusi\u00f3n, no hay en el corto plazo consenso sobre las tem\u00e1ticas transversales que deber\u00edan ser el eje de la cumbre. La delegaci\u00f3n sindical expres\u00f3 preocupaci\u00f3n por la lentitud del proceso y por la influencia que ejercen los grupos corporativos sobre las decisiones fundamentales. En este sentido, no se espera lograr en esta Cumbre un consenso global sobre el desarrollo sustentable.<\/p>\n<p>&nbsp;<\/p>\n<p>(<em>19.06.2012<\/em>)<\/p>\n","protected":false},"excerpt":{"rendered":"Las primeras jornadas en R\u00edo de Janeiro comenzaron con una amplia participaci\u00f3n de la Central de Trabajadores de la Argentina, tanto en la \n<a class=\"moretag\" href=\"https:\/\/ctainternacionales.org\/?p=1318\"> [...]<\/a>","protected":false},"author":1,"featured_media":0,"comment_status":"closed","ping_status":"closed","sticky":false,"template":"","format":"standard","meta":{"ngg_post_thumbnail":0,"footnotes":""},"categories":[],"tags":[],"class_list":["post-1318","post","type-post","status-publish","format-standard","hentry"],"_links":{"self":[{"href":"https:\/\/ctainternacionales.org\/index.php?rest_route=\/wp\/v2\/posts\/1318","targetHints":{"allow":["GET"]}}],"collection":[{"href":"https:\/\/ctainternacionales.org\/index.php?rest_route=\/wp\/v2\/posts"}],"about":[{"href":"https:\/\/ctainternacionales.org\/index.php?rest_route=\/wp\/v2\/types\/post"}],"author":[{"embeddable":true,"href":"https:\/\/ctainternacionales.org\/index.php?rest_route=\/wp\/v2\/users\/1"}],"replies":[{"embeddable":true,"href":"https:\/\/ctainternacionales.org\/index.php?rest_route=%2Fwp%2Fv2%2Fcomments&post=1318"}],"version-history":[{"count":2,"href":"https:\/\/ctainternacionales.org\/index.php?rest_route=\/wp\/v2\/posts\/1318\/revisions"}],"predecessor-version":[{"id":1358,"href":"https:\/\/ctainternacionales.org\/index.php?rest_route=\/wp\/v2\/posts\/1318\/revisions\/1358"}],"wp:attachment":[{"href":"https:\/\/ctainternacionales.org\/index.php?rest_route=%2Fwp%2Fv2%2Fmedia&parent=1318"}],"wp:term":[{"taxonomy":"category","embeddable":true,"href":"https:\/\/ctainternacionales.org\/index.php?rest_route=%2Fwp%2Fv2%2Fcategories&post=1318"},{"taxonomy":"post_tag","embeddable":true,"href":"https:\/\/ctainternacionales.org\/index.php?rest_route=%2Fwp%2Fv2%2Ftags&post=1318"}],"curies":[{"name":"wp","href":"https:\/\/api.w.org\/{rel}","templated":true}]}}