{"id":1315,"date":"2012-06-19T02:18:15","date_gmt":"2012-06-19T02:18:15","guid":{"rendered":"http:\/\/www.ctainternacionales.org\/?p=1315"},"modified":"2012-07-10T01:09:52","modified_gmt":"2012-07-10T01:09:52","slug":"encrucijada-peruana","status":"publish","type":"post","link":"https:\/\/ctainternacionales.org\/?p=1315","title":{"rendered":"Encrucijada peruana"},"content":{"rendered":"<p>Diversos intelectuales y pol\u00edticos latinoamericanos y peruanos han criticado duramente al presidente Ollanta Humala, por considerar que ha traicionado el mandado para el que fue elegido. <!--more--><\/p>\n<p><em><strong>Diversos intelectuales y pol\u00edticos latinoamericanos y peruanos han criticado duramente al presidente Ollanta Humala, por considerar que ha traicionado el mandado para el que fue elegido. Razones no les faltan, ya que el presidente est\u00e1 gobernando para la derecha, aunque fue ungido por la izquierda, y reprime a los sectores populares, cuando fueron ellos los que se movilizaron para evitar el triunfo de Keiko Fujimori.<\/strong><\/em><\/p>\n<p>El ex guerrillero y actual soci\u00f3logo H\u00e9ctor B\u00e9jar sostiene que se trata de un golpe de Estado caracterizado por la ocupaci\u00f3n militar de ciudades, y estados de emergencia, lo que supone \u00abla inserci\u00f3n de la l\u00f3gica guerrera en el gobierno y el estilo castrense en la conducci\u00f3n p\u00fablica\u00bb (Alai, 6 de junio de 2012).<\/p>\n<p>El economista Oscar Ugarteche se queja del enga\u00f1o electoral de quien en su momento particip\u00f3 en el Foro de Sao Paulo, y asegura que el gobierno actual es \u00abun r\u00e9gimen mafioso y matonesco no muy distinto al de Fujimori\u00bb (Alai, 4 de junio de 2012). Aventura que est\u00e1 en marcha una alianza con las huestes del ex dictador para sostenerse los cuatro a\u00f1os que le restan de mandato, ya que la represi\u00f3n le hizo perder su mayor\u00eda parlamentaria (Alai, 8 de junio de 2012).<\/p>\n<p>El diputado Javier Diez Canseco traza su balance de diez meses de gobierno de Humala: 12 muertos en conflictos sociales, varias zonas en estado de emergencia con recorte de derechos democr\u00e1ticos, gobiernos municipales y regionales hostigados e intervenidos ilegalmente por el Ejecutivo y la renuncia de cerca de 10 por ciento de la bancada oficialista en el Congreso (La Rep\u00fablica, 11 de junio de 2012).<\/p>\n<p>Estamos ante el segundo giro a la derecha del gobierno, ambos por las mismas razones: la contundente protesta social contra la miner\u00eda y los megaemprendimientos. En noviembre y diciembre de 2011 la resistencia de la poblaci\u00f3n de Cajamarca al proyecto minero de extracci\u00f3n de oro Conga se zanj\u00f3 con la declaraci\u00f3n del estado de emergencia y la militarizaci\u00f3n de varias zonas, a lo que sigui\u00f3 un recambio del gabinete, con la salida de buena parte de los ministros m\u00e1s progresistas.<\/p>\n<p>Ahora las cosas se han agravado. En mayo la protesta antiminera de Cajamarca se extendi\u00f3 a los dem\u00e1s departamentos del norte, Piura, Lambayeque y La Libertad, con un paro masivo y numerosas movilizaciones. En el sur, la represi\u00f3n en la provincia de Espinar, en el departamento de Cusco, a los comuneros que protestaban contra la mina Tintaya de la empresa australiana XStrata, se sald\u00f3 con dos muertos, el alcalde encarcelado y decenas de perseguidos, entre ellos el personal de la Vicar\u00eda de Solidaridad de Sicuani.<\/p>\n<p>La lucha de los pueblos andinos y amaz\u00f3nicos alcanz\u00f3 niveles notables. En Bambamarca, ciudad del departamento de Cajamarca, la poblaci\u00f3n impidi\u00f3 que los soldados pudieran hacer la ceremonia de saludo a la bandera y en Celend\u00edn, epicentro del conflicto por Conga, los soldados fueron expulsados de la plaza por la poblaci\u00f3n (Lucha Ind\u00edgena, junio de 2012). Las rondas campesinas detuvieron a soldados por intentar prostituir a menores.<\/p>\n<p>La participaci\u00f3n de las rondas campesinas en el conflicto por el agua y contra la miner\u00eda anticipa el fracaso del gobierno pese al env\u00edo de militares. Instrumento de las comunidades campesinas, las rondas jugaron un papel determinante en la derrota militar de Sendero Luminoso en la d\u00e9cada de 1990. Tienen enorme prestigio, aceitada organizaci\u00f3n, fuerte respaldo entre los de abajo que las integran y dirigen y no se dejan impresionar por enemigos armados.<\/p>\n<p>Es cierto, como se ha se\u00f1alado, que Humala realiz\u00f3 un fuerte giro a la derecha, aunque sigue siendo \u00abprogresista\u00bb en comparaci\u00f3n con el fascismo de Keiko. Lo esencial est\u00e1 en otro lugar. El triunfo de Humala cre\u00f3 una nueva situaci\u00f3n pol\u00edtica en Per\u00fa que fue interpretada por los sectores populares como el momento para dar un salto adelante en la larga resistencia contra la miner\u00eda.<\/p>\n<p>El olfato pol\u00edtico de Hugo Blanco, que observa y siente la pol\u00edtica desde abajo, sintetiz\u00f3 la nueva coyuntura en el reciente Foro Nacional de Educaci\u00f3n para el Cambio Social realizado en Rosario, Argentina: \u00abSi hubiera ganado Keiko la gente estar\u00eda muy desmoralizada, pero al ganar Humala sintieron que ganaron ellos. Por eso ahora se sienten traicionados y con derecho a protestar. La Marcha del Agua nunca podr\u00eda haberse hecho si no hubiera ganado Humala\u00bb.<\/p>\n<p>En efecto, la Marcha del Agua realizada en febrero entre Cajamarca y Lima fue la mayor acci\u00f3n colectiva en la capital realizada desde la \u00faltima fase de la resistencia al r\u00e9gimen de Fujimori hace m\u00e1s de una d\u00e9cada.<\/p>\n<p>El presidente de la Central de Rondas Campesinas de Ayavaca, provincia de Piura, donde se asienta la resistencia a la minera china Zijin, se\u00f1al\u00f3 en la marcha del 31 de mayo: \u00abLa causa principal por la que estamos aqu\u00ed es por la traici\u00f3n que el gobierno nos hizo. Optamos por darle la oportunidad a Ollanta Humala porque ofrec\u00eda defendernos, pero lamentablemente nos damos cuenta de que nos ha traicionado\u00bb (Lucha Ind\u00edgena, junio de 2012).<\/p>\n<p>En estos momentos est\u00e1n en juego en Per\u00fa dos cuestiones. En el plano de la relaciones interestatales, la disputa por Per\u00fa es clave tanto para Estados Unidos como para Brasil. Per\u00fa participa en la Alianza del Pac\u00edfico con Chile, Colombia y M\u00e9xico, que es la principal cu\u00f1a de Washington en la Unasur y la Celac. Para Brasil la alianza pol\u00edtica y militar con Per\u00fa es decisiva para consolidar su salida al Pac\u00edfico, ruta de su cuantioso comercio con China.<\/p>\n<p>Para los sectores populares, la coyuntura abierta con la elecci\u00f3n de Humala est\u00e1 significando la mayor reconstrucci\u00f3n de su capacidad de organizaci\u00f3n y movilizaci\u00f3n luego de la d\u00e9cada terrible de Fujimori (1990) y los gobiernos neoliberales de la d\u00e9cada de 2000, de Alejandro Toledo y Alan Garc\u00eda. El movimiento popular peruano, tanto en su vertiente urbana como campesino-ind\u00edgena, fue en los a\u00f1os 80 el m\u00e1s potente de la regi\u00f3n. Fue diezmado a bala, por derecha y por \u00abizquierda\u00bb. Ahora retom\u00f3 el camino y est\u00e1 volviendo a hablar en voz alta. Es un momento cr\u00edtico.<\/p>\n<p>&nbsp;<\/p>\n<p>(<em>Ra\u00fal Zibechi, La Jornada: 18.06.2012<\/em>)<\/p>\n","protected":false},"excerpt":{"rendered":"Diversos intelectuales y pol\u00edticos latinoamericanos y peruanos han criticado duramente al presidente Ollanta Humala, por considerar que ha traicionado el mandado para el \n<a class=\"moretag\" href=\"https:\/\/ctainternacionales.org\/?p=1315\"> [...]<\/a>","protected":false},"author":1,"featured_media":0,"comment_status":"closed","ping_status":"closed","sticky":false,"template":"","format":"standard","meta":{"ngg_post_thumbnail":0,"footnotes":""},"categories":[],"tags":[],"class_list":["post-1315","post","type-post","status-publish","format-standard","hentry"],"_links":{"self":[{"href":"https:\/\/ctainternacionales.org\/index.php?rest_route=\/wp\/v2\/posts\/1315","targetHints":{"allow":["GET"]}}],"collection":[{"href":"https:\/\/ctainternacionales.org\/index.php?rest_route=\/wp\/v2\/posts"}],"about":[{"href":"https:\/\/ctainternacionales.org\/index.php?rest_route=\/wp\/v2\/types\/post"}],"author":[{"embeddable":true,"href":"https:\/\/ctainternacionales.org\/index.php?rest_route=\/wp\/v2\/users\/1"}],"replies":[{"embeddable":true,"href":"https:\/\/ctainternacionales.org\/index.php?rest_route=%2Fwp%2Fv2%2Fcomments&post=1315"}],"version-history":[{"count":2,"href":"https:\/\/ctainternacionales.org\/index.php?rest_route=\/wp\/v2\/posts\/1315\/revisions"}],"predecessor-version":[{"id":1373,"href":"https:\/\/ctainternacionales.org\/index.php?rest_route=\/wp\/v2\/posts\/1315\/revisions\/1373"}],"wp:attachment":[{"href":"https:\/\/ctainternacionales.org\/index.php?rest_route=%2Fwp%2Fv2%2Fmedia&parent=1315"}],"wp:term":[{"taxonomy":"category","embeddable":true,"href":"https:\/\/ctainternacionales.org\/index.php?rest_route=%2Fwp%2Fv2%2Fcategories&post=1315"},{"taxonomy":"post_tag","embeddable":true,"href":"https:\/\/ctainternacionales.org\/index.php?rest_route=%2Fwp%2Fv2%2Ftags&post=1315"}],"curies":[{"name":"wp","href":"https:\/\/api.w.org\/{rel}","templated":true}]}}