{"id":1312,"date":"2012-06-19T02:11:37","date_gmt":"2012-06-19T02:11:37","guid":{"rendered":"http:\/\/www.ctainternacionales.org\/?p=1312"},"modified":"2012-07-02T23:24:09","modified_gmt":"2012-07-02T23:24:09","slug":"campesinos-asesinados","status":"publish","type":"post","link":"https:\/\/ctainternacionales.org\/?p=1312","title":{"rendered":"Campesinos asesinados"},"content":{"rendered":"<p>Siete de los 11 campesinos paraguayos muertos en choque con la polic\u00eda el pasado viernes durante el desalojo de las tierras que ocupaban fueron sepultados hoy en cementerios del distrito de Cunandey\u00fa.<!--more--><\/p>\n<p><em><strong>Siete de los 11 campesinos paraguayos muertos en choque con la polic\u00eda el pasado viernes durante el desalojo de las tierras que ocupaban fueron sepultados hoy en cementerios del distrito de Cunandey\u00fa., a m\u00e1s de 240 kil\u00f3metros de esta capital.<\/strong><\/em><\/p>\n<p>Aunque los familiares y compa\u00f1eros de las v\u00edctimas hab\u00edan planteado realizar el sepelio en la hacienda donde se registraron los incidentes, tras ser velados los cuerpos en una capilla de la iglesia Santa Luc\u00eda, se decidi\u00f3 el entierro en los camposantos del lugar.<\/p>\n<p>Centenares de personas acudieron, en medio de una pertinaz lluvia, a acompa\u00f1ar los humildes cajones en que fueron trasladados los restos para recibir sepultura.<\/p>\n<p>El dirigente de la organizaci\u00f3n de los campesinos sin tierra, Luis Aguayo, dijo que se acometer\u00e1 un plan de acci\u00f3n para exigir al Estado la recuperaci\u00f3n de las tierras obtenidas por los terratenientes en forma malhabida como las de la hacienda donde se desarrollaron los incidentes.<\/p>\n<p>Asegur\u00f3 que, en la muerte de 11 campesinos hubo acribillamiento y asesinatos, y ahora existe persecuci\u00f3n, porque no se permite a las personas siquiera preguntar por unos 50 detenidos.<\/p>\n<p>Por su parte, el nuevo ministro del Interior, Rub\u00e9n Cand\u00eda, anunci\u00f3 nuevo procedimiento para el mdesalojo de terrenos ocupados, el cual elimina el protocolo vigente que establec\u00eda el di\u00e1logo previo con presencia de autoridades civiles antes de la intervenci\u00f3n policial.<\/p>\n<p>El ministro no descart\u00f3 que personas infiltradas entre los ocupantes del predio en litigio hayan sido las responsables de los disparos contra la polic\u00eda originando el fatal desenlace de la operaci\u00f3n polic\u00edaca.<\/p>\n<p>El ministro rechaz\u00f3 las cr\u00edticas de organizaciones pol\u00edticas y sociales que realizaron hoy una manifestaci\u00f3n frente al ministerio repudiando su nombramiento y acus\u00e1ndolo de haber apoyado y encubierto torturas durante la dictadura de Alfredo Stroessner.<\/p>\n<p>Sus cr\u00edticos afirmaron que Cand\u00eda, militante del opositor Partido Colorado, durante su m\u00e1s reciente funci\u00f3n como Fiscal de la Rep\u00fablica, favoreci\u00f3 a terratenientes para mantener tierras supuestamente obtenidas en forma irregular.<\/p>\n<p>&nbsp;<\/p>\n<p>(<em>Prensa Latina: 18.06.2012<\/em>)<\/p>\n<p>&nbsp;<\/p>\n","protected":false},"excerpt":{"rendered":"Siete de los 11 campesinos paraguayos muertos en choque con la polic\u00eda el pasado viernes durante el desalojo de las tierras que ocupaban \n<a class=\"moretag\" href=\"https:\/\/ctainternacionales.org\/?p=1312\"> [...]<\/a>","protected":false},"author":1,"featured_media":0,"comment_status":"closed","ping_status":"closed","sticky":false,"template":"","format":"standard","meta":{"ngg_post_thumbnail":0,"footnotes":""},"categories":[],"tags":[],"class_list":["post-1312","post","type-post","status-publish","format-standard","hentry"],"_links":{"self":[{"href":"https:\/\/ctainternacionales.org\/index.php?rest_route=\/wp\/v2\/posts\/1312","targetHints":{"allow":["GET"]}}],"collection":[{"href":"https:\/\/ctainternacionales.org\/index.php?rest_route=\/wp\/v2\/posts"}],"about":[{"href":"https:\/\/ctainternacionales.org\/index.php?rest_route=\/wp\/v2\/types\/post"}],"author":[{"embeddable":true,"href":"https:\/\/ctainternacionales.org\/index.php?rest_route=\/wp\/v2\/users\/1"}],"replies":[{"embeddable":true,"href":"https:\/\/ctainternacionales.org\/index.php?rest_route=%2Fwp%2Fv2%2Fcomments&post=1312"}],"version-history":[{"count":3,"href":"https:\/\/ctainternacionales.org\/index.php?rest_route=\/wp\/v2\/posts\/1312\/revisions"}],"predecessor-version":[{"id":1362,"href":"https:\/\/ctainternacionales.org\/index.php?rest_route=\/wp\/v2\/posts\/1312\/revisions\/1362"}],"wp:attachment":[{"href":"https:\/\/ctainternacionales.org\/index.php?rest_route=%2Fwp%2Fv2%2Fmedia&parent=1312"}],"wp:term":[{"taxonomy":"category","embeddable":true,"href":"https:\/\/ctainternacionales.org\/index.php?rest_route=%2Fwp%2Fv2%2Fcategories&post=1312"},{"taxonomy":"post_tag","embeddable":true,"href":"https:\/\/ctainternacionales.org\/index.php?rest_route=%2Fwp%2Fv2%2Ftags&post=1312"}],"curies":[{"name":"wp","href":"https:\/\/api.w.org\/{rel}","templated":true}]}}