{"id":1301,"date":"2012-06-14T15:18:14","date_gmt":"2012-06-14T15:18:14","guid":{"rendered":"http:\/\/www.ctainternacionales.org\/?p=1301"},"modified":"2012-06-26T01:27:51","modified_gmt":"2012-06-26T01:27:51","slug":"asamblea-sindical-en-rio-de-janeiro","status":"publish","type":"post","link":"https:\/\/ctainternacionales.org\/?p=1301","title":{"rendered":"Asamblea sindical en R\u00edo de Janeiro"},"content":{"rendered":"<p lang=\"es-AR\" align=\"JUSTIFY\"><a href=\"http:\/\/www.ctainternacionales.org\/wp-content\/uploads\/2012\/06\/FITO-Grupo-Cambio-Climatico-1.redimensionado1.jpg\"><img loading=\"lazy\" decoding=\"async\" class=\"alignnone size-thumbnail wp-image-1303\" title=\"OLYMPUS DIGITAL CAMERA\" src=\"http:\/\/www.ctainternacionales.org\/wp-content\/uploads\/2012\/06\/FITO-Grupo-Cambio-Climatico-1.redimensionado1-307x230.jpg\" alt=\"\" width=\"307\" height=\"230\" \/><\/a><\/p>\n<p style=\"text-align: left;\" lang=\"es-AR\" align=\"JUSTIFY\">La CTA est\u00e1 presente en la segunda edici\u00f3n de la asamblea sindical sobre medioambiente, que se realiza en R\u00edo de Janeiro en el contexto de RIO+20, y buscar\u00e1 definir el accionar del movimiento sindical en esta \u00e1rea para los pr\u00f3ximos a\u00f1os.<\/p>\n<p style=\"text-align: left;\" lang=\"es-AR\" align=\"JUSTIFY\"><!--more--><\/p>\n<p style=\"text-align: left;\" lang=\"es-AR\" align=\"JUSTIFY\"><a href=\"http:\/\/www.ctainternacionales.org\/wp-content\/uploads\/2012\/06\/FITO-Grupo-Cambio-Climatico-1.redimensionado3.jpg\"><img loading=\"lazy\" decoding=\"async\" class=\"alignnone size-medium wp-image-1305\" title=\"OLYMPUS DIGITAL CAMERA\" src=\"http:\/\/www.ctainternacionales.org\/wp-content\/uploads\/2012\/06\/FITO-Grupo-Cambio-Climatico-1.redimensionado3-465x348.jpg\" alt=\"\" width=\"465\" height=\"348\" \/><\/a><\/p>\n<p style=\"text-align: left;\" lang=\"es-AR\" align=\"JUSTIFY\"><strong><em>La CTA esta presente en la segunda edici\u00f3n de la asamblea sindical sobre medioambiente, que se realiza en R\u00edo de Janeiro en el contexto de RIO+20, y buscar\u00e1 definir el accionar del movimiento sindical en esta \u00e1rea para los pr\u00f3ximos a\u00f1os.<\/em><\/strong><\/p>\n<p style=\"text-align: left;\" lang=\"es-AR\" align=\"JUSTIFY\">Por nuestra central participan Adolfo Aguirre, Secretario de Relaciones Internacionales; Mait\u00e9 Llanos y Joaqu\u00edn Turco, asesores de la misma secretaria. Tambi\u00e9n estuvieron presentes Jorge Yakobwski, Secretario de Salud Laboral, y Alejandro Marquez (CICOP-CTA).<\/p>\n<p style=\"text-align: left;\" lang=\"es-AR\" align=\"JUSTIFY\">La primera asamblea sindical fue realizada en 2006, y sent\u00f3 las bases del trabajo de la Confederaci\u00f3n Sindical Internacional (CSI) y la Confederaci\u00f3n Sindical de las Am\u00e9ricas (CSI) para los a\u00f1os subsiguientes. Esa asamblea influy\u00f3 en las agendas de las centrales nacionales para la preparaci\u00f3n y ejecuci\u00f3n de estrategias sobre cambio clim\u00e1tico y desarrollo.<\/p>\n<p style=\"text-align: left;\" lang=\"es-AR\" align=\"JUSTIFY\">Esta vez, se esta sesionando en plenarias y grupos de trabajo, donde la CTA coordina junto a la central LO Noruega el grupo de trabajo sobre cambio clim\u00e1tico y energ\u00eda. En el d\u00eda de ayer, el grupo trabaj\u00f3 en torno a un documento presentado por la CTA que permiti\u00f3 avanzar en acuerdos para el pr\u00f3ximo periodo, que se ver\u00e1n reflejadas en una resoluci\u00f3n final que ser\u00e1 presentada el d\u00eda de hoy.<\/p>\n<p style=\"text-align: left;\" lang=\"es-AR\" align=\"JUSTIFY\">Adolfo Aguirre abri\u00f3 el debate instando a crear un nuevo discurso y acci\u00f3n para el movimiento sindical. Ese discurso debe recuperar y valorizar la trayectoria hist\u00f3rica, pero entendiendo que para este nuevo ciclo, donde el capitalismo avanza sobre las fronteras de la naturaleza promoviendo una normativa internacional que permite la mercantilizaci\u00f3n y financiarizacion de los bienes comunes, los sindicatos tenemos que profundizar nuestro compromiso en la disputa por otro modelo de desarrollo, con justicia social y ambiental. Para esto, necesitamos trazar una nueva estrategia que incluya lobby y acci\u00f3n, y que promueva la construcci\u00f3n de alianzas para enfrentar este desaf\u00edo que es colocado a la humanidad.<\/p>\n<p style=\"text-align: left;\" lang=\"es-AR\" align=\"JUSTIFY\">Destacamos tambi\u00e9n la participaci\u00f3n activa de Jorge Yacobwksi y Alejandro Marquez en el grupo de Salud Laboral, uno de los centros de debates durante la asamblea.<\/p>\n<p style=\"text-align: left;\">Para ver la agenda de la conferencia y sus panelistas presione en el siguiente link: http:\/\/www.assemblyrio20.sustainlabour.org\/programe.php?lang=EN<\/p>\n<p style=\"text-align: left;\">(<em>14.06.2012<\/em>)<\/p>\n","protected":false},"excerpt":{"rendered":"La CTA est\u00e1 presente en la segunda edici\u00f3n de la asamblea sindical sobre medioambiente, que se realiza en R\u00edo de Janeiro en el \n<a class=\"moretag\" href=\"https:\/\/ctainternacionales.org\/?p=1301\"> [...]<\/a>","protected":false},"author":1,"featured_media":0,"comment_status":"closed","ping_status":"closed","sticky":false,"template":"","format":"standard","meta":{"ngg_post_thumbnail":0,"footnotes":""},"categories":[],"tags":[],"class_list":["post-1301","post","type-post","status-publish","format-standard","hentry"],"_links":{"self":[{"href":"https:\/\/ctainternacionales.org\/index.php?rest_route=\/wp\/v2\/posts\/1301","targetHints":{"allow":["GET"]}}],"collection":[{"href":"https:\/\/ctainternacionales.org\/index.php?rest_route=\/wp\/v2\/posts"}],"about":[{"href":"https:\/\/ctainternacionales.org\/index.php?rest_route=\/wp\/v2\/types\/post"}],"author":[{"embeddable":true,"href":"https:\/\/ctainternacionales.org\/index.php?rest_route=\/wp\/v2\/users\/1"}],"replies":[{"embeddable":true,"href":"https:\/\/ctainternacionales.org\/index.php?rest_route=%2Fwp%2Fv2%2Fcomments&post=1301"}],"version-history":[{"count":5,"href":"https:\/\/ctainternacionales.org\/index.php?rest_route=\/wp\/v2\/posts\/1301\/revisions"}],"predecessor-version":[{"id":1311,"href":"https:\/\/ctainternacionales.org\/index.php?rest_route=\/wp\/v2\/posts\/1301\/revisions\/1311"}],"wp:attachment":[{"href":"https:\/\/ctainternacionales.org\/index.php?rest_route=%2Fwp%2Fv2%2Fmedia&parent=1301"}],"wp:term":[{"taxonomy":"category","embeddable":true,"href":"https:\/\/ctainternacionales.org\/index.php?rest_route=%2Fwp%2Fv2%2Fcategories&post=1301"},{"taxonomy":"post_tag","embeddable":true,"href":"https:\/\/ctainternacionales.org\/index.php?rest_route=%2Fwp%2Fv2%2Ftags&post=1301"}],"curies":[{"name":"wp","href":"https:\/\/api.w.org\/{rel}","templated":true}]}}