{"id":1286,"date":"2012-06-08T01:54:58","date_gmt":"2012-06-08T01:54:58","guid":{"rendered":"http:\/\/www.ctainternacionales.org\/?p=1286"},"modified":"2012-06-26T04:22:22","modified_gmt":"2012-06-26T04:22:22","slug":"adios-a-un-revolucionario","status":"publish","type":"post","link":"https:\/\/ctainternacionales.org\/?p=1286","title":{"rendered":"Adios a un revolucionario"},"content":{"rendered":"<p>Tras una dolencia del coraz\u00f3n, que lo mantuvo internado tres semanas en una cl\u00ednica de La Paz, el de junio muri\u00f3 el escritor, pol\u00edtico y periodista boliviano Antonio Peredo Leigue.<!--more--><\/p>\n<p><em><strong>Tras una dolencia del coraz\u00f3n, que lo mantuvo internado tres semanas en una cl\u00ednica de La Paz, el de junio muri\u00f3 el escritor, pol\u00edtico y periodista boliviano Antonio Peredo Leigue.<\/strong><\/em><\/p>\n<p>Desde su juventud, Peredo fue un militante revolucionario. Primero miembro del Partido Comunista, posteriormente incursion\u00f3 en el periodismo y lleg\u00f3 a ser director del semanario Aqu\u00ed, fundando por el sacerdote jesuita, Luis Espinal y posteriormente se dedic\u00f3 a la docencia universitaria en la Universidad de San Andr\u00e9s.<\/p>\n<p>En su faceta de pol\u00edtico fue fundador del Movimiento Al Socialismo (MAS). En el periodo legislativo 2002-2005 fue diputado y en el periodo 2006-2009 fue senador de la Rep\u00fablica.<\/p>\n<p>En las elecciones de 2002 fue candidato vicepresidencial con el actual presidente Evo Morales.<\/p>\n<p>El vicepresidente \u00c1lvaro Garc\u00eda Linera, manifest\u00f3 similares muestras de pesar y dijo que \u00abdon Antonio Peredo fue un gran luchador por los ideales de una sociedad m\u00e1s justa, un compa\u00f1ero de una \u00e9tica pol\u00edtica ejemplar en la defensa constante de los intereses nacionales y la lucha por las reivindicaciones de los m\u00e1s oprimidos de este pa\u00eds\u00bb.<\/p>\n<p>Peredo, nacido en 1936 en la ciudad de Trinidad, fue parte de una familia ligada a lucha revolucionaria. Sus hermanos Roberto y Guido, m\u00e1s conocidos como \u00abCoco\u00bb e \u00abInti\u00bb, participaron de la lucha guerrillera en la d\u00e9cada de los 60. Inti falleci\u00f3 en la acci\u00f3n militar boliviana que desbarat\u00f3 la guerrilla lidera por el Che Guevara y Coco falleci\u00f3 en 1969, sin abandonar nunca la lucha.<\/p>\n<p>El \u00fanico hermano que queda vivo es Oswaldo \u201cchato\u201d Peredo, actualmente radicado en Santa Cruz.<\/p>\n<p>Peredo fue adem\u00e1s docente universitario y autor de varios libros.<\/p>\n<p>A continuaci\u00f3n reproducimos una entrevista que Mariano V\u00e1zquez, le realiz\u00f3 a Peredo, en Buenos Aires en el 2009.<\/p>\n<p>&nbsp;<\/p>\n<p><strong><span style=\"text-decoration: underline;\">El santo oficio de la memoria<\/span><\/strong><\/p>\n<p>El senador boliviano Antonio Peredo Leigue es de aquellos hombres imprescindibles para marcar el sendero. Inquebrantable. Leal a sus convicciones. Un ejemplo de coherencia tanto en la arena pol\u00edtica, como en su oficio de periodista. Carga con orgullo los honores de sus hermanos Roberto (Coco) y Guido (Inti), legendarios guerrilleros que lucharon junto a Ernesto Che Guevara en Bolivia.<\/p>\n<p>El senador del Movimiento al Socialismo (MAS), Antonio Peredo Leigue ha consagrado su vida como periodista y luchador social a estar siempre de lado de los humildes. Y en este di\u00e1logo con ACTA muestra esta fibra, que es parte de sus convicciones. Tambi\u00e9n habl\u00f3 sobre el proceso de cambio que el presidente Evo Morales Ayma lleva adelante en Bolivia y la trascendencia de las elecciones del 6 de diciembre.<\/p>\n<p>Apenas inicia la charla deja un recuerdo para sus hermanos Coco e Inti, combatientes leales en la guerrilla del Che en Bolivia en la segunda mitad de la d\u00e9cada de 1960: \u201cCargo los honores de mis hermanos, no son los m\u00edos\u201d, dice con humildad genuina.<\/p>\n<p>En la l\u00ednea del periodista argentino Rodolfo Wals, asesinado por la dictadura militar en 1977, quien en el pico m\u00e1ximo de represi\u00f3n dijo: \u201cEl terror se basa en la incomunicaci\u00f3n; rompa el aislamiento; vuelva a sentir la satisfacci\u00f3n moral de un acto de libertad\u201d, Peredo sentencia: \u201cSoy periodista de oficio, no cargo t\u00edtulo acad\u00e9mico. Cuando el arco iris era en blanco y negro comenc\u00e9 a trabajar en un seminario llamado `Izquierda\u2019. El periodista para mi tiene una condici\u00f3n pol\u00edtica. Mi oficio tiene una condici\u00f3n pol\u00edtica. Muchos me han llegado a decir que no pod\u00eda escribir lo que quisiera que `mi pluma est\u00e1 alquilada\u2019 y yo les dec\u00eda que la conciencia, la \u00e9tica y las convicciones no se alquilan. Esta conducta me ha permitido se parte de este proceso de cambio\u201d.<\/p>\n<p>En referencia al proceso de cambio que vive Bolivia explica: \u201cMe place se\u00f1alar que el pueblo boliviano estuvo buscando enlaces, ahora ya no, es parte de las decisiones, cada ind\u00edgena se siente Evo\u201d. Y agrega: \u201cLa Constituci\u00f3n de Bolivia no reflejaba a la mayor\u00eda de la poblaci\u00f3n, lo individual no es suficiente para expresar su cultura. El principio filos\u00f3fico debe modificarse para llegar a un cambio cultural. El concepto neoliberal es insuficiente. Los derechos de los pueblos originarios son distintos. El derecho del hombre termina cuando empieza el de la comunidad. El Ayllu, se practica en la comunidad, en las organizaciones sociales, en los sindicatos, en las Juntas de Vecinos, y choca con los par\u00e1metros del modelo neoliberal\u201d.<\/p>\n<p>Dijo que el cambio \u201ces dificultoso porque hay que desarmar el entramado de beneficios que durante muchos a\u00f1os tuvieron los grupos de poder\u201d y que no es solo \u201cuna lucha del pueblo boliviano, somos conscientes que necesitamos un proceso distinto de integraci\u00f3n latinoamericana. Por eso Unasur es un acontecimiento cultural de recuperaci\u00f3n de nuestra identidad latinoamericana luchando contra la intolerancia. Esa idea de que estamos rodeados de enemigos, es una idea del imperialismo, quien nos ha enemistado, y que es el mismo que nos ha empobrecido\u201d.<\/p>\n<p>P\u00e1ginas gloriosas son las que ha escrito el pueblo en los \u00faltimos a\u00f1os y el 6 de diciembre una nueva ser\u00e1 escrita: \u201cEl pueblo boliviano est\u00e1 activamente participando en las elecciones. M\u00e1s del 80% de los ciudadanos participan en el padr\u00f3n electoral desde 2002\u201d, subraya Peredo. \u201cHubo por los menos siete actos electorales entre votaciones y refer\u00e9ndum. En 2008 Evo fue ratificado con el 67% de los votos y tres a\u00f1os atr\u00e1s hab\u00eda obtenido casi el 54%. Propios senadores opositores dicen que en las pr\u00f3ximas elecciones Evo obtendr\u00eda 21 senadores sobre 36 posibles, en una c\u00e1mara que actualmente es contraria al Gobierno. Eso es un cambio radical. La \u00faltima encuesta le da a Evo el 54% de los votos, por lo que seguro sacaremos el 64%\u201d.<\/p>\n<p>Destac\u00f3 c\u00f3mo \u201chist\u00f3rica\u201d la flamante inscripci\u00f3n biom\u00e9trica de los votantes, este sistema que documenta huellas dactilares, fotograf\u00eda digital y firma, adem\u00e1s de los datos referidos a la identidad de la persona. Entre el 1 de agosto y el 15 de octubre, fecha l\u00edmite para la inscripci\u00f3n han sido registradas mediante este nuevo procedimiento 4.997.172 personas.<\/p>\n<p>De estas casi 5 millones de personas, por primera vez una parte de ellas son residentes bolivianos en el extranjero. En concreto 170.503, empadronadas en los diferentes centros habilitados en Buenos Aires, Sao Paulo, Nueva York, Madrid y Barcelona.<\/p>\n<p>El senador del MAS marc\u00f3 tambi\u00e9n la postura sobre la presencia imperial en la regi\u00f3n y sostuvo \u201cla oposici\u00f3n total a la instalaci\u00f3n de bases norteamericanas en Am\u00e9rica Latina\u201d como parte de la lucha \u201ccontra la injerencia norteamericana, aunque sea extremadamente dif\u00edcil\u201d.<\/p>\n<p>\u201cAntes de Evo -grafic\u00f3- la Embajada de los Estados Unidos en Bolivia era la mayor de Am\u00e9rica del Sur, ten\u00eda un personal acreditado que lleg\u00f3 a 1.800 integrantes. Con Evo han comenzado a salir pero no sabemos si siguen en Bolivia y su capacidad de da\u00f1o. En Bolivia ha sido expulsada la DEA y la USAID\u201d.<\/p>\n<p>Finalmente subray\u00f3 que \u201cel ALBA va a avanzar cualitativamente\u201d.<\/p>\n<p>&nbsp;<\/p>\n<p>(<em>07.06.2012<\/em>)<\/p>\n","protected":false},"excerpt":{"rendered":"Tras una dolencia del coraz\u00f3n, que lo mantuvo internado tres semanas en una cl\u00ednica de La Paz, el de junio muri\u00f3 el escritor, \n<a class=\"moretag\" href=\"https:\/\/ctainternacionales.org\/?p=1286\"> [...]<\/a>","protected":false},"author":1,"featured_media":0,"comment_status":"closed","ping_status":"closed","sticky":false,"template":"","format":"standard","meta":{"ngg_post_thumbnail":0,"footnotes":""},"categories":[],"tags":[],"class_list":["post-1286","post","type-post","status-publish","format-standard","hentry"],"_links":{"self":[{"href":"https:\/\/ctainternacionales.org\/index.php?rest_route=\/wp\/v2\/posts\/1286","targetHints":{"allow":["GET"]}}],"collection":[{"href":"https:\/\/ctainternacionales.org\/index.php?rest_route=\/wp\/v2\/posts"}],"about":[{"href":"https:\/\/ctainternacionales.org\/index.php?rest_route=\/wp\/v2\/types\/post"}],"author":[{"embeddable":true,"href":"https:\/\/ctainternacionales.org\/index.php?rest_route=\/wp\/v2\/users\/1"}],"replies":[{"embeddable":true,"href":"https:\/\/ctainternacionales.org\/index.php?rest_route=%2Fwp%2Fv2%2Fcomments&post=1286"}],"version-history":[{"count":2,"href":"https:\/\/ctainternacionales.org\/index.php?rest_route=\/wp\/v2\/posts\/1286\/revisions"}],"predecessor-version":[{"id":1348,"href":"https:\/\/ctainternacionales.org\/index.php?rest_route=\/wp\/v2\/posts\/1286\/revisions\/1348"}],"wp:attachment":[{"href":"https:\/\/ctainternacionales.org\/index.php?rest_route=%2Fwp%2Fv2%2Fmedia&parent=1286"}],"wp:term":[{"taxonomy":"category","embeddable":true,"href":"https:\/\/ctainternacionales.org\/index.php?rest_route=%2Fwp%2Fv2%2Fcategories&post=1286"},{"taxonomy":"post_tag","embeddable":true,"href":"https:\/\/ctainternacionales.org\/index.php?rest_route=%2Fwp%2Fv2%2Ftags&post=1286"}],"curies":[{"name":"wp","href":"https:\/\/api.w.org\/{rel}","templated":true}]}}