{"id":1278,"date":"2012-06-04T20:39:56","date_gmt":"2012-06-04T20:39:56","guid":{"rendered":"http:\/\/www.ctainternacionales.org\/?p=1278"},"modified":"2012-06-19T02:13:17","modified_gmt":"2012-06-19T02:13:17","slug":"foro-consultivo-del-mercosur","status":"publish","type":"post","link":"https:\/\/ctainternacionales.org\/?p=1278","title":{"rendered":"Foro Consultivo del Mercosur"},"content":{"rendered":"<p style=\"text-align: left;\" align=\"JUSTIFY\">Con la participaci\u00f3n activa de la Central de Trabajadores de la Argentina, el Foro Consultivo Econ\u00f3mico y Social Regional aprob\u00f3 la recomendaci\u00f3n sobre el desarrollo sustentable<!--more--><\/p>\n<p style=\"text-align: left;\" align=\"JUSTIFY\"><strong><em><\/em><em>Durante su \u00faltima reuni\u00f3n en Buenos Aires, el Foro Consultivo Econ\u00f3mico y Social (FCES), instancia org\u00e1nica del Mercosur de consulta con la sociedad civil, aprob\u00f3 una recomendaci\u00f3n sobre el desarrollo sustentable, en vistas de la cumbre de R\u00edo+20 a desarrollarse a fines de junio. La CTA particip\u00f3 activamente en este foro, mediante el consejero de la secretar\u00eda de relaciones internacionales Carlos Custer y la directora de esa secretar\u00eda, In\u00e9s Barboza.<\/em><\/strong><\/p>\n<p style=\"text-align: left;\" align=\"JUSTIFY\">En esta recomendaci\u00f3n fue importante el rol jugado por nuestra central, ya que una parte del documento final se bas\u00f3 en la la Declaraci\u00f3n de Buenos Aires, fruto de la Conferencia Internacional Hacia R\u00edo+20 organizada por CTA en marzo de este a\u00f1o y donde participaron centrales sindicales y movimientos sociales de toda la regi\u00f3n.<\/p>\n<p style=\"text-align: left;\" align=\"JUSTIFY\">La recomendaci\u00f3n afirma la necesidad de que los estados del Mercosur promuevan el desarrollo sustentable en sus cuatro dimensiones \u2013 econ\u00f3mica, social, ecol\u00f3gica y pol\u00edtica \u2013 incorporando cambios en los sistemas de consumo, producci\u00f3n y distribuci\u00f3n. A su vez, remarca la necesidad de garantizar la &#8216;transici\u00f3n justa&#8217; hacia una econom\u00eda de bajas emisiones y que se garanticen los recursos financieros para la adaptaci\u00f3n y mitigaci\u00f3n de la crisis ambiental.<\/p>\n<p style=\"text-align: left;\" align=\"JUSTIFY\">Cabe destacar que el FCES es un organismo donde participan organizaciones sindicales, del sector empresarial, del tercer sector (Confederaci\u00f3n de profesionales, liga de consumidores, cooperativas), con lo cual una declaraci\u00f3n relativamente favorable a los intereses de los trabajadores debe ser remarcada.<\/p>\n<p style=\"text-align: left;\" align=\"JUSTIFY\">Esta recomendaci\u00f3n fue iniciativa del cap\u00edtulo argentino del FCES, luego elevada a la plenaria regional del mismo, donde participan organizaciones de los tres sectores de los cuatro pa\u00edses miembros del Mercosur (Uruguay, Paraguay, Argentina y Brasil). Fue la \u00fanica recomendaci\u00f3n aprobada en todo el a\u00f1o a nivel regional, con lo cual tiene mayor impulso para ser considerada por los gobiernos de la regi\u00f3n.<\/p>\n<p style=\"text-align: left;\" align=\"JUSTIFY\"><em>(04.06.12)<\/em><\/p>\n","protected":false},"excerpt":{"rendered":"Con la participaci\u00f3n activa de la Central de Trabajadores de la Argentina, el Foro Consultivo Econ\u00f3mico y Social Regional aprob\u00f3 la recomendaci\u00f3n sobre \n<a class=\"moretag\" href=\"https:\/\/ctainternacionales.org\/?p=1278\"> [...]<\/a>","protected":false},"author":1,"featured_media":0,"comment_status":"closed","ping_status":"closed","sticky":false,"template":"","format":"standard","meta":{"ngg_post_thumbnail":0,"footnotes":""},"categories":[],"tags":[],"class_list":["post-1278","post","type-post","status-publish","format-standard","hentry"],"_links":{"self":[{"href":"https:\/\/ctainternacionales.org\/index.php?rest_route=\/wp\/v2\/posts\/1278","targetHints":{"allow":["GET"]}}],"collection":[{"href":"https:\/\/ctainternacionales.org\/index.php?rest_route=\/wp\/v2\/posts"}],"about":[{"href":"https:\/\/ctainternacionales.org\/index.php?rest_route=\/wp\/v2\/types\/post"}],"author":[{"embeddable":true,"href":"https:\/\/ctainternacionales.org\/index.php?rest_route=\/wp\/v2\/users\/1"}],"replies":[{"embeddable":true,"href":"https:\/\/ctainternacionales.org\/index.php?rest_route=%2Fwp%2Fv2%2Fcomments&post=1278"}],"version-history":[{"count":7,"href":"https:\/\/ctainternacionales.org\/index.php?rest_route=\/wp\/v2\/posts\/1278\/revisions"}],"predecessor-version":[{"id":1314,"href":"https:\/\/ctainternacionales.org\/index.php?rest_route=\/wp\/v2\/posts\/1278\/revisions\/1314"}],"wp:attachment":[{"href":"https:\/\/ctainternacionales.org\/index.php?rest_route=%2Fwp%2Fv2%2Fmedia&parent=1278"}],"wp:term":[{"taxonomy":"category","embeddable":true,"href":"https:\/\/ctainternacionales.org\/index.php?rest_route=%2Fwp%2Fv2%2Fcategories&post=1278"},{"taxonomy":"post_tag","embeddable":true,"href":"https:\/\/ctainternacionales.org\/index.php?rest_route=%2Fwp%2Fv2%2Ftags&post=1278"}],"curies":[{"name":"wp","href":"https:\/\/api.w.org\/{rel}","templated":true}]}}