{"id":1258,"date":"2012-05-31T16:27:25","date_gmt":"2012-05-31T16:27:25","guid":{"rendered":"http:\/\/www.ctainternacionales.org\/?p=1258"},"modified":"2012-06-13T00:58:48","modified_gmt":"2012-06-13T00:58:48","slug":"unidad-y-movilizacion","status":"publish","type":"post","link":"https:\/\/ctainternacionales.org\/?p=1258","title":{"rendered":"Unidad y movilizaci\u00f3n"},"content":{"rendered":"<p>El secretario general de la CTA, Pablo Micheli, dio un encendido discurso en el marco del V Encuentro Sindical Nuestra Am\u00e9rica que se realiz\u00f3 la semana pasada en M\u00e9xico.<!--more--><\/p>\n<p><em><strong>El secretario general de la CTA, Pablo Micheli, dio un encendido discurso en el marco del V Encuentro Sindical Nuestra Am\u00e9rica que se realiz\u00f3 la semana pasada en M\u00e9xico. All\u00ed abog\u00f3 por la unidad y la movilizaci\u00f3n de masas para garantizar las transformaciones que Latinoam\u00e9rica necesita y la indispensable autonom\u00eda de los gobiernos.<\/strong><\/em><\/p>\n<p>Entre el 21 y el 23 de mayo se realiz\u00f3 en M\u00e9xico el V\u00b0 Encuentro Sindical Nuestra Am\u00e9rica (ESNA) con la presencia de 205 delegados internacionales, que representan a 20 pa\u00edses del continente, y 300 delegados mexicanos representando a los 21 estados locales.<\/p>\n<p>En ese marco, Pablo Micheli, secretario general de la CTA encabez\u00f3 una importante delegaci\u00f3n argentina integrada, entre otros, por V\u00edctor Mendibil (FJA), Julio Fuentes (ATE), Guillermo D\u00edaz (UOM Villa Constituci\u00f3n), Julio Gambina, presidente de la Fundaci\u00f3n de Investigaciones Sociales y Pol\u00edticas (FISYP), entre otros representantes de la CTA.<\/p>\n<p>En el marco de dicho encuentro internacional Pablo Micheli tuvo la oportunidad de dirigirse a los m\u00e1s de 500 delegados mexicanos e internacionales reunidos en las instalaciones del Sindicato Mexicano de Electricistas (SME).<\/p>\n<p>All\u00ed Micheli agradeci\u00f3 la invitaci\u00f3n en nombre de la CTA y salud\u00f3 especialmente a los compa\u00f1eros del SME por la atenci\u00f3n recibida y por su ejemplo de dignidad y resistencia.<\/p>\n<p>En su alocuci\u00f3n se refiri\u00f3 a la crisis mundial del capitalismo y, en especial, a la gran resistencia de los pueblos en Europa que no siempre son acompa\u00f1ados por las centrales sindicales.<\/p>\n<p>El dirigente de la CTA se refiri\u00f3 a la situaci\u00f3n latinoamericana al cumplirse 20 a\u00f1os de la Cumbre de R\u00edo, sobre la pr\u00f3xima participaci\u00f3n en el encuentro R\u00edo+20 y, a trav\u00e9s de estad\u00edsticas, c\u00f3mo las cosas no han cambiado demasiado. En ese sentido destac\u00f3 que las organizaciones de trabajadores latinoamericanas deber\u00edamos interpelarnos sobre nuestro papel y la independencia necesaria de los gobiernos progresistas o no. Exceptuando, en ese an\u00e1lisis, el caso cubano y la Venezuela de Chavez \u201cdonde pueblo y gobierno son un mismo pu\u00f1o pero en el resto de los pa\u00edses los gobiernos poco tienen en cuenta a los sindicatos y los movimiento sociales\u201d.<\/p>\n<p>En ese mismo sentido manifest\u00f3 que \u201cel poder de la clase trabajadora debe estar al margen de los vaivenes de los propios gobiernos, sin ser indiferentes, pero manteniendo nuestra autonom\u00eda m\u00e1s all\u00e1 de los procesos electorales. Pero para eso es indispensable construir unidad y movilizaci\u00f3n de masas para garantizar las transformaciones necesarias\u201d.<\/p>\n<p>Inst\u00f3 a los presente a consolidar el Encuentro Sindical Nuestra Am\u00e9rica en cada pa\u00eds y en cada regi\u00f3n, apoy\u00f3 la lucha de los electricistas mexicanos y record\u00f3 a viva voz que \u201cLas Malvinas son argentinas y de Latinoam\u00e9rica\u201d.<\/p>\n<p>Finaliz\u00f3 su intervenci\u00f3n parafraseando a Jos\u00e9 Mart\u00ed:\u201cSolo hacemos lo que debemos, no lo que queremos o podemos. Hag\u00e1moslo o la historia no nos absolver\u00e1\u201d.<\/p>\n<p>&nbsp;<\/p>\n<p>(<em>ACTA: 31.05.2012<\/em>)<\/p>\n","protected":false},"excerpt":{"rendered":"El secretario general de la CTA, Pablo Micheli, dio un encendido discurso en el marco del V Encuentro Sindical Nuestra Am\u00e9rica que se \n<a class=\"moretag\" href=\"https:\/\/ctainternacionales.org\/?p=1258\"> [...]<\/a>","protected":false},"author":1,"featured_media":0,"comment_status":"closed","ping_status":"closed","sticky":false,"template":"","format":"standard","meta":{"ngg_post_thumbnail":0,"footnotes":""},"categories":[],"tags":[],"class_list":["post-1258","post","type-post","status-publish","format-standard","hentry"],"_links":{"self":[{"href":"https:\/\/ctainternacionales.org\/index.php?rest_route=\/wp\/v2\/posts\/1258","targetHints":{"allow":["GET"]}}],"collection":[{"href":"https:\/\/ctainternacionales.org\/index.php?rest_route=\/wp\/v2\/posts"}],"about":[{"href":"https:\/\/ctainternacionales.org\/index.php?rest_route=\/wp\/v2\/types\/post"}],"author":[{"embeddable":true,"href":"https:\/\/ctainternacionales.org\/index.php?rest_route=\/wp\/v2\/users\/1"}],"replies":[{"embeddable":true,"href":"https:\/\/ctainternacionales.org\/index.php?rest_route=%2Fwp%2Fv2%2Fcomments&post=1258"}],"version-history":[{"count":4,"href":"https:\/\/ctainternacionales.org\/index.php?rest_route=\/wp\/v2\/posts\/1258\/revisions"}],"predecessor-version":[{"id":1260,"href":"https:\/\/ctainternacionales.org\/index.php?rest_route=\/wp\/v2\/posts\/1258\/revisions\/1260"}],"wp:attachment":[{"href":"https:\/\/ctainternacionales.org\/index.php?rest_route=%2Fwp%2Fv2%2Fmedia&parent=1258"}],"wp:term":[{"taxonomy":"category","embeddable":true,"href":"https:\/\/ctainternacionales.org\/index.php?rest_route=%2Fwp%2Fv2%2Fcategories&post=1258"},{"taxonomy":"post_tag","embeddable":true,"href":"https:\/\/ctainternacionales.org\/index.php?rest_route=%2Fwp%2Fv2%2Ftags&post=1258"}],"curies":[{"name":"wp","href":"https:\/\/api.w.org\/{rel}","templated":true}]}}