{"id":1253,"date":"2012-05-30T17:27:01","date_gmt":"2012-05-30T17:27:01","guid":{"rendered":"http:\/\/www.ctainternacionales.org\/?p=1253"},"modified":"2012-06-14T00:47:04","modified_gmt":"2012-06-14T00:47:04","slug":"caceloras-quebecois","status":"publish","type":"post","link":"https:\/\/ctainternacionales.org\/?p=1253","title":{"rendered":"Cacerolas quebecois"},"content":{"rendered":"<p align=\"LEFT\">Las cacerolas han regresado a la escena de la protesta, esta vez en Quebec, la provincia franc\u00f3fona de Canad\u00e1. El motivo: el rechazo masivo del movimiento estudiantil al aumento de aranceles universitarios.<!--more--><\/p>\n<p align=\"LEFT\"><em><strong>Las cacerolas han regresado a la escena de la protesta, esta vez en Quebec, la provincia franc\u00f3fona de Canad\u00e1. El motivo: el rechazo masivo del movimiento estudiantil al aumento de aranceles universitarios.<\/strong><\/em><\/p>\n<p align=\"LEFT\">En febrero, el primer ministro de la provincia, Jean Charest, del Partido Liberal (el equivalente al Partido Dem\u00f3crata de los Estados Unidos) anunci\u00f3 un plan de aumento de los aranceles universitarios de un 75 por ciento en los pr\u00f3ximos 5 a\u00f1os. El anuncio gener\u00f3 un amplio rechazo en los movimientos estudiantiles que respondieron con masivas movilizaciones y cacerolazos, de hasta 200.000 personas en Montreal, la principal ciudad de la regi\u00f3n.<\/p>\n<p align=\"LEFT\">El sistema educativo canadiense, tal como el de Estados Unidos y el Reino Unido, es predominantemente p\u00fablico pero con aranceles. El costo de los mismos se ha disparado en la \u00faltima d\u00e9cada, como parte de los planes econ\u00f3micos de sucesivos gobiernos de corte neoliberal. Para cubrirlos, los gobiernos, y los bancos, gestionan cr\u00e9ditos con bajos intereses a pagar una vez terminada la carrera. El problema es que lo altos costos de las carreras, sumados a los intereses que se acumulan por esos cr\u00e9ditos, llevan a terminar la carrera universitaria con deudas masivas. M\u00e1s del 60 por ciento de los estudiantes canadienses termina su carrera universitaria y comienza su carrera laboral, con una deuda superior a los 27.000 d\u00f3lares canadienses de promedio (unos 26,000 d\u00f3lares estadounidenses), que se torna impagable para la mayor\u00eda. El aumento arancelario va de la mano de recortes en los presupuestos educativos, lo que lleva a las universidades a buscar donaciones millonarias de famosos fil\u00e1ntropos. Esta carrera por donaciones lentamente privatiza los campus universitarios y lleva a priorizar carreras de acuerdo a los objetivos del donante y no de la universidad.<\/p>\n<p align=\"LEFT\">La situaci\u00f3n de movilizaci\u00f3n en la que se encuentra el movimiento estudiantil en Quebec se profundiz\u00f3 a\u00fan m\u00e1s con la reacci\u00f3n, reaccionaria dicho sea de paso, del gobierno de ese estado. Considerando la incapacidad de controlar al movimiento estudiantil, la Asamblea (congreso) de Quebec aprob\u00f3 el \u00faltimo 18 de mayo la Ley 78, que propone recortar la capacidad de movilizaci\u00f3n de los estudiantes. Esta norma exige que una reuni\u00f3n de 50 o m\u00e1s personas tiene que ser avisada y justificada como m\u00ednimo ocho horas antes a la polic\u00eda, que adem\u00e1s tiene el poder de determinar el recorrido de la misma; en los hechos, al prohibir la protesta espont\u00e1nea. Para colmo, ninguna puede ser realizada despu\u00e9s de las 8 de la noche. A su vez, impone la prohibici\u00f3n de que cualquier manifestaci\u00f3n que altere el normal funcionamiento de los establecimientos educativos, por lo que el personal administrativo y docente no pueden participar de las protestas de los estudiantes. En caso de no cumplir con estos requisitos, los manifestantes corren el riesgo de c\u00e1rcel y multas econ\u00f3micas, de hasta 5.000 d\u00f3lares por participante y 125.000 por organizaci\u00f3n si se prueba que esta organiza la protesta.<\/p>\n<p align=\"LEFT\">Por otra parte, organizaciones de derechos humanos tambi\u00e9n expresaron su condena a la ley 78, argumentando que va contra los principios de la Carta de Derechos Humanos canadiense, y de la Declaraci\u00f3n de Derechos Humanos de la ONU, de la cual Canad\u00e1 es firmante.<\/p>\n<p align=\"LEFT\">La aplicaci\u00f3n de esta ley ha producido cientos de arrestos desde su sanci\u00f3n, hace menos de dos semanas. La Ley 78 ha hecho lo opuesto a lo pensado, ya que reforz\u00f3 las masivas movilizaciones estudiantiles, y adem\u00e1s le sumo al movimiento sindical a las protestas. La Confederaci\u00f3n Nacional de Sindicatos (CSN, m\u00e1ximo representante sindical en Queb\u00e9c) expres\u00f3 su rechazo a la norma, ya que ataca a la libertad de expresi\u00f3n y de organizaci\u00f3n.<\/p>\n<p align=\"LEFT\">No s\u00f3lo eso. El movimiento estudiantil, y la respuesta del gobierno, parecen haber movido el avispero en todo Canad\u00e1, siendo punta de lanza de cr\u00edticas a los dem\u00e1s ejecutivos provinciales y al nacional. Los a\u00f1os de gobiernos neoliberales han pasado con una baja politizaci\u00f3n y respuesta por parte de la poblaci\u00f3n. Como en el resto del mundo, son las movilizaciones juveniles las que logran hacer reaccionar al resto de la poblaci\u00f3n. Bienvenidas sean las cacerolas, entonces.<\/p>\n<p align=\"LEFT\">(<em>Bruno Dobrusin: 30.05.2012<\/em>)<\/p>\n","protected":false},"excerpt":{"rendered":"Las cacerolas han regresado a la escena de la protesta, esta vez en Quebec, la provincia franc\u00f3fona de Canad\u00e1. El motivo: el rechazo \n<a class=\"moretag\" href=\"https:\/\/ctainternacionales.org\/?p=1253\"> [...]<\/a>","protected":false},"author":1,"featured_media":0,"comment_status":"closed","ping_status":"closed","sticky":false,"template":"","format":"standard","meta":{"ngg_post_thumbnail":0,"footnotes":""},"categories":[],"tags":[],"class_list":["post-1253","post","type-post","status-publish","format-standard","hentry"],"_links":{"self":[{"href":"https:\/\/ctainternacionales.org\/index.php?rest_route=\/wp\/v2\/posts\/1253","targetHints":{"allow":["GET"]}}],"collection":[{"href":"https:\/\/ctainternacionales.org\/index.php?rest_route=\/wp\/v2\/posts"}],"about":[{"href":"https:\/\/ctainternacionales.org\/index.php?rest_route=\/wp\/v2\/types\/post"}],"author":[{"embeddable":true,"href":"https:\/\/ctainternacionales.org\/index.php?rest_route=\/wp\/v2\/users\/1"}],"replies":[{"embeddable":true,"href":"https:\/\/ctainternacionales.org\/index.php?rest_route=%2Fwp%2Fv2%2Fcomments&post=1253"}],"version-history":[{"count":4,"href":"https:\/\/ctainternacionales.org\/index.php?rest_route=\/wp\/v2\/posts\/1253\/revisions"}],"predecessor-version":[{"id":1300,"href":"https:\/\/ctainternacionales.org\/index.php?rest_route=\/wp\/v2\/posts\/1253\/revisions\/1300"}],"wp:attachment":[{"href":"https:\/\/ctainternacionales.org\/index.php?rest_route=%2Fwp%2Fv2%2Fmedia&parent=1253"}],"wp:term":[{"taxonomy":"category","embeddable":true,"href":"https:\/\/ctainternacionales.org\/index.php?rest_route=%2Fwp%2Fv2%2Fcategories&post=1253"},{"taxonomy":"post_tag","embeddable":true,"href":"https:\/\/ctainternacionales.org\/index.php?rest_route=%2Fwp%2Fv2%2Ftags&post=1253"}],"curies":[{"name":"wp","href":"https:\/\/api.w.org\/{rel}","templated":true}]}}