{"id":1246,"date":"2012-05-28T19:23:44","date_gmt":"2012-05-28T19:23:44","guid":{"rendered":"http:\/\/www.ctainternacionales.org\/?p=1246"},"modified":"2012-06-20T15:35:10","modified_gmt":"2012-06-20T15:35:10","slug":"nuestra-obsesion-tiene-que-ser-organizar-organizar-y-organizar","status":"publish","type":"post","link":"https:\/\/ctainternacionales.org\/?p=1246","title":{"rendered":"\u201cNuestra obsesi\u00f3n tiene que ser organizar, organizar y organizar\u201d"},"content":{"rendered":"<p><a href=\"http:\/\/www.ctainternacionales.org\/wp-content\/uploads\/2012\/05\/DSC_00501.jpg\"><img loading=\"lazy\" decoding=\"async\" class=\"alignnone size-thumbnail wp-image-1248\" title=\"DSC_0050\" src=\"http:\/\/www.ctainternacionales.org\/wp-content\/uploads\/2012\/05\/DSC_00501-307x204.jpg\" alt=\"\" width=\"307\" height=\"204\" \/><\/a>La secretaria de Pol\u00edtica Sindical y Educaci\u00f3n de la CSA, Amanda Villatoro, visit\u00f3 la sede nacional de la CTA y habl\u00f3 sobre los desaf\u00edos de formaci\u00f3n que se abren para el movimiento sindical y el rol clave de la central obrera argentina al respecto. \u201cNecesitamos nuevas t\u00e9cnicas para la acci\u00f3n sindical, estamos obligados a usar nuevas herramientas para militar y movilizar, romper la brecha digital\u201d, argument\u00f3.<!--more--><\/p>\n<p><em><strong><a href=\"http:\/\/www.ctainternacionales.org\/wp-content\/uploads\/2012\/05\/DSC_00502.jpg\"><img loading=\"lazy\" decoding=\"async\" class=\"alignnone size-medium wp-image-1249\" title=\"DSC_0050\" src=\"http:\/\/www.ctainternacionales.org\/wp-content\/uploads\/2012\/05\/DSC_00502-465x310.jpg\" alt=\"\" width=\"465\" height=\"310\" \/><\/a>La secretaria de Pol\u00edtica Sindical y Educaci\u00f3n de la CSA, Amanda Villatoro, visit\u00f3 la sede nacional de la CTA y habl\u00f3 sobre los desaf\u00edos de formaci\u00f3n que se abren para el movimiento sindical y el rol clave de la central obrera argentina al respecto. \u201cNecesitamos nuevas t\u00e9cnicas para la acci\u00f3n sindical, estamos obligados a usar nuevas herramientas para militar y movilizar, romper la brecha digital\u201d, argument\u00f3.<\/strong><\/em><\/p>\n<p>La costarricense Amanda Villatoro habla con convicci\u00f3n y claridad sobre las necesidades b\u00e1sicas del movimiento sindical de las Am\u00e9ricas: organizaci\u00f3n, unidad, formaci\u00f3n, son las tres palabras que m\u00e1s usa durante esta charla con el portal CTA-Internacionales: \u201cNuestra obsesi\u00f3n tiene que ser organizar, organizar y organizar\u201d, clam\u00f3; \u201cnuestra acci\u00f3n unitaria est\u00e1 en una primera fase\u201d, predijo; \u201cnecesitamos nuevas t\u00e9cnicas para la acci\u00f3n sindical, estamos obligados a usar nuevas herramientas para militar y movilizar, romper la brecha digital\u201d, argument\u00f3.<\/p>\n<p>Integrante del Secretariado Ejecutivo de la Confederaci\u00f3n Sindical de las Am\u00e9ricas (CSA) remarca la importancia de la \u201cvoz de la CTA en la construcci\u00f3n de este movimiento sindical internacionalista\u201d, dijo ante la mirada atenta del secretario de Relaciones Internacionales, Adolfo \u201cFito\u201d Aguirre, quien le inform\u00f3 del accionar de la central obrera en los \u00faltimos meses.<\/p>\n<p>En referencia a la CSA, que realiz\u00f3 su 2\u00ba Congreso continental en Foz de Iguaz\u00fa en abril pasado, dijo \u201ctenemos la oportunidad de ayudar a construir la organizaci\u00f3n que m\u00e1s se nos parezca y ah\u00ed la voz del sindicalismo independiente nos abre a otras culturas (sindicales)\u201d. A lo que Aguirre le cont\u00f3 que en el 3\u00ba Consejo Federal de la CTA, que re\u00fane a los 200 dirigentes m\u00e1ximos de la central de todo el pa\u00eds \u201cse elogi\u00f3 el encuentro de la CSA, donde consolidamos nuestra presencia y nuestro compromiso\u201d.<\/p>\n<p>Villatoro subray\u00f3 que desde esta confederaci\u00f3n \u201clogramos articular distintas sensibilidades y culturas y mostrar una organizaci\u00f3n fuerte, muy por encima de nuestros pron\u00f3sticos\u201d, al tiempo que destac\u00f3 que \u201cahora afrontamos una etapa de profundizaci\u00f3n de la unidad y de m\u00e1s apertura para los que no est\u00e1n\u201d, y que otros de los objetivos es apuntalar \u201cuna pol\u00edtica para las federaciones internacionales\u201d.<\/p>\n<p>En este \u00faltimo punto, Aguirre le explic\u00f3 que la CTA \u201cha incorporado a sus organizaci\u00f3n a 20 mil nuevos trabajadores del Ingenio Ledesma en la provincia (norte\u00f1a) de Jujuy, el m\u00e1s grande del mundo, estamos dialogando con las centrales brasile\u00f1as CUT y Forza Sindical para optimizar la organizaci\u00f3n en el sector y tambi\u00e9n unirnos a la UITA (Uni\u00f3n Internacional de Trabajadores de la Alimentaci\u00f3n, Agr\u00edcolas, Hoteles, Restaurantes, Tabaco y Afines) para tener estrategias globales\u201d.<\/p>\n<p>A lo que la secretaria de Pol\u00edtica Sindical y Educaci\u00f3n de la CSA respondi\u00f3 aseverando que \u201cla CTA empiece a incidir en la UITA es estrat\u00e9gico por la importancia que esta tiene en toda la industria y el comercio internacional\u201d. Y agreg\u00f3: \u201cLa UITA puede con la CTA construir una visi\u00f3n del sur, el \u00e1rea andina, y Am\u00e9rica Central, en ese corredor de la industria bananera y del az\u00facar\u201d. Al respecto destac\u00f3 el curso de formaci\u00f3n profesional y de certificaci\u00f3n de competencias laborales que la OITllev\u00f3 a cabo con el sector azucarero de M\u00e9xico\u201d.<\/p>\n<p>El titular de Internacionales de CTA tambi\u00e9n record\u00f3 \u201clos convenios de colaboraci\u00f3n intersindical que tenemos con la COB (Central Obrera Boliviana) para salvaguardar derechos a uno y otro lado de la frontera\u201d. Villatorio dijo que \u201cnecesitamos a la COB, sus aportes y su voz\u201d.<\/p>\n<p>Continuando con el fortalecimiento de la CSA se\u00f1al\u00f3 que el encuentro internacional sobre cambio clim\u00e1tico y medio ambiente que se realizar\u00e1 en junio en R\u00edo de Janeiro, conocido como \u201cR\u00edo+20\u201d, \u201cser\u00e1 una oportunidad grandiosa de visibilidad, persistencia y propuesta de los trabajadores de este lado del mundo\u201d.<\/p>\n<p>Ante la inminente Conferencia Internacional del Trabajo, que como todos los a\u00f1os se realizar\u00e1 en Ginebra, en la sede la Organizaci\u00f3n Internacional del Trabajo, la dirigente oriunda de Costa Rica, remarc\u00f3 que la misma \u201ctendr\u00e1 dos temas muy caros a la lucha de los trabajadores: el primero, la seguridad social, que disputa el coraz\u00f3n del modelo y donde estamos ganando una buena parte de la hegemon\u00eda del sistema; el segundo, son los j\u00f3venes, el \u00faltimo informe de la OIT muestra que en el mundo hay 1.200 millones de j\u00f3venes de entre 16 y 26 a\u00f1os sin empleo y 1.000 millones est\u00e1n en el Tercer Mundo, no est\u00e1n ni en el \u00faltimo vag\u00f3n ni en el tren. Es el peor rostro de la exclusi\u00f3n, por eso tenemos que organizarlos, hoy la frontera entre ser explotado y excluido es muy tenue, por lo que para estos j\u00f3venes identificarse como clase es imposible\u201d.<\/p>\n<p>En referencia a la problem\u00e1tica de la inmigraci\u00f3n: \u201cLa explotaci\u00f3n del migrante tiene que ver con el modelo de acumulaci\u00f3n de los pa\u00edses del centro, nos obliga a hacer lecturas objetivas y tener propuestas\u201d, demand\u00f3 Villatoro.<\/p>\n<p>Del encuentro en la sede nacional ceteatista tambi\u00e9n participaron los dirigentes Viviana Garc\u00eda, Jorge Portel y Dora Mart\u00ednez, adem\u00e1s Carlos Custer, Rodolfo C\u00f3rdoba y Mait\u00e9 Llanos.<\/p>\n<p>&nbsp;<\/p>\n<p>(<em>Mariano V\u00e1zquez: 27.05.2012<\/em>)<\/p>\n<p>&nbsp;<\/p>\n","protected":false},"excerpt":{"rendered":"La secretaria de Pol\u00edtica Sindical y Educaci\u00f3n de la CSA, Amanda Villatoro, visit\u00f3 la sede nacional de la CTA y habl\u00f3 sobre los \n<a class=\"moretag\" href=\"https:\/\/ctainternacionales.org\/?p=1246\"> [...]<\/a>","protected":false},"author":1,"featured_media":0,"comment_status":"closed","ping_status":"closed","sticky":false,"template":"","format":"standard","meta":{"ngg_post_thumbnail":0,"footnotes":""},"categories":[],"tags":[],"class_list":["post-1246","post","type-post","status-publish","format-standard","hentry"],"_links":{"self":[{"href":"https:\/\/ctainternacionales.org\/index.php?rest_route=\/wp\/v2\/posts\/1246","targetHints":{"allow":["GET"]}}],"collection":[{"href":"https:\/\/ctainternacionales.org\/index.php?rest_route=\/wp\/v2\/posts"}],"about":[{"href":"https:\/\/ctainternacionales.org\/index.php?rest_route=\/wp\/v2\/types\/post"}],"author":[{"embeddable":true,"href":"https:\/\/ctainternacionales.org\/index.php?rest_route=\/wp\/v2\/users\/1"}],"replies":[{"embeddable":true,"href":"https:\/\/ctainternacionales.org\/index.php?rest_route=%2Fwp%2Fv2%2Fcomments&post=1246"}],"version-history":[{"count":3,"href":"https:\/\/ctainternacionales.org\/index.php?rest_route=\/wp\/v2\/posts\/1246\/revisions"}],"predecessor-version":[{"id":1251,"href":"https:\/\/ctainternacionales.org\/index.php?rest_route=\/wp\/v2\/posts\/1246\/revisions\/1251"}],"wp:attachment":[{"href":"https:\/\/ctainternacionales.org\/index.php?rest_route=%2Fwp%2Fv2%2Fmedia&parent=1246"}],"wp:term":[{"taxonomy":"category","embeddable":true,"href":"https:\/\/ctainternacionales.org\/index.php?rest_route=%2Fwp%2Fv2%2Fcategories&post=1246"},{"taxonomy":"post_tag","embeddable":true,"href":"https:\/\/ctainternacionales.org\/index.php?rest_route=%2Fwp%2Fv2%2Ftags&post=1246"}],"curies":[{"name":"wp","href":"https:\/\/api.w.org\/{rel}","templated":true}]}}