{"id":1242,"date":"2012-05-28T17:47:50","date_gmt":"2012-05-28T17:47:50","guid":{"rendered":"http:\/\/www.ctainternacionales.org\/?p=1242"},"modified":"2012-06-08T02:08:26","modified_gmt":"2012-06-08T02:08:26","slug":"guy-ryder","status":"publish","type":"post","link":"https:\/\/ctainternacionales.org\/?p=1242","title":{"rendered":"Guy Ryder"},"content":{"rendered":"<p>La Organizaci\u00f3n Internacional del Trabajo (OIT) eligi\u00f3 a Guy Ryder como su d\u00e9cimo Director General. Este dirigente de los trabajadores ingleses fue secretario general de la Confederaci\u00f3n Sindical Internacional (CSI).<!--more--><\/p>\n<p><em><strong>La Organizaci\u00f3n Internacional del Trabajo (OIT) eligi\u00f3 a Guy Ryder como su d\u00e9cimo Director General. Este dirigente de los trabajadores ingleses fue secretario general de la Confederaci\u00f3n Sindical Internacional (CSI).. Actualmente es el Director Ejecutivo del Departamento de Normas y Principios y Derechos Fundamentales en el Trabajo de la Organizaci\u00f3n, fue elegido por el Consejo de Administraci\u00f3n de la OIT. Tomar\u00e1 posici\u00f3n del cargo en octubre de 2012.<\/strong><\/em><\/p>\n<p>\u201cEstoy extremadamente contento: esta elecci\u00f3n representa una gran oportunidad, en tiempos de crisis mundial, para marcar una diferencia en la vida de millones de personas, para mejor sus vidas, inclusive la de aquellos que jam\u00e1s escucharon hablar de la OIT\u201d, dijo el Director General electo. \u201cAgradezco al Consejo de Administraci\u00f3n por la confianza que han depositado en m\u00ed. Creo que el significado de lo sucedido hoy ser\u00e1 juzgado por lo que hagamos de aqu\u00ed en m\u00e1s, es decir, por saber ubicar las necesidades de los j\u00f3venes, mujeres y hombres de todo el mundo en el centro de nuestra labor\u201d.<\/p>\n<p>El presidente del Consejo de Administraci\u00f3n, Greg Vines, sostuvo: \u201cEl Consejo de Administraci\u00f3n puede sentirse seguro de que bajo el nuevo liderazgo de Guy Ryder la OIT representar\u00e1 efectiva y fuertemente el inter\u00e9s de nuestro tripartismo, asegur\u00e1ndose de que la Organizaci\u00f3n contin\u00fae a aumentar su influencia en los debates a nivel mundial y, en particular, abordando los enormes desaf\u00edos que enfrenta el mundo.\u201d<\/p>\n<p>El vicepresidente por los Trabajadores, Luc Cortebeeck, afirm\u00f3: \u201cComo trabajadores, estamos muy contentos. Guy Ryder conoce y ha estado trabajando con la OIT. Es alguien que conoce el mundo del trabajo, pero que trabajar\u00e1 con los gobiernos y empleadores adem\u00e1s de los trabajadores. Es alguien que siempre defender\u00e1 el tripartismo y el di\u00e1logo social\u201d.<\/p>\n<p>En un breve discurso durante la sesi\u00f3n p\u00fablica tras la elecci\u00f3n del candidato, el actual director general de la OIT, Juan Somavia, dijo: \u201cMi presencia aqu\u00ed simboliza el total e incondicional apoyo de la Oficina para asegurar una transici\u00f3n fluida de aqu\u00ed a octubre. Personalmente, querido Guy Ryder, Director General electo, le deseo un gran \u00e9xito, alegr\u00eda y satisfacci\u00f3n en el desempe\u00f1o de su mandato\u201d.<\/p>\n<p>Ryder recibi\u00f3 30 de los 56 votos de los miembros titulares del Consejo de Administraci\u00f3n de la OIT. La elecci\u00f3n se realiz\u00f3 en Ginebra. Hubo otros ocho candidatos para el puesto.<\/p>\n<p>El Consejo de la Administraci\u00f3n llam\u00f3 a la elecci\u00f3n luego de que el actual Director General de la OIT, Juan Somav\u00eda, anunciara la intenci\u00f3n de adelantar su partida al 30 de septiembre de 2012, 18 meses antes del final de su tercer mandato.<\/p>\n<p>Ryder naci\u00f3 en Liverpool, en 1956, y fue educado en las Universidades de Cambridge y Liverpool. Comenz\u00f3 su carrera en el departamento internacional del Trade Union Congress, en Londres. En 1985, se traslad\u00f3 a Ginebra como Secretario de la Secci\u00f3n Industrial, Federaci\u00f3n Internacional de Empleados, T\u00e9cnicos y Profesionales (FIET). En 1998 fue nombrado Director Adjunto de la Oficina en Ginebra de la Confederaci\u00f3n Internacional de Organizaciones Sindicales Libres. En 1993 se convirti\u00f3 en su director. Ese mismo a\u00f1o ingres\u00f3 a la OIT como director de la Oficina de Actividades para los Trabajadores. En febrero de 2002, Ryder se traslad\u00f3 a Bruselas como Secretario General de la Confederaci\u00f3n Internacional de Organizaciones Sindicales Libres (CIOSL). Al poco tiempo fue nombrado Secretario General de la Confederaci\u00f3n Sindical Internacional (CSI).<\/p>\n<p>El Consejo de Administraci\u00f3n es el \u00f3rgano ejecutivo de la Organizaci\u00f3n Internacional del Trabajo (la Oficina es la secretar\u00eda de la Organizaci\u00f3n). Se re\u00fane tres veces por a\u00f1o, en marzo, junio y noviembre. Toma decisiones sobre la pol\u00edtica de la OIT, determina el orden del d\u00eda de la Conferencia Internacional del Trabajo, adopta el Programa y Presupuesto antes de su presentaci\u00f3n a la Conferencia.<\/p>\n<p>El Consejo est\u00e1 compuesto por 56 miembros titulares (28 Gobiernos, 14 Empleadores y 14 Trabajadores) y por 66 miembros adjuntos (28 Gobiernos, 19 Empleadores y 19 Trabajadores). Diez de los puestos gubernamentales quedan reservados a los Miembros de mayor importancia industrial (Brasil, China, Francia,Alemania, India, Italia, Jap\u00f3n, la Federaci\u00f3n de Rusia, Reino Unido y Estados Unidos). Los dem\u00e1s miembros gubernamentales son elegidos por la Conferencia cada tres a\u00f1os (las \u00faltimas elecciones se celebraron en junio de 2008). Los dem\u00e1s miembros gubernamentales son elegidos por la Conferencia cada tres a\u00f1os.<\/p>\n<p>&nbsp;<\/p>\n<p>(<em>Oficina OIT: 28.05.2012<\/em>)<\/p>\n","protected":false},"excerpt":{"rendered":"La Organizaci\u00f3n Internacional del Trabajo (OIT) eligi\u00f3 a Guy Ryder como su d\u00e9cimo Director General. Este dirigente de los trabajadores ingleses fue secretario \n<a class=\"moretag\" href=\"https:\/\/ctainternacionales.org\/?p=1242\"> [...]<\/a>","protected":false},"author":1,"featured_media":0,"comment_status":"closed","ping_status":"closed","sticky":false,"template":"","format":"standard","meta":{"ngg_post_thumbnail":0,"footnotes":""},"categories":[],"tags":[],"class_list":["post-1242","post","type-post","status-publish","format-standard","hentry"],"_links":{"self":[{"href":"https:\/\/ctainternacionales.org\/index.php?rest_route=\/wp\/v2\/posts\/1242","targetHints":{"allow":["GET"]}}],"collection":[{"href":"https:\/\/ctainternacionales.org\/index.php?rest_route=\/wp\/v2\/posts"}],"about":[{"href":"https:\/\/ctainternacionales.org\/index.php?rest_route=\/wp\/v2\/types\/post"}],"author":[{"embeddable":true,"href":"https:\/\/ctainternacionales.org\/index.php?rest_route=\/wp\/v2\/users\/1"}],"replies":[{"embeddable":true,"href":"https:\/\/ctainternacionales.org\/index.php?rest_route=%2Fwp%2Fv2%2Fcomments&post=1242"}],"version-history":[{"count":3,"href":"https:\/\/ctainternacionales.org\/index.php?rest_route=\/wp\/v2\/posts\/1242\/revisions"}],"predecessor-version":[{"id":1244,"href":"https:\/\/ctainternacionales.org\/index.php?rest_route=\/wp\/v2\/posts\/1242\/revisions\/1244"}],"wp:attachment":[{"href":"https:\/\/ctainternacionales.org\/index.php?rest_route=%2Fwp%2Fv2%2Fmedia&parent=1242"}],"wp:term":[{"taxonomy":"category","embeddable":true,"href":"https:\/\/ctainternacionales.org\/index.php?rest_route=%2Fwp%2Fv2%2Fcategories&post=1242"},{"taxonomy":"post_tag","embeddable":true,"href":"https:\/\/ctainternacionales.org\/index.php?rest_route=%2Fwp%2Fv2%2Ftags&post=1242"}],"curies":[{"name":"wp","href":"https:\/\/api.w.org\/{rel}","templated":true}]}}