{"id":1239,"date":"2012-05-28T15:12:18","date_gmt":"2012-05-28T15:12:18","guid":{"rendered":"http:\/\/www.ctainternacionales.org\/?p=1239"},"modified":"2012-06-04T20:40:51","modified_gmt":"2012-06-04T20:40:51","slug":"comunicacion-sindical","status":"publish","type":"post","link":"https:\/\/ctainternacionales.org\/?p=1239","title":{"rendered":"Comunicaci\u00f3n sindical"},"content":{"rendered":"<p align=\"LEFT\">Con la participaci\u00f3n de la CTA se realiz\u00f3 el 23 de mayo en Montevideo el taller sindical \u201cDemocratizaci\u00f3n de la Comunicaci\u00f3n\u201d, organizado por la Confederaci\u00f3n Sindical de las Am\u00e9ricas (CSA).<!--more--><\/p>\n<p align=\"LEFT\"><em><strong>Con la participaci\u00f3n de la CTA se realiz\u00f3 en Montevideo el taller sindical \u201cDemocratizaci\u00f3n de la Comunicaci\u00f3n\u201d, organizado por la Confederaci\u00f3n Sindical de las Am\u00e9ricas (CSA).<\/strong><\/em><\/p>\n<p align=\"LEFT\">La Central de Trabajadores de la Argentina (CTA), estuvo representada por Bruno Dobrusin, de la Secretaria de Relaciones Internacionales, quien particip\u00f3 junto a referentes de centrales sindicales de la regi\u00f3n, para definir un plan de acci\u00f3n que intensifique las movilizaciones por la democratizaci\u00f3n del sector y garantice \u201cla libertad de expresi\u00f3n, secuestrada por las grandes corporaciones medi\u00e1ticas\u201d.<\/p>\n<p align=\"LEFT\">En su nuevo plan de acci\u00f3n, la CSA considera que fue creada en la regi\u00f3n una \u00abdictadura comandada por grandes grupos econ\u00f3micos corporativos que manejan el latifundio medi\u00e1tico\u00bb, lo que les da el poder y \u00abcapacidad de incidir sobre los entornos pol\u00edticos y sociales e influir en la cotidianeidad de trabajadores y trabajadoras\u00bb.<\/p>\n<p align=\"LEFT\">Frente a la acci\u00f3n de los monopolios y oligopolios que controlan la comunicaci\u00f3n del continente, \u00abpromoviendo golpes de Estado en Honduras y Venezuela\u00bb, se estableci\u00f3 que las centrales reforzar\u00e1n la red de comunicadores sindicales y la coordinaci\u00f3n con los medios de comunicaci\u00f3n comunitarios, alternativos y populares para contribuir de manera decisiva en el \u00abproceso de cambio legislativo\u00bb en el tema.<\/p>\n<p align=\"LEFT\">En este sentido CTA se present\u00f3 como un ejemplo de utilizaci\u00f3n de diversas alternativas de comunicaci\u00f3n y de movilizaci\u00f3n para una democratizaci\u00f3n de la comunicaci\u00f3n en Argentina. A su vez, nuestra central se comprometi\u00f3 a colaborar con centrales de menor desarrollo en el \u00e1rea de comunicaciones, para fortalecer la capacidad de transmitir ideas, conceptos y opiniones desde los trabajadores.<\/p>\n<p align=\"LEFT\">En el evento, que cont\u00f3 con el apoyo de la Fundaci\u00f3n Friedrich Ebert (FESUR), dirigentes y asesores de comunicaci\u00f3n sindical de Argentina, Brasil, Colombia, Panam\u00e1, Paraguay, Per\u00fa y Rep\u00fablica Dominicana debatieron con Gustavo G\u00f3mez, secretario Nacional de Comunicaciones y Asistente Especial del Presidente de Uruguay; y el secretario general de la Confederaci\u00f3n Sindical de Trabajadores\/as de las Am\u00e9ricas (CSA), V\u00edctor B\u00e1ez, sobre la importancia del movimiento de \u00abre-regulaci\u00f3n\u00bb de los medios en curso en Am\u00e9rica Latina y el protagonismo de los sindicatos y movimientos sociales para luchar contra la el proceso de concentraci\u00f3n medi\u00e1tica. La mesa de apertura cont\u00f3 con la participaci\u00f3n de Simone Reperger y Alvaro Padr\u00f3n, de FES Sindical Regional.<\/p>\n<p align=\"LEFT\">Seg\u00fan G\u00f3mez, el hecho es que los conglomerados de comunicaci\u00f3n ya no son exclusivamente medi\u00e1ticas, \u00abya que hay un cruce de propiedades de tierras, empresas agr\u00edcolas, transnacionales y bancos, lo que hace con que defiendan no solo la ideolog\u00eda, sino los intereses econ\u00f3micos muy concreto de sus due\u00f1os\u00bb.<\/p>\n<p align=\"LEFT\">En la evaluaci\u00f3n del experto uruguayo, \u00abhay un escenario terrible pero que brinda algunas oportunidades para el campo popular-democr\u00e1tico\u00bb, citando expl\u00edcitamente el hecho de que la convergencia digital permite un amplio debate en la sociedad acerca de la definici\u00f3n de nuevas reglas para la ocupaci\u00f3n de nuevos espacios, \u00abpara que no se termine reproduciendo la misma basura de siempre, pero en alta definici\u00f3n.\u00bb<\/p>\n<p align=\"LEFT\">Para B\u00e1ez, la lucha contra la hegemon\u00eda neoliberal y la \u00abmediocracia\u00bb, se da desde la multiplicaci\u00f3n de voces y el fortalecimiento de los derechos, con un \u00abnuevo orden informativo\u00bb. Citando el caso europeo, \u00abdonde los medios defienden la disminuci\u00f3n de los salarios y la retirada de los derechos sociales, mientras que se calla sobre la necesidad de cobrar impuestos a los ricos\u00bb.<\/p>\n<p align=\"LEFT\">El dirigente conden\u00f3 la postura antidemocr\u00e1tica y antipopular de los medios de comunicaci\u00f3n corporativos: \u00abEstas corporaciones son hoy un poder de facto, ya que afirman o destituyen a los gobiernos seg\u00fan sus intereses. De ah\u00ed la relevancia de nuestro trabajo en la comunicaci\u00f3n, ampliar la inversi\u00f3n en este sector estrat\u00e9gico de la lucha de ideas. Esta acci\u00f3n es fundamental para combatir el sector financiero que est\u00e1 volviendo al mundo insostenible\u00bb, dijo.<\/p>\n<p>En la reuni\u00f3n, fue expresada la importancia del rol del Estado para garantizar la libertad de expresi\u00f3n de todos los actores y sectores para asegurar las condiciones legales, tecnol\u00f3gicas y comunicativas para tal efecto. \u00abLa lucha por la democratizaci\u00f3n de la comunicaci\u00f3n es parte tambi\u00e9n de la reconstrucci\u00f3n de los medios p\u00fablicos de calidad que fueron directamente atacados por la ofensiva neoliberal\u00bb, denuncia la resoluci\u00f3n de la CSA.<\/p>\n<p align=\"LEFT\">Entre los numerosos ejemplos de acciones positivas en curso en la regi\u00f3n, fueron citados la Ley de Medios de Argentina, los progresos realizados por el gobierno uruguayo en el tema de la televisi\u00f3n digital, el proyecto de ley sobre democratizaci\u00f3n de la comunicaci\u00f3n en Ecuador y la movilizaci\u00f3n del Foro Nacional por la Democratizaci\u00f3n de la Comunicaci\u00f3n (FNDC) en Brasil.<\/p>\n<p>(<em>28.05.2012<\/em>)<\/p>\n<p>&nbsp;<\/p>\n","protected":false},"excerpt":{"rendered":"Con la participaci\u00f3n de la CTA se realiz\u00f3 el 23 de mayo en Montevideo el taller sindical \u201cDemocratizaci\u00f3n de la Comunicaci\u00f3n\u201d, organizado por \n<a class=\"moretag\" href=\"https:\/\/ctainternacionales.org\/?p=1239\"> [...]<\/a>","protected":false},"author":1,"featured_media":0,"comment_status":"closed","ping_status":"closed","sticky":false,"template":"","format":"standard","meta":{"ngg_post_thumbnail":0,"footnotes":""},"categories":[],"tags":[],"class_list":["post-1239","post","type-post","status-publish","format-standard","hentry"],"_links":{"self":[{"href":"https:\/\/ctainternacionales.org\/index.php?rest_route=\/wp\/v2\/posts\/1239","targetHints":{"allow":["GET"]}}],"collection":[{"href":"https:\/\/ctainternacionales.org\/index.php?rest_route=\/wp\/v2\/posts"}],"about":[{"href":"https:\/\/ctainternacionales.org\/index.php?rest_route=\/wp\/v2\/types\/post"}],"author":[{"embeddable":true,"href":"https:\/\/ctainternacionales.org\/index.php?rest_route=\/wp\/v2\/users\/1"}],"replies":[{"embeddable":true,"href":"https:\/\/ctainternacionales.org\/index.php?rest_route=%2Fwp%2Fv2%2Fcomments&post=1239"}],"version-history":[{"count":2,"href":"https:\/\/ctainternacionales.org\/index.php?rest_route=\/wp\/v2\/posts\/1239\/revisions"}],"predecessor-version":[{"id":1280,"href":"https:\/\/ctainternacionales.org\/index.php?rest_route=\/wp\/v2\/posts\/1239\/revisions\/1280"}],"wp:attachment":[{"href":"https:\/\/ctainternacionales.org\/index.php?rest_route=%2Fwp%2Fv2%2Fmedia&parent=1239"}],"wp:term":[{"taxonomy":"category","embeddable":true,"href":"https:\/\/ctainternacionales.org\/index.php?rest_route=%2Fwp%2Fv2%2Fcategories&post=1239"},{"taxonomy":"post_tag","embeddable":true,"href":"https:\/\/ctainternacionales.org\/index.php?rest_route=%2Fwp%2Fv2%2Ftags&post=1239"}],"curies":[{"name":"wp","href":"https:\/\/api.w.org\/{rel}","templated":true}]}}