{"id":1230,"date":"2012-05-23T16:45:48","date_gmt":"2012-05-23T16:45:48","guid":{"rendered":"http:\/\/www.ctainternacionales.org\/?p=1230"},"modified":"2012-06-14T15:19:27","modified_gmt":"2012-06-14T15:19:27","slug":"lo-mejor-de-la-cta-es-que-se-ocupa-de-otras-dimensiones","status":"publish","type":"post","link":"https:\/\/ctainternacionales.org\/?p=1230","title":{"rendered":"\u201cLo mejor de la CTA es que se ocupa de otras dimensiones\u201d"},"content":{"rendered":"<p><a href=\"http:\/\/www.ctainternacionales.org\/wp-content\/uploads\/2012\/05\/DSC_0021.jpg\"><img loading=\"lazy\" decoding=\"async\" class=\"alignnone size-thumbnail wp-image-1231\" title=\"DSC_0021\" src=\"http:\/\/www.ctainternacionales.org\/wp-content\/uploads\/2012\/05\/DSC_0021-307x204.jpg\" alt=\"\" width=\"307\" height=\"204\" \/><\/a>El hist\u00f3rico dirigente de los movimientos altermundistas, el franc\u00e9s Gustave Massiah, visit\u00f3 ayer la sede nacional de la sede y traz\u00f3 una perspectiva sobre la actualidad de los movimientos sociales y su capacidad de transformaci\u00f3n de la realidad. \u201cLa pr\u00f3xima etapa ser\u00e1 la del cambio cualitativo de estos movimientos\u00bb. <!--more--><\/p>\n<p><em><strong><a href=\"http:\/\/www.ctainternacionales.org\/wp-content\/uploads\/2012\/05\/DSC_00211.jpg\"><img loading=\"lazy\" decoding=\"async\" class=\"alignnone size-medium wp-image-1232\" title=\"DSC_0021\" src=\"http:\/\/www.ctainternacionales.org\/wp-content\/uploads\/2012\/05\/DSC_00211-465x310.jpg\" alt=\"\" width=\"465\" height=\"310\" \/><\/a>El hist\u00f3rico dirigente de los movimientos altermundistas, el franc\u00e9s Gustave Massiah, visit\u00f3 ayer la sede nacional de la sede y traz\u00f3 una perspectiva sobre la actualidad de los movimientos sociales y su capacidad de transformaci\u00f3n de la realidad. \u201cLa pr\u00f3xima etapa ser\u00e1 la del cambio cualitativo de estos movimientos\u00bb.<\/strong><\/em><\/p>\n<p>La trayectoria de Massiah muestra una coherencia en las luchas por la emancipaci\u00f3n de los pueblos y contra el capitalismo. Activista desde los a\u00f1os 50 en las peleas anticolonias en Africa, ha sido tambi\u00e9n vice presidente de la Asociaci\u00f3n por la Tasaci\u00f3n de las Transacciones Financieras y por la Ayuda a los Ciudadanos (ATTAC), y como presidente del Centro de Investigaci\u00f3n e Informaci\u00f3n para el Desarrollo (CRID, por sus siglas en franc\u00e9s), integra el Consejo Internacional de los Foros Sociales Mundiales desde su creaci\u00f3n.<\/p>\n<p>Este urbanista y economista fue recibido en la sede nacional de la Central de Trabajadores de la Argentina (CTA) por el secretario de Relaciones Internacionales, Adolfo \u201cFito\u201d Aguirre, quien hizo un raconto de la historia de la CTA, su mirada socio-pol\u00edtico, la lucha por un movimiento pol\u00edtico, social y cultural en pro de una iniciativa pol\u00edtica y el nacimiento de una Constituyente Social en la Argentina \u201cdonde reclamamos un cambio constitucional con poder constituyente para plantear pol\u00edticas emancipadoras\u201d.<\/p>\n<p>Massiah -que acudi\u00f3 al encuentro junto a reprsentantes de ATTAC- respondi\u00f3 a esta intervenci\u00f3n se\u00f1alando que \u201caprecio esta propuesta de la CTA de ir hacia una iniciativa pol\u00edtica\u201d y destac\u00f3 que en los levantamientos en el norte de Africa lo primero que surgi\u00f3 \u201cde esta ruptura es el tema de la Constituci\u00f3n\u201d. Del encuentro tambi\u00e9n participaron los dirigentes nacionales de la Central Juan Carlos Giuliani, Dar\u00edo Perillo, Jorge Cardelli y Horacio Fern\u00e1ndez.<\/p>\n<p>\u201cEn una de las etapas del movimiento altermundista en los &#8217;90, reflexion\u00e1bamos sobre como construir otro mundo, la propuesta era una iniciativa desde los pueblos y ah\u00ed surgi\u00f3 la idea de que deb\u00eda ser desde los movimientos sociales y ciudadanos; eso siempre estuvo en el centro de la discusi\u00f3n en los foros sociales mundiales (FSM)\u201d, inici\u00f3 su intervenci\u00f3n Massiah.<\/p>\n<p>\u201cHubo convergencias del movimiento contra el neoliberalismo y ah\u00ed se encontraron juntos el mundo sindical, campesino, de mujeres, de pueblos originarios, por los derechos del hombre\u201d, record\u00f3 y aventur\u00f3 que \u201cla pr\u00f3xima etapa ser\u00e1 la del cambio de estos movimientos que van a tener una evoluci\u00f3n cualitativa; por eso lo mejor de la CTA es que sigue siendo una central de trabajadores que se ocupa de otras dimensiones, como la lucha social y pol\u00edtica\u201d.<\/p>\n<p>Es por eso que se\u00f1al\u00f3 la importancia de \u201cconstruir la base social de un proyecto emancipador, definir una alternativa al neoliberalismo y al capitalismo, organizar a cada sociedad y al mundo en torno al acceso de todos a la igualdad de derechos, esta no es una afirmaci\u00f3n te\u00f3rica, es una revoluci\u00f3n cultural para los movimientos\u201d. Y puso como ejemplo a la V\u00eda Campesina, que es la organizaci\u00f3n que \u201cha ido m\u00e1s lejos poniendo en el centro de su acci\u00f3n los derechos\u201d.<\/p>\n<p>Tambi\u00e9n afirm\u00f3 que \u201cestamos en una crisis del neoliberalismo que es tambi\u00e9n una crisis de los modos de producci\u00f3n capitalista y est\u00e1 ligado al agotamiento del modelo neoliberal. No sabemos que viene despu\u00e9s porque en los per\u00edodos de ruptura hay siempre salidas diferentes y la analog\u00eda hist\u00f3rica es con la crisis de 1930 que tuvo tres grandes salidas: 1) la promoci\u00f3n de beneficios para las clases dominantes a trav\u00e9s de guerras y fascismo y hoy hay una tendencia dominante que busca imponerse por esos medios; 2) la Revoluci\u00f3n de 1917 y las que le siguieron, incluyendo Africa y todas las luchas por la descolonizaci\u00f3n \u00bfhoy cu\u00e1les son las rupturas posibles?; 3) la refundaci\u00f3n capitalista al estilo New Deal que se puso en marcha en 1933 y se consolid\u00f3 en 1945, al finalizar la Segunda Guerra Mundial y hoy tambi\u00e9n existen esas propuestas del \u201cDeal Verde\u201d, en las figuras de economistas como (Joseph) Stiglitz y (Paul) Krugman, neokeynesianos, pero que no tienen el apoyo del establishment de la burgues\u00eda\u201d.<\/p>\n<p>El fundador de un centro de cooperaci\u00f3n y estudio sobre los problemas del Tercer Mundo, el Cedetim, asever\u00f3 que hay tres elementos que definen el futuro: \u201c1) el ciclo de revoluciones que comenz\u00f3 en T\u00fanez y Egipto, que se prolong\u00f3 con los \u201cIndignados\u201d, \u201cOcupando Wal Street\u201d, y los estudiantes de Chile y Quebec, es una nueva fase de lucha , las revoluciones no se hacen en tiempos cortos ni lineales; 2) crece la idea de democracia, se ve en el rechazo a delegar, en las nuevas formas de compromiso que las nuevas generaciones traen y esto cambia la cultura pol\u00edtica; weinventar la democracia nos obliga a recordar que el rechazo a los Soviets fue por la falta de democracia y la superaci\u00f3n del capitalismo no ser\u00e1 posible si no creamos otras formas de democracia; 3) la descolonizaci\u00f3n de la mano de la autodeterminaci\u00f3n de los pueblos y no solamente la independencia de los Estados\u201d.<\/p>\n<p>Rumbo a la cumbre mundial de cambio clim\u00e1tico, conocida como \u201cHacia R\u00edo+20\u201d, Massiah dice que \u201cnos muestra la importancia de la crisis ecol\u00f3gica, las fuerzas dominantes hoy saben que existen riesgos para el ecosistema pero que no son sociales, su propuesta es desarrollar un mercado que es la privatizaci\u00f3n de la naturaleza. Los movimientos sociales decimos que hay que comprometerse con una ruptura y la \u00fanica forma es cambiando las formas de producci\u00f3n, es decir, cambiando el capitalismo. Y agreg\u00f3: \u201cLos temas prioritarios son: bienes comunes, buen vivir, derechos ecol\u00f3gicos, derechos de la tierra , derecho a la libre circulaci\u00f3n de las personas, soberan\u00eda alimentaria, nueva generaci\u00f3n de derechos\u201d.<\/p>\n<p>En referencia a la crisis europea sostuvo que \u201cno es solo social si no geopol\u00edtica, vemos un declive en Jap\u00f3n, una decadencia econ\u00f3mica, ideol\u00f3gica y pol\u00edtica en los Estados Unidos, pero no militar, y la de Europa que no es de riqueza, sino el enfrentamiento entre el neoliberalismo y los poderes sociales, es el problema de la deuda como en 1980, la deuda es una ofensiva contra el pueblo, los Estados se endeudan para salvar a los bancos y Grecia es la que puso en el tapete la ilegitimidad de la deuda\u201d.<\/p>\n<p>&nbsp;<\/p>\n<p>(<em>Mariano V\u00e1zquez: 23.05.2012<\/em>)<\/p>\n","protected":false},"excerpt":{"rendered":"El hist\u00f3rico dirigente de los movimientos altermundistas, el franc\u00e9s Gustave Massiah, visit\u00f3 ayer la sede nacional de la sede y traz\u00f3 una perspectiva \n<a class=\"moretag\" href=\"https:\/\/ctainternacionales.org\/?p=1230\"> [...]<\/a>","protected":false},"author":1,"featured_media":0,"comment_status":"closed","ping_status":"closed","sticky":false,"template":"","format":"standard","meta":{"ngg_post_thumbnail":0,"footnotes":""},"categories":[],"tags":[],"class_list":["post-1230","post","type-post","status-publish","format-standard","hentry"],"_links":{"self":[{"href":"https:\/\/ctainternacionales.org\/index.php?rest_route=\/wp\/v2\/posts\/1230","targetHints":{"allow":["GET"]}}],"collection":[{"href":"https:\/\/ctainternacionales.org\/index.php?rest_route=\/wp\/v2\/posts"}],"about":[{"href":"https:\/\/ctainternacionales.org\/index.php?rest_route=\/wp\/v2\/types\/post"}],"author":[{"embeddable":true,"href":"https:\/\/ctainternacionales.org\/index.php?rest_route=\/wp\/v2\/users\/1"}],"replies":[{"embeddable":true,"href":"https:\/\/ctainternacionales.org\/index.php?rest_route=%2Fwp%2Fv2%2Fcomments&post=1230"}],"version-history":[{"count":3,"href":"https:\/\/ctainternacionales.org\/index.php?rest_route=\/wp\/v2\/posts\/1230\/revisions"}],"predecessor-version":[{"id":1308,"href":"https:\/\/ctainternacionales.org\/index.php?rest_route=\/wp\/v2\/posts\/1230\/revisions\/1308"}],"wp:attachment":[{"href":"https:\/\/ctainternacionales.org\/index.php?rest_route=%2Fwp%2Fv2%2Fmedia&parent=1230"}],"wp:term":[{"taxonomy":"category","embeddable":true,"href":"https:\/\/ctainternacionales.org\/index.php?rest_route=%2Fwp%2Fv2%2Fcategories&post=1230"},{"taxonomy":"post_tag","embeddable":true,"href":"https:\/\/ctainternacionales.org\/index.php?rest_route=%2Fwp%2Fv2%2Ftags&post=1230"}],"curies":[{"name":"wp","href":"https:\/\/api.w.org\/{rel}","templated":true}]}}