{"id":1217,"date":"2012-05-22T17:20:57","date_gmt":"2012-05-22T17:20:57","guid":{"rendered":"http:\/\/www.ctainternacionales.org\/?p=1217"},"modified":"2012-05-28T19:30:10","modified_gmt":"2012-05-28T19:30:10","slug":"la-cta-participo-en-el-g-20-del-trabajo","status":"publish","type":"post","link":"https:\/\/ctainternacionales.org\/?p=1217","title":{"rendered":"La CTA particip\u00f3 en el G-20 del trabajo"},"content":{"rendered":"<p><a href=\"http:\/\/www.ctainternacionales.org\/wp-content\/uploads\/2012\/05\/Imagen-0772.jpg\"><img loading=\"lazy\" decoding=\"async\" class=\"alignnone size-thumbnail wp-image-1220\" title=\"Imagen 077\" src=\"http:\/\/www.ctainternacionales.org\/wp-content\/uploads\/2012\/05\/Imagen-0772-307x204.jpg\" alt=\"\" width=\"307\" height=\"204\" \/><\/a>El secretario de Comunicaci\u00f3n de la CTA, Jos\u00e9 Zas, particip\u00f3 en M\u00e9xico de la reuni\u00f3n ministerial de Trabajo y Empleo del G-20 con organizaciones sindicales internacionales. \u201cDebemos esforzarnos en aumentar el nivel de organizaci\u00f3n de la clase trabajadora frente a estas crisis c\u00edclicas\u201d, sostuvo el dirigente. <!--more--><\/p>\n<p><em><strong><a href=\"http:\/\/www.ctainternacionales.org\/wp-content\/uploads\/2012\/05\/Imagen-0773.jpg\"><img loading=\"lazy\" decoding=\"async\" class=\"alignnone size-medium wp-image-1221\" title=\"Imagen 077\" src=\"http:\/\/www.ctainternacionales.org\/wp-content\/uploads\/2012\/05\/Imagen-0773-465x310.jpg\" alt=\"\" width=\"465\" height=\"310\" \/><\/a>El secretario de Comunicaci\u00f3n de la CTA, Jos\u00e9 Zas, particip\u00f3 en M\u00e9xico de la reuni\u00f3n ministerial de Trabajo y Empleo del G-20 con organizaciones sindicales internacionales. \u201cDebemos esforzarnos en aumentar el nivel de organizaci\u00f3n de la clase trabajadora frente a estas crisis c\u00edclicas\u201d, sostuvo el dirigente. \u00abLa salida es promover un cambio estructural donde los gobiernos lleven adelante modelos sociales donde la inclusi\u00f3n y igualdad sean los par\u00e1metros dominantes\u201d.<\/strong><\/em><\/p>\n<p>Los pa\u00edses integrantes del Grupo de los 20 (G-20) y organizaciones sindicales internacionales se reunieron la semana pasada en el Instituto Cultural Caba\u00f1as de la ciudad de Guadalajara. En representaci\u00f3n de los trabajadores estuvieron presentes la secretaria general de la Confederaci\u00f3n Sindical Internacional (CSI), Sharon Barraw, el secretario de Pol\u00edtica y Desarrollo Sustentable de la Confederaci\u00f3n Sindical de las Am\u00e9ricas (CSA), Rafael Freire, y representantes de cada uno de los pa\u00edses que conforman el L-20, por la Central de Trabajadores de la Argentina (CTA) estuvo presente el secretario de Comunicaci\u00f3n, Jos\u00e9 Zas.<\/p>\n<p>Previamente, el 16 de mayo se realiz\u00f3 el encuentro Sindical ante el G-20 \u201cDe la estabilidad econ\u00f3mica al desarrollo Social\u201d, que se realiz\u00f3 en el local del sindicato de telef\u00f3nico de M\u00e9xico, el STRM, Adem\u00e1s de Barraw, Freire, Zas y Caty Fainwall de la AFL-CIO y Quintino Severo de la CUT Brasil, entre otros.<\/p>\n<p>En su disertaci\u00f3n, el dirigente de la CTA, expres\u00f3 que para salir de la crisis \u201cno existe otro modelo que uno social, que proponga la inclusi\u00f3n como eje de la discusi\u00f3n\u201d, en referencia al modelo argentino dijo que logr\u00f3 \u201crecuperar econ\u00f3micamente al Estado pero que aun existe una deuda social muy grande\u201d, y se\u00f1al\u00f3 como ejemplo que \u201cel gobierno argentino haya declarado al 2010 como el &#8216;a\u00f1o del empleo decente&#8217; y, sin embargo, en la Argentina actual se mantienen situaciones insostenibles de precarizaci\u00f3n y pobreza, donde ocho de cada diez j\u00f3venes econ\u00f3micamente activos est\u00e1n precarizados, ocho de cada veinte asalariados no est\u00e1n registrados, y siete de cada dieciseis trabajadores ganan por debajo del Salario M\u00ednimo, Vital y M\u00f3vil\u201d<\/p>\n<p>Zas llam\u00f3 a llevar al encuentro del G-20, que se realizar\u00e1 en junio en M\u00e9xio, \u201cuna posici\u00f3n com\u00fan sobre el piso b\u00e1sico de protecci\u00f3n social, que marca la Organizaci\u00f3n Internacional de Trabajo (OIT), y cuyos convenios hay muchos gobiernos que no los han ratificado ni los est\u00e1n aplicando\u201d.<\/p>\n<p>\u201cDebemos esforzarnos en aumentar el nivel de organizaci\u00f3n de la clase trabajadora frente a estas crisis c\u00edclicas\u201d, sostuvo el dirigente. \u201c\u201dLa salida es promover un cambio estructural donde los gobiernos lleven adelante modelos sociales donde la inclusi\u00f3n y igualdad sean los par\u00e1metros dominantes\u201d.<\/p>\n<p>En referencia a la reuni\u00f3n ministerial de Trabajo y Empleo del G-20, la secretaria de Trabajo y Previsi\u00f3n Social de M\u00e9xico, Rosalinda V\u00e9lez, dijo: \u201cEmpleos de calidad, impulsar trabajo decente, pol\u00edticas p\u00fablicas que impacten en el trabajo, igualdad de acceso al empleo, desarrollar pol\u00edticas que impulsen mercado formal, reformas estructurales sin que afecte a los trabajadores, empleo para j\u00f3venes y es importante identificar buenas pr\u00e1cticas. Y en la esfera de crecimiento verde puede abrir la puerta para abatir la desigualdad social y generaci\u00f3n de empleo\u00bb.<\/p>\n<p>V\u00e9lez destac\u00f3 la necesidad de seguir promoviendo reformas estructurales que disminuyan las distorsiones del mercado de trabajo y permitan un mayor acceso a \u00e9ste por parte de grupos vulnerables como son mujeres, j\u00f3venes y adultos mayores, as\u00ed como la importancia de buscar la coherencia entre pol\u00edticas sociales y econ\u00f3micas a nivel nacional e internacional.<\/p>\n<p>En la sesi\u00f3n estuvieron representantes de Dinamarca, Indonesia, Rusia, Reino Unido, Jap\u00f3n, India, Camboya, Francia, Espa\u00f1a, Turqu\u00eda, Sud\u00e1frica, Uni\u00f3n Europea, Colombia, Argentina, Arabia Saudita, Brasil, Estados Unidos, Alemania e Italia.<\/p>\n<p>Los pa\u00edses que no vinieron a la sesi\u00f3n fueron: Australia, Canad\u00e1, China, Corea, Benin y Chile.<\/p>\n<p>Cabe mencionar que las conclusiones se presentar\u00e1n en la sesi\u00f3n del G20 del mes de junio en Los Cabos, Baja California Sur.<\/p>\n<p>&nbsp;<\/p>\n<p>(<em>22.05.2012<\/em>)<\/p>\n","protected":false},"excerpt":{"rendered":"El secretario de Comunicaci\u00f3n de la CTA, Jos\u00e9 Zas, particip\u00f3 en M\u00e9xico de la reuni\u00f3n ministerial de Trabajo y Empleo del G-20 con \n<a class=\"moretag\" href=\"https:\/\/ctainternacionales.org\/?p=1217\"> [...]<\/a>","protected":false},"author":1,"featured_media":0,"comment_status":"closed","ping_status":"closed","sticky":false,"template":"","format":"standard","meta":{"ngg_post_thumbnail":0,"footnotes":""},"categories":[],"tags":[],"class_list":["post-1217","post","type-post","status-publish","format-standard","hentry"],"_links":{"self":[{"href":"https:\/\/ctainternacionales.org\/index.php?rest_route=\/wp\/v2\/posts\/1217","targetHints":{"allow":["GET"]}}],"collection":[{"href":"https:\/\/ctainternacionales.org\/index.php?rest_route=\/wp\/v2\/posts"}],"about":[{"href":"https:\/\/ctainternacionales.org\/index.php?rest_route=\/wp\/v2\/types\/post"}],"author":[{"embeddable":true,"href":"https:\/\/ctainternacionales.org\/index.php?rest_route=\/wp\/v2\/users\/1"}],"replies":[{"embeddable":true,"href":"https:\/\/ctainternacionales.org\/index.php?rest_route=%2Fwp%2Fv2%2Fcomments&post=1217"}],"version-history":[{"count":4,"href":"https:\/\/ctainternacionales.org\/index.php?rest_route=\/wp\/v2\/posts\/1217\/revisions"}],"predecessor-version":[{"id":1226,"href":"https:\/\/ctainternacionales.org\/index.php?rest_route=\/wp\/v2\/posts\/1217\/revisions\/1226"}],"wp:attachment":[{"href":"https:\/\/ctainternacionales.org\/index.php?rest_route=%2Fwp%2Fv2%2Fmedia&parent=1217"}],"wp:term":[{"taxonomy":"category","embeddable":true,"href":"https:\/\/ctainternacionales.org\/index.php?rest_route=%2Fwp%2Fv2%2Fcategories&post=1217"},{"taxonomy":"post_tag","embeddable":true,"href":"https:\/\/ctainternacionales.org\/index.php?rest_route=%2Fwp%2Fv2%2Ftags&post=1217"}],"curies":[{"name":"wp","href":"https:\/\/api.w.org\/{rel}","templated":true}]}}