{"id":1206,"date":"2012-05-18T18:06:36","date_gmt":"2012-05-18T18:06:36","guid":{"rendered":"http:\/\/www.ctainternacionales.org\/?p=1206"},"modified":"2012-06-26T01:09:58","modified_gmt":"2012-06-26T01:09:58","slug":"encuentro-en-brasil-del-grupo-de-articulacion-hacia-rio20","status":"publish","type":"post","link":"https:\/\/ctainternacionales.org\/?p=1206","title":{"rendered":"Hacia Rio+20"},"content":{"rendered":"<p>Participaron del encuentro representantes brasile\u00f1os e internacionales de redes, movimientos y ONGs que participar\u00e1n de la Cumbre de los Pueblos, actividad paralela en el marco de cumbre mundial de cambio clim\u00e1tico. La CTA presente. <!--more--><\/p>\n<p><em><strong>Participaron del encuentro representantes brasile\u00f1os e internacionales de redes, movimientos y ONGs que participar\u00e1n de la Cumbre de los Pueblos, actividad paralela en el marco de cumbre mundial de cambio clim\u00e1tico. La CTA presente.<\/strong><\/em><\/p>\n<p>El encuentro que del<a href=\"http:\/\/cupuladospovos.org.br\" target=\"_blank\"> Grupo de Articulaci\u00f3n de la Cumbre de los Pueblos<\/a>, que re\u00fane a representantes del pa\u00eds anfitri\u00f3n y de numerosas organizaciones de todo el mundo, se realiz\u00f3 etre el 11 y 13 de mayo en R\u00edo de Janeiro.<\/p>\n<p>Mait\u00e9 Llanos, asesora general de la Secretar\u00eda de Relaciones Internacionales de la CTA, particip\u00f3 de las jornadas en las que se presentaron diferentes informes sobre la tem\u00e1tica. \u201cEl primero const\u00f3 de las posiciones diferenciadas entre los pa\u00edses desarrollados y el G-77+China. En este sentido, se reiter\u00f3 que la llamada econom\u00eda verde est\u00e1 en el centro de las negociaciones pero que, sin embargo, las diferencias entre ambas grupos son importantes; el G-77 est\u00e1 posicionado en la defensa de derechos colectivos, mientras que el norte promueve la mercantilizaci\u00f3n y financiarizaci\u00f3n v\u00eda econom\u00eda verde\u201d, explic\u00f3. A pesar de las diferencias al interior de los 77 pa\u00edses, estos acordaron trabajar en bloque.<\/p>\n<p>Entre los presentes se evalu\u00f3 que no existe una voluntad pol\u00edtica de cambio de padrones productivos, redistributivos, de consumo, sino m\u00e1s bien, que siga el apoyo a las llamadas \u201cfalsas soluciones\u201d en el marco de las negociaciones de cambio clim\u00e1tico y que existe el gran riesgo de que haya retrocesos en t\u00e9rminos de derechos colectivos y principios de la convenci\u00f3n de clima.<\/p>\n<p>Se presentaron informes de Europa, EEUU, Norte de \u00c1frica y Am\u00e9rica Latina. Se avanz\u00f3 en la idea de una movilizaci\u00f3n global para el 5 de junio.<\/p>\n<p>En el marco de la Cumbre de los Pueblos, que se desarrollar\u00e1 paralelamente a la Cumbre Mundial de R\u00edo+20, la idea es que se realice una movilizaci\u00f3n en la ciudad carioca el 20 de junio. Por la madrugada la marcha saldr\u00eda de Vila Aut\u00f3dromo hasta R\u00edo Centro lugar, donde se realizar\u00e1n las negociaciones; por la tarde ser\u00e1 en el centro, saliendo de Candelaria hasta Cinelandia (lugar tradicional de movilizaciones).<\/p>\n<p>La Cumbre de los Pueblos se desarrollar\u00e1 entre el 15 y el 23 de junio con una serie de actividades autogestionadas. Los ejes que estructurar\u00e1n los cinco plenarios de debates ser\u00e1n: Las causas estructurales de las crisis y las injusticias sociales y ambientales, las falsas soluciones y las nuevas formas de acumulaci\u00f3n de capital sobre los pueblos y territorios; Las soluciones reales y lso nuevos paradigmas de los pueblos que estamos poniendo en pr\u00e1ctica en las propuestas; La construcci\u00f3n colectiva de agendas, campa\u00f1as y movilizaciones comunes.<\/p>\n<p>Los mismos debatir\u00e1n sobre \u201cDerechos por justicia social y ambiental\u201d, \u201cDefensa de los bienes comunes contra la mecantilizaci\u00f3n\u201d, \u201cSoberan\u00eda alimentaria\u201d, \u201cEnerg\u00eda e industria extractivas\u201d y \u201cTrabajo: por otra econom\u00eda y nuevas paradigmas de sociedad\u201d.<\/p>\n<p>Por \u00faltimo, la Confederaci\u00f3n Sindical de las Am\u00e9ricas (CSA), organizar\u00e1 una serie talleres Acci\u00f3n conjunta bajo coordinaci\u00f3n de CSA.<\/p>\n<p>&nbsp;<\/p>\n<p>&nbsp;<\/p>\n<p>&nbsp;<\/p>\n<p>(<em>18.05.2012<\/em>)<\/p>\n","protected":false},"excerpt":{"rendered":"Participaron del encuentro representantes brasile\u00f1os e internacionales de redes, movimientos y ONGs que participar\u00e1n de la Cumbre de los Pueblos, actividad paralela en \n<a class=\"moretag\" href=\"https:\/\/ctainternacionales.org\/?p=1206\"> [...]<\/a>","protected":false},"author":1,"featured_media":0,"comment_status":"closed","ping_status":"closed","sticky":false,"template":"","format":"standard","meta":{"ngg_post_thumbnail":0,"footnotes":""},"categories":[],"tags":[],"class_list":["post-1206","post","type-post","status-publish","format-standard","hentry"],"_links":{"self":[{"href":"https:\/\/ctainternacionales.org\/index.php?rest_route=\/wp\/v2\/posts\/1206","targetHints":{"allow":["GET"]}}],"collection":[{"href":"https:\/\/ctainternacionales.org\/index.php?rest_route=\/wp\/v2\/posts"}],"about":[{"href":"https:\/\/ctainternacionales.org\/index.php?rest_route=\/wp\/v2\/types\/post"}],"author":[{"embeddable":true,"href":"https:\/\/ctainternacionales.org\/index.php?rest_route=\/wp\/v2\/users\/1"}],"replies":[{"embeddable":true,"href":"https:\/\/ctainternacionales.org\/index.php?rest_route=%2Fwp%2Fv2%2Fcomments&post=1206"}],"version-history":[{"count":6,"href":"https:\/\/ctainternacionales.org\/index.php?rest_route=\/wp\/v2\/posts\/1206\/revisions"}],"predecessor-version":[{"id":1331,"href":"https:\/\/ctainternacionales.org\/index.php?rest_route=\/wp\/v2\/posts\/1206\/revisions\/1331"}],"wp:attachment":[{"href":"https:\/\/ctainternacionales.org\/index.php?rest_route=%2Fwp%2Fv2%2Fmedia&parent=1206"}],"wp:term":[{"taxonomy":"category","embeddable":true,"href":"https:\/\/ctainternacionales.org\/index.php?rest_route=%2Fwp%2Fv2%2Fcategories&post=1206"},{"taxonomy":"post_tag","embeddable":true,"href":"https:\/\/ctainternacionales.org\/index.php?rest_route=%2Fwp%2Fv2%2Ftags&post=1206"}],"curies":[{"name":"wp","href":"https:\/\/api.w.org\/{rel}","templated":true}]}}