{"id":1203,"date":"2012-05-17T17:00:59","date_gmt":"2012-05-17T17:00:59","guid":{"rendered":"http:\/\/www.ctainternacionales.org\/?p=1203"},"modified":"2012-05-31T17:54:52","modified_gmt":"2012-05-31T17:54:52","slug":"fuentes","status":"publish","type":"post","link":"https:\/\/ctainternacionales.org\/?p=1203","title":{"rendered":"Fuentes"},"content":{"rendered":"<p>Toda novela verdadera es un ejercicio de imaginaci\u00f3n. De imaginaci\u00f3n y de memoria. Resulta curioso: el novelista nos propone imaginar otros mundos y a la vez no olvidarlos. <!--more--><\/p>\n<p><em><strong>Toda novela verdadera es un ejercicio de imaginaci\u00f3n. De imaginaci\u00f3n y de memoria. Resulta curioso: el novelista nos propone imaginar otros mundos y a la vez no olvidarlos. Quiz\u00e1 por ello las grandes novelas, como los grandes poemas, al dispararnos la imaginaci\u00f3n conjuran al olvido.<\/strong><\/em><\/p>\n<p>Carlos Fuentes estaba seguro que no pod\u00edamos imaginar un mundo sin Don Quijote de La Mancha o sin Hamlet. Ten\u00eda raz\u00f3n: si esas ficciones llenas de humanidad est\u00e1n atadas a nuestros d\u00edas es porque fueron imaginadas.<\/p>\n<p>Mejor a\u00fan: para Fuentes el mundo moderno empieza cuando Don Quijote de la Mancha sale de su aldea al mundo y descubre que el mundo no se parece a su lectura.<\/p>\n<p>Los lectores de mi generaci\u00f3n no podemos imaginar un M\u00e9xico sin La regi\u00f3n m\u00e1s transparente, sin Las buenas conciencias o sin La muerte de Artemio Cruz. Libros que vistos a la distancia son un mural del M\u00e9xico moderno o el primer levantamiento de una pel\u00edcula donde la superposici\u00f3n de planos, voces, tiempos, im\u00e1genes crean atm\u00f3sferas, personajes que lo mismo se llaman Artemio Cruz \u2013encarnaci\u00f3n actual\u00edsima de la corrupci\u00f3n\u2013 o cuyo nombre simplemente es ciudad. En La regi\u00f3n m\u00e1s transparente el protagonista principal no es Ixca Cienfuegos sino alguien o algo m\u00e1s ambiguo que \u00e9l: la ciudad, la ciudad moderna que se inventa en su caos; la ciudad que con sus voces crea verdaderos laberintos, puntos de encuentro y desencuentro, sonoridad que enloquece a quien la escucha por todas partes y que se disipa en un instante.<\/p>\n<p>A diferencia de muchos de sus contempor\u00e1neos Carlos Fuentes fue un escritor de tiempo completo. Un escritor profesional en el sentido moderno. No porque otros como Juan Rulfo no lo fueran sino por su clara decisi\u00f3n de vivir s\u00f3lo de la literatura.<\/p>\n<p>Gracias a esa decisi\u00f3n Fuentes desde muy joven pudo vivir de sus libros.<\/p>\n<p>Pero m\u00e1s all\u00e1 de su trabajo literario Carlos Fuentes tambi\u00e9n ser\u00e1 recordado por su activa participaci\u00f3n en la plaza p\u00fablica para hacer pol\u00edtica: si conden\u00f3 a Gustavo D\u00edaz Ordaz por la masacre del 2 de octubre de 1968, perdon\u00f3 o justific\u00f3 a su secretario de Gobernaci\u00f3n, Luis Echeverr\u00eda, cuando nos puso la falsa disyuntiva de \u00abEcheverr\u00eda o el fascismo\u00bb.<\/p>\n<p>Si fue un intelectual enciclop\u00e9dico a la manera de Victor Hugo que habl\u00f3 pr\u00e1cticamente de todo, fue a un tiempo centro de simpat\u00edas y diferencias, de cercan\u00edas y rechazos pero unas y otras nos hablan de un escritor interesado en la plaza p\u00fablica con todos sus riesgos.<\/p>\n<p>Pero m\u00e1s all\u00e1 de su quehacer p\u00fablico nos dej\u00f3 espl\u00e9ndidas novelas como Aura o La muerte de Artemio Cruz para disparar nuestra imaginaci\u00f3n, para hacer de la palabra un hecho duradero. No es improbable que algunas de esas novelas lo sobrevivan por largo tiempo y estoy seguro que sus ensayos reunidos en Cervantes o la cr\u00edtica de la lectura o El espejo enterrado \u00abseguir\u00e1n animando la mesa de la cultura\u00bb.<\/p>\n<p>Su amigo Mario Vargas Llosa se preguntaba c\u00f3mo le hac\u00eda para estar en todo a la vez y no ser tragados por la vor\u00e1gine de la actualidad. Con disciplina y pasi\u00f3n por la literatura.<\/p>\n<p>Su \u00faltima conversaci\u00f3n ser\u00e1 la que imagin\u00f3 que tuvo con Federico Nietzsche y que aparecer\u00e1 en forma de novela y su \u00faltima fantas\u00eda, escribir una novela sobre el famoso centenario porfiriano que imagin\u00f3 transcurrir\u00eda en 10 a\u00f1os y que no pudo iniciar.<\/p>\n<p>Carlos Fuentes sab\u00eda que, terminado, el libro empieza.<\/p>\n<p>&nbsp;<\/p>\n<p>(<em>Javier Aranda Luna: 17.05.2012<\/em>)<\/p>\n<p>&nbsp;<\/p>\n","protected":false},"excerpt":{"rendered":"Toda novela verdadera es un ejercicio de imaginaci\u00f3n. De imaginaci\u00f3n y de memoria. Resulta curioso: el novelista nos propone imaginar otros mundos y \n<a class=\"moretag\" href=\"https:\/\/ctainternacionales.org\/?p=1203\"> [...]<\/a>","protected":false},"author":1,"featured_media":0,"comment_status":"closed","ping_status":"closed","sticky":false,"template":"","format":"standard","meta":{"ngg_post_thumbnail":0,"footnotes":""},"categories":[],"tags":[],"class_list":["post-1203","post","type-post","status-publish","format-standard","hentry"],"_links":{"self":[{"href":"https:\/\/ctainternacionales.org\/index.php?rest_route=\/wp\/v2\/posts\/1203","targetHints":{"allow":["GET"]}}],"collection":[{"href":"https:\/\/ctainternacionales.org\/index.php?rest_route=\/wp\/v2\/posts"}],"about":[{"href":"https:\/\/ctainternacionales.org\/index.php?rest_route=\/wp\/v2\/types\/post"}],"author":[{"embeddable":true,"href":"https:\/\/ctainternacionales.org\/index.php?rest_route=\/wp\/v2\/users\/1"}],"replies":[{"embeddable":true,"href":"https:\/\/ctainternacionales.org\/index.php?rest_route=%2Fwp%2Fv2%2Fcomments&post=1203"}],"version-history":[{"count":2,"href":"https:\/\/ctainternacionales.org\/index.php?rest_route=\/wp\/v2\/posts\/1203\/revisions"}],"predecessor-version":[{"id":1268,"href":"https:\/\/ctainternacionales.org\/index.php?rest_route=\/wp\/v2\/posts\/1203\/revisions\/1268"}],"wp:attachment":[{"href":"https:\/\/ctainternacionales.org\/index.php?rest_route=%2Fwp%2Fv2%2Fmedia&parent=1203"}],"wp:term":[{"taxonomy":"category","embeddable":true,"href":"https:\/\/ctainternacionales.org\/index.php?rest_route=%2Fwp%2Fv2%2Fcategories&post=1203"},{"taxonomy":"post_tag","embeddable":true,"href":"https:\/\/ctainternacionales.org\/index.php?rest_route=%2Fwp%2Fv2%2Ftags&post=1203"}],"curies":[{"name":"wp","href":"https:\/\/api.w.org\/{rel}","templated":true}]}}