{"id":1200,"date":"2012-05-17T16:34:31","date_gmt":"2012-05-17T16:34:31","guid":{"rendered":"http:\/\/www.ctainternacionales.org\/?p=1200"},"modified":"2012-05-31T16:33:36","modified_gmt":"2012-05-31T16:33:36","slug":"no-al-tlc","status":"publish","type":"post","link":"https:\/\/ctainternacionales.org\/?p=1200","title":{"rendered":"No al TLC"},"content":{"rendered":"<p>La AFL-CIO, de los Estados Unidos y las centrales colombianas de la CUT, la CGT y la CTC, se pronunciaron contra la entrada en vigor el pasado martes del Tratado de Libre Comercio (TLC) entre EE.UU. y Colombia.<!--more--><\/p>\n<p><em><strong>La AFL-CIO, de los Estados Unidos y las centrales colombianas de la CUT, la CGT y la CTC, se pronunciaron contra la entrada en vigor el pasado martes del Tratado de Libre Comercio (TLC) entre EE.UU. y Colombia.\u00a0<\/strong><\/em><\/p>\n<p>En abril del 2011, los EE.UU. y Colombia acordaron un plan de acci\u00f3n sobre los derechos laborales destinada a \u00abproteger derechos laborales internacionalmente reconocidos, prevenir la violencia contra dirigentes sindicales, y enjuiciar a los autores de esa violencia\u00bb en Colombia. Aunque el plan de acci\u00f3n incluye algunas medidas que los sindicatos colombianos y la AFL-CIO han estado pidiendo durante a\u00f1os, su alcance realmente ha sido muy limitado: no se resolvi\u00f3 ninguna de las graves violaciones de las libertades sindicales o los derechos humanos.<\/p>\n<p>Al respecto las cuatro organizaciones gremiales afirmaron en una declaraci\u00f3n:<\/p>\n<p><em>\u201cHemos estado monitoreando los avances del Plan de Acci\u00f3n y concluimos que a pesar de nuevas leyes y directivas emitidas, el Gobierno de Colombia no ha demostrado a\u00fan una implementaci\u00f3n exitosa. Los trabajadores de todas las ramas econ\u00f3micas por regla general, siguen siendo relegados a un empleo indirecto y por lo tanto precario que les impide ejercer su derecho a la libre asociaci\u00f3n y a la negociaci\u00f3n colectiva porque el Gobierno no est\u00e1 completamente a la altura de sus promesas en relaci\u00f3n con la eliminaci\u00f3n de las \u00abcooperativas de trabajo asociado\u00bb y otras formas de vinculaci\u00f3n, como las nuevas SAS (Sociedades an\u00f3nimas simplificadas), que afectan los derechos laborales. El Gobierno de Colombia tampoco acumul\u00f3 un r\u00e9cord de \u00e9xito de los procesos penales a los empleadores que ilegalmente interfieren con los derechos fundamentales de los trabajadores. Los activistas laborales y defensores de derechos humanos siguen siendo objeto de amenazas y de violencia, inclusive asesinatos, cuando se levantan para luchar por sus derechos.<\/em><\/p>\n<p><em>\u201cAdem\u00e1s, estamos de acuerdo en que el tratado comercial subyacente perpet\u00faa un modelo econ\u00f3mico que expande los derechos y privilegios de las grandes empresas y corporaciones multinacionales a costa de los trabajadores, consumidores y el medio ambiente. El acuerdo utiliza un modelo que hist\u00f3ricamente ha beneficiado a una peque\u00f1a minor\u00eda de los intereses empresariales, dejando a los trabajadores, familias y comunidades atr\u00e1s.<\/em><\/p>\n<p><em>\u201cEn lugar de avanzar para implementar el TLC, instamos a los dirigentes de ambos pa\u00edses a volver a examinar no s\u00f3lo los avances en el Plan de Acci\u00f3n, sino tambi\u00e9n a todo el acuerdo de libre comercio. Un nuevo modelo de comercio que genere empleo, impulse el desarrollo econ\u00f3mico y aumente los niveles de vida en ambos pa\u00edses, es posible. Debemos trabajar juntos para eliminar las disposiciones que ponen en riesgo los derechos de los trabajadores y las libertades as\u00ed como las regulaciones de inter\u00e9s p\u00fablico. En su lugar, hay que a\u00f1adir disposiciones para garantizar la mayor protecci\u00f3n de los trabajadores, un medio ambiente sano, productos y alimentos seguros y la capacidad para regular los mercados financieros y de otros, para evitar crisis como la del 2008\u201d.<\/em><\/p>\n<p>&nbsp;<\/p>\n<p>(<em>17.05.2012<\/em>)<\/p>\n","protected":false},"excerpt":{"rendered":"La AFL-CIO, de los Estados Unidos y las centrales colombianas de la CUT, la CGT y la CTC, se pronunciaron contra la entrada \n<a class=\"moretag\" href=\"https:\/\/ctainternacionales.org\/?p=1200\"> [...]<\/a>","protected":false},"author":1,"featured_media":0,"comment_status":"closed","ping_status":"closed","sticky":false,"template":"","format":"standard","meta":{"ngg_post_thumbnail":0,"footnotes":""},"categories":[],"tags":[],"class_list":["post-1200","post","type-post","status-publish","format-standard","hentry"],"_links":{"self":[{"href":"https:\/\/ctainternacionales.org\/index.php?rest_route=\/wp\/v2\/posts\/1200","targetHints":{"allow":["GET"]}}],"collection":[{"href":"https:\/\/ctainternacionales.org\/index.php?rest_route=\/wp\/v2\/posts"}],"about":[{"href":"https:\/\/ctainternacionales.org\/index.php?rest_route=\/wp\/v2\/types\/post"}],"author":[{"embeddable":true,"href":"https:\/\/ctainternacionales.org\/index.php?rest_route=\/wp\/v2\/users\/1"}],"replies":[{"embeddable":true,"href":"https:\/\/ctainternacionales.org\/index.php?rest_route=%2Fwp%2Fv2%2Fcomments&post=1200"}],"version-history":[{"count":2,"href":"https:\/\/ctainternacionales.org\/index.php?rest_route=\/wp\/v2\/posts\/1200\/revisions"}],"predecessor-version":[{"id":1264,"href":"https:\/\/ctainternacionales.org\/index.php?rest_route=\/wp\/v2\/posts\/1200\/revisions\/1264"}],"wp:attachment":[{"href":"https:\/\/ctainternacionales.org\/index.php?rest_route=%2Fwp%2Fv2%2Fmedia&parent=1200"}],"wp:term":[{"taxonomy":"category","embeddable":true,"href":"https:\/\/ctainternacionales.org\/index.php?rest_route=%2Fwp%2Fv2%2Fcategories&post=1200"},{"taxonomy":"post_tag","embeddable":true,"href":"https:\/\/ctainternacionales.org\/index.php?rest_route=%2Fwp%2Fv2%2Ftags&post=1200"}],"curies":[{"name":"wp","href":"https:\/\/api.w.org\/{rel}","templated":true}]}}