{"id":1188,"date":"2012-05-11T15:12:57","date_gmt":"2012-05-11T15:12:57","guid":{"rendered":"http:\/\/www.ctainternacionales.org\/?p=1188"},"modified":"2012-05-28T17:49:28","modified_gmt":"2012-05-28T17:49:28","slug":"flexbilizacion-encubierta","status":"publish","type":"post","link":"https:\/\/ctainternacionales.org\/?p=1188","title":{"rendered":"Flexbilizaci\u00f3n encubierta"},"content":{"rendered":"<p align=\"LEFT\">La CUT-A y la CNT de Paraguay expresaron su total rechazo a la nueva ley de micro, peque\u00f1as y medianas empresas porque implica la virtual derogaci\u00f3n del C\u00f3digo de Trabajo vigente.<!--more--><\/p>\n<p align=\"LEFT\"><em><strong>La CUT-A y la CNT de Paraguay expresaron su total rechazo a la nueva ley de micro, peque\u00f1as y medianas empresas porque implica la virtual derogaci\u00f3n del C\u00f3digo de Trabajo vigente.<\/strong><\/em><\/p>\n<p align=\"LEFT\">Indignaci\u00f3n y bronca gener\u00f3 en la Central Unitaria de Trabajadores Aut\u00e9ntica (CUT-A) y la Central Nacional de Trabajadores (CNT) la entrada en vigencia de la Ley de Fomento de las Micro, Peque\u00f1as y Medianas Empresas (Mipymes), ya que han coincidido que constituye \u201cuna cabal demostraci\u00f3n de su total desprecio a la clase trabajadora del pa\u00eds\u201d.<\/p>\n<p align=\"LEFT\">Manifiestan que la ley fomentar\u00e1 la precarizaci\u00f3n laboral, el aumento de la econom\u00eda informal, el crecimiento del desempleo y el deterioro del poder adquisitivo del salario.<\/p>\n<p align=\"LEFT\">Cabe destacar que esa iniciativa fue sancionada por el Congreso, el Poder Ejecutivo la vet\u00f3, pero el parlamento rechaz\u00f3 el veto.<\/p>\n<p align=\"LEFT\">En un comunicado firmado por el presidente de la CUT-A, Bernardo Rojas, sostiene que esta norma \u201cflexibiliza el C\u00f3digo del Trabajo y el Procesal del Trabajo, la misma Constituci\u00f3n Nacional y numerosos convenios con la Organizaci\u00f3n Internacional del Trabajo (OIT)\u201d.<\/p>\n<p align=\"LEFT\">En tanto que su par de la CNT, Miguel Zayas, apunt\u00f3 contra los parlamentarios del Paraguay \u201cpor ser marionetas de los empresarios y de mercado\u201d aprobando una ley que implica \u201cla derogaci\u00f3n t\u00e1cita del C\u00f3digo laboral en vigencia en el pa\u00eds\u201d.<\/p>\n<p align=\"LEFT\">Las objeciones de las centrales obreras se basan en que la ley habilita el pago de un salario inferior al m\u00ednimo legal, el despido sin beneficios sociales, adem\u00e1s de violentar la libertad sindical y la contrataci\u00f3n colectiva.<\/p>\n<p align=\"LEFT\">Adem\u00e1s afectar\u00e1 al 80 por ciento de los trabajadores, ya que la ley contempla como Mipyme a aquellas que tengan menos de 30 trabajadores.<\/p>\n<p align=\"LEFT\">La CUT-A calific\u00f3 la normativa como \u201catentatoria contra la seguridad social, porque facilita la disoluci\u00f3n de empresas formalizadas para convertirlas en Mipymes y ampl\u00eda la burocracia al crear un Viceministerio de Mipymes\u201d.<\/p>\n<p align=\"LEFT\">Para la CNT esta norma \u201ces un caballo sin freno que apunta a arrebatar gran parte de los derechos de los trabajadores, reconocidos en la Constituci\u00f3n Nacional, en la Declaraci\u00f3n de los Derechos del Hombres y en lo Convenios de la OIT ratificados por nuestro pa\u00eds y reafirmados en el C\u00f3digo Laboral de 1993\/95\u201d.<\/p>\n<p align=\"LEFT\">Entre los puntos repudiados a la Ley de Fomento de\u00a0 Mipymes por ambas centrales, que apuntan contra coraz\u00f3n de la conquista de los derechos de los trabajadores, est\u00e1n el permiso a pagar salarios inferiores al m\u00ednimo, el despido sin indemnizaci\u00f3n ni derecho al preaviso, la eliminaci\u00f3n de la estabilidad, el impulso a la tercerizaci\u00f3n, el fin de los aportes jubilatorios, la dificultad para organizarse sindicalmente,, y la privaci\u00f3n para que los trabajadores puedan defender sus derechos en el Fuero Laboral.<\/p>\n<p align=\"LEFT\">Adolfo \u201cFito\u201d Aguirre, secretario de Relaciones Internacionales de la CTA expres\u00f3 la \u201csolidaridad de nuestra central con los trabajadores paraguayos y sus organizaciones gremiales ante este atropello contra los derechos adquiridos\u201d, al tiempo que llam\u00f3 \u201ca estar atentos en toda la regi\u00f3n a este tipo de intentos del mercado y sus intereses especulativos\u201d.<\/p>\n<p align=\"LEFT\">(<em>11.05.2012<\/em>)<\/p>\n<p>&nbsp;<\/p>\n","protected":false},"excerpt":{"rendered":"La CUT-A y la CNT de Paraguay expresaron su total rechazo a la nueva ley de micro, peque\u00f1as y medianas empresas porque implica \n<a class=\"moretag\" href=\"https:\/\/ctainternacionales.org\/?p=1188\"> [...]<\/a>","protected":false},"author":1,"featured_media":0,"comment_status":"closed","ping_status":"closed","sticky":false,"template":"","format":"standard","meta":{"ngg_post_thumbnail":0,"footnotes":""},"categories":[],"tags":[],"class_list":["post-1188","post","type-post","status-publish","format-standard","hentry"],"_links":{"self":[{"href":"https:\/\/ctainternacionales.org\/index.php?rest_route=\/wp\/v2\/posts\/1188","targetHints":{"allow":["GET"]}}],"collection":[{"href":"https:\/\/ctainternacionales.org\/index.php?rest_route=\/wp\/v2\/posts"}],"about":[{"href":"https:\/\/ctainternacionales.org\/index.php?rest_route=\/wp\/v2\/types\/post"}],"author":[{"embeddable":true,"href":"https:\/\/ctainternacionales.org\/index.php?rest_route=\/wp\/v2\/users\/1"}],"replies":[{"embeddable":true,"href":"https:\/\/ctainternacionales.org\/index.php?rest_route=%2Fwp%2Fv2%2Fcomments&post=1188"}],"version-history":[{"count":3,"href":"https:\/\/ctainternacionales.org\/index.php?rest_route=\/wp\/v2\/posts\/1188\/revisions"}],"predecessor-version":[{"id":1245,"href":"https:\/\/ctainternacionales.org\/index.php?rest_route=\/wp\/v2\/posts\/1188\/revisions\/1245"}],"wp:attachment":[{"href":"https:\/\/ctainternacionales.org\/index.php?rest_route=%2Fwp%2Fv2%2Fmedia&parent=1188"}],"wp:term":[{"taxonomy":"category","embeddable":true,"href":"https:\/\/ctainternacionales.org\/index.php?rest_route=%2Fwp%2Fv2%2Fcategories&post=1188"},{"taxonomy":"post_tag","embeddable":true,"href":"https:\/\/ctainternacionales.org\/index.php?rest_route=%2Fwp%2Fv2%2Ftags&post=1188"}],"curies":[{"name":"wp","href":"https:\/\/api.w.org\/{rel}","templated":true}]}}