{"id":1183,"date":"2012-05-10T19:29:39","date_gmt":"2012-05-10T19:29:39","guid":{"rendered":"http:\/\/www.ctainternacionales.org\/?p=1183"},"modified":"2012-05-22T17:21:38","modified_gmt":"2012-05-22T17:21:38","slug":"definiciones-estrategicas-en-una-nueva-plenaria-sindical-del-cono-sur","status":"publish","type":"post","link":"https:\/\/ctainternacionales.org\/?p=1183","title":{"rendered":"Definiciones estrat\u00e9gicas en una nueva plenaria sindical del cono sur"},"content":{"rendered":"<p align=\"LEFT\"><a href=\"http:\/\/www.ctainternacionales.org\/wp-content\/uploads\/2012\/05\/Fito.jpg\"><img loading=\"lazy\" decoding=\"async\" class=\"alignnone size-thumbnail wp-image-1184\" title=\"Fito\" src=\"http:\/\/www.ctainternacionales.org\/wp-content\/uploads\/2012\/05\/Fito-307x203.jpg\" alt=\"\" width=\"307\" height=\"203\" \/><\/a>Derechos laborales, Cumbre de R\u00edo+20, crisis financiera y autofinanciamiento fueron los ejes de la plenaria que la Coordinadora de Centrales Sindicales del Cono Sur (CCSCS) trat\u00f3 en la plenaria que que se realiz\u00f3 en Montevideo a principio de esta semana y de la cual particip\u00f3 Adolfo \u00abFito\u00bb Aguirre, por la CTA.<!--more--><\/p>\n<p align=\"LEFT\"><em><strong><a href=\"http:\/\/www.ctainternacionales.org\/wp-content\/uploads\/2012\/05\/Fito1.jpg\"><img loading=\"lazy\" decoding=\"async\" class=\"alignnone size-medium wp-image-1185\" title=\"Fito\" src=\"http:\/\/www.ctainternacionales.org\/wp-content\/uploads\/2012\/05\/Fito1-465x308.jpg\" alt=\"\" width=\"465\" height=\"308\" \/><\/a>Derechos laborales, Cumbre de R\u00edo+20, crisis financiera y autofinanciamiento fueron los ejes de la plenaria que la Coordinadora de Centrales Sindicales del Cono Sur (CCSCS) trat\u00f3 en la plenaria que que se realiz\u00f3 en Montevideo a principio de esta semana y de la cual particip\u00f3 Adolfo \u00abFito\u00bb Aguirre, por la CTA.<\/strong><\/em><\/p>\n<p align=\"LEFT\">La plenaria de la Coordinadora de Centrales Sindicales del Cono Sur (CCSCS), que agrupa a 13 organizaciones obreras de Argentina, Brasil, Chile, Paraguay y Ururguay, se realiz\u00f3 el 7 y 8 de mayo en Montevideo.<\/p>\n<p align=\"LEFT\">Adolfo Aguirre, secretario de Relaciones Internacionales de la CTA, particip\u00f3 de este encuentro del que destac\u00f3 \u201clas definiciones estrat\u00e9gicas que se tomaron\u201d.<\/p>\n<p align=\"LEFT\">El dirigente, que fue secretario general de la CCSCS en el per\u00edodo 2009-2011, valor\u00f3 \u201cla mirada que se puso en generar pol\u00edticas de acci\u00f3n ante la crisis financiera actual, la defensa de los recursos naturales los derechos laborales en la regi\u00f3n y poner el pensamiento para generar propuestas superadoras desde una visi\u00f3n de la clase trabajadora\u201d.<\/p>\n<p align=\"LEFT\">En ese sentido, uno de los acuerdos fue crear una coordinaci\u00f3n de los institutos de estudios y formaci\u00f3n de las centrales sindicales donde se puedan plasmar las ideas, an\u00e1lisis y propuestas de los trabajadores. Al respecto se hizo un llamado a asociarse y tomar de ejemplo la tarea del Departamento Intersindical de Estad\u00edstica y Estudios Socioecon\u00f3micos (Dieese), que apoyan las centrales obreras de Brasil.<\/p>\n<p align=\"LEFT\">En referencia al sostenimiento de la Coordinadora ante el cese de la cooperaci\u00f3n que realizaba Comisones Obreras de Espa\u00f1a (CCOO) se consensu\u00f3 llegar a un sistema autofinaciamiento de todas las centrales para sostener la estructura.<\/p>\n<p align=\"LEFT\">Tambi\u00e9n se acord\u00f3 la preparaci\u00f3n de dos documentos,uno que avance en propuestas para la preservaci\u00f3n de las fuentes de trabajo, acuerdos regionales laborales y un posicionamiento de la CCSCS sobre la crisis financiera internacional, cuya base est\u00e1 realizando el Instituto Cuesta Duarte, de la central obrera uruguaya PIT-CNT y conduce el dirigente Milton Castellanos. El otro es la mirada de los trabajadores del cono sur Rumbo a la Cumbre Mundial de Cambio Clim\u00e1tico, conocida como R\u00edo+20.<\/p>\n<p align=\"LEFT\">Las pr\u00f3ximas reuniones del CCSCS ser\u00e1n el 21 de mayo en Buenos Aires, en el marco de la reuni\u00f3n de los organismos sociolaborales del Mercosur y, luego, en Chile, se har\u00e1 la plenaria el 30 y 31 de julio.<\/p>\n<p align=\"LEFT\">(<em>10.05.2012<\/em>)<\/p>\n<p>&nbsp;<\/p>\n","protected":false},"excerpt":{"rendered":"Derechos laborales, Cumbre de R\u00edo+20, crisis financiera y autofinanciamiento fueron los ejes de la plenaria que la Coordinadora de Centrales Sindicales del Cono \n<a class=\"moretag\" href=\"https:\/\/ctainternacionales.org\/?p=1183\"> [...]<\/a>","protected":false},"author":1,"featured_media":0,"comment_status":"closed","ping_status":"closed","sticky":false,"template":"","format":"standard","meta":{"ngg_post_thumbnail":0,"footnotes":""},"categories":[],"tags":[],"class_list":["post-1183","post","type-post","status-publish","format-standard","hentry"],"_links":{"self":[{"href":"https:\/\/ctainternacionales.org\/index.php?rest_route=\/wp\/v2\/posts\/1183","targetHints":{"allow":["GET"]}}],"collection":[{"href":"https:\/\/ctainternacionales.org\/index.php?rest_route=\/wp\/v2\/posts"}],"about":[{"href":"https:\/\/ctainternacionales.org\/index.php?rest_route=\/wp\/v2\/types\/post"}],"author":[{"embeddable":true,"href":"https:\/\/ctainternacionales.org\/index.php?rest_route=\/wp\/v2\/users\/1"}],"replies":[{"embeddable":true,"href":"https:\/\/ctainternacionales.org\/index.php?rest_route=%2Fwp%2Fv2%2Fcomments&post=1183"}],"version-history":[{"count":4,"href":"https:\/\/ctainternacionales.org\/index.php?rest_route=\/wp\/v2\/posts\/1183\/revisions"}],"predecessor-version":[{"id":1224,"href":"https:\/\/ctainternacionales.org\/index.php?rest_route=\/wp\/v2\/posts\/1183\/revisions\/1224"}],"wp:attachment":[{"href":"https:\/\/ctainternacionales.org\/index.php?rest_route=%2Fwp%2Fv2%2Fmedia&parent=1183"}],"wp:term":[{"taxonomy":"category","embeddable":true,"href":"https:\/\/ctainternacionales.org\/index.php?rest_route=%2Fwp%2Fv2%2Fcategories&post=1183"},{"taxonomy":"post_tag","embeddable":true,"href":"https:\/\/ctainternacionales.org\/index.php?rest_route=%2Fwp%2Fv2%2Ftags&post=1183"}],"curies":[{"name":"wp","href":"https:\/\/api.w.org\/{rel}","templated":true}]}}