{"id":1178,"date":"2012-05-09T17:08:51","date_gmt":"2012-05-09T17:08:51","guid":{"rendered":"http:\/\/www.ctainternacionales.org\/?p=1178"},"modified":"2012-05-28T15:12:50","modified_gmt":"2012-05-28T15:12:50","slug":"congreso-de-panama","status":"publish","type":"post","link":"https:\/\/ctainternacionales.org\/?p=1178","title":{"rendered":"Congreso de Panam\u00e1"},"content":{"rendered":"<p>Julio Ortellado, director de Organizaci\u00f3n de la Central de Trabajadores de la Argentina, particip\u00f3 en Panam\u00e1 en el 6\u00ba Congreso Ordinario de la central mayoritaria de ese pa\u00eds centroamericano, Convergencia Sindical (CS).<!--more--><\/p>\n<p><em><strong>Julio Ortellado, director de Organizaci\u00f3n de la Central de Trabajadores de la Argentina (CTA), particip\u00f3 en Panam\u00e1 en el 6\u00ba Congreso Ordinario de la central mayoritaria de Panam\u00e1, Convergencia Sindical (CS).<\/strong><\/em><\/p>\n<p>El encuentro se realiz\u00f3 en un hotel c\u00e9ntrico de la capital del pa\u00eds centroamericano, el 28 y 29 de abril, y cont\u00f3 con la presencia de dirigentes sindicales locales e internacionales, como el secretario general de la Confederaci\u00f3n Sindical de las Am\u00e9rica (CSA), V\u00edctor B\u00e1ez; la secretaria de Educaci\u00f3n de esa entidad, Amanda Villatoro; el representante de los metal\u00fargicos de B\u00e9gica (MWB), Mario Lara; Julio Ortellado de la CTA; y representantes de otras centrales paname\u00f1as: Aniano Pinz\u00f3n, coordinador de Conato; Gabriel Castillo, secretario general de Conusi; Mariano Mena, titular de la CGTP y su par de la CNTP, Elbertos Cobos.<\/p>\n<p>En el acto inaugural del 6\u00ba Congreso Ordinario de Convergencia Sindical (CS) se dict\u00f3 una conferencia sobre seguridad social que, a su vez, se fijaron varias l\u00edneas estrat\u00e9gicas para los pr\u00f3ximos a\u00f1os sobre temas salariales, fortalecimiento de los sindicatos, defensa de los trabajadores en materia de salud y protecci\u00f3n laboral, y el desarrollo de una seguridad social, con m\u00e1s protecci\u00f3n y m\u00e1s universalidad.<\/p>\n<p>Asimismo, CS eligi\u00f3 para el pr\u00f3ximo per\u00edodo la nuevas autoridades. Fueron electos para dirigir la organizaci\u00f3n el compa\u00f1ero Miguel Edward, actual secretario Adjunto y Nilda Rodr\u00edguez, actual secretaria de Proyectos.<\/p>\n<p>Edwar manifest\u00f3 su convicci\u00f3n en la b\u00fasqueda de la \u201cunidad del sindicalismo paname\u00f1o\u201d.<\/p>\n<p>\u201cEn el tema de la unidad, las cosas no cambian, seguiremos apostando por la unidad, porque entendemos que es crucial para alcanzar mejores condiciones salariales y de vida para los trabajadores\u201d, afirm\u00f3 el dirigente.<\/p>\n<p>&nbsp;<\/p>\n<p>(<em>09.05.2012<\/em>)<\/p>\n<p>&nbsp;<\/p>\n","protected":false},"excerpt":{"rendered":"Julio Ortellado, director de Organizaci\u00f3n de la Central de Trabajadores de la Argentina, particip\u00f3 en Panam\u00e1 en el 6\u00ba Congreso Ordinario de la \n<a class=\"moretag\" href=\"https:\/\/ctainternacionales.org\/?p=1178\"> [...]<\/a>","protected":false},"author":1,"featured_media":0,"comment_status":"closed","ping_status":"closed","sticky":false,"template":"","format":"standard","meta":{"ngg_post_thumbnail":0,"footnotes":""},"categories":[],"tags":[],"class_list":["post-1178","post","type-post","status-publish","format-standard","hentry"],"_links":{"self":[{"href":"https:\/\/ctainternacionales.org\/index.php?rest_route=\/wp\/v2\/posts\/1178","targetHints":{"allow":["GET"]}}],"collection":[{"href":"https:\/\/ctainternacionales.org\/index.php?rest_route=\/wp\/v2\/posts"}],"about":[{"href":"https:\/\/ctainternacionales.org\/index.php?rest_route=\/wp\/v2\/types\/post"}],"author":[{"embeddable":true,"href":"https:\/\/ctainternacionales.org\/index.php?rest_route=\/wp\/v2\/users\/1"}],"replies":[{"embeddable":true,"href":"https:\/\/ctainternacionales.org\/index.php?rest_route=%2Fwp%2Fv2%2Fcomments&post=1178"}],"version-history":[{"count":6,"href":"https:\/\/ctainternacionales.org\/index.php?rest_route=\/wp\/v2\/posts\/1178\/revisions"}],"predecessor-version":[{"id":1241,"href":"https:\/\/ctainternacionales.org\/index.php?rest_route=\/wp\/v2\/posts\/1178\/revisions\/1241"}],"wp:attachment":[{"href":"https:\/\/ctainternacionales.org\/index.php?rest_route=%2Fwp%2Fv2%2Fmedia&parent=1178"}],"wp:term":[{"taxonomy":"category","embeddable":true,"href":"https:\/\/ctainternacionales.org\/index.php?rest_route=%2Fwp%2Fv2%2Fcategories&post=1178"},{"taxonomy":"post_tag","embeddable":true,"href":"https:\/\/ctainternacionales.org\/index.php?rest_route=%2Fwp%2Fv2%2Ftags&post=1178"}],"curies":[{"name":"wp","href":"https:\/\/api.w.org\/{rel}","templated":true}]}}