{"id":1143,"date":"2012-04-29T17:26:39","date_gmt":"2012-04-29T17:26:39","guid":{"rendered":"http:\/\/www.ctainternacionales.org\/?p=1143"},"modified":"2012-05-09T17:09:24","modified_gmt":"2012-05-09T17:09:24","slug":"solidaridad-saharaui","status":"publish","type":"post","link":"https:\/\/ctainternacionales.org\/?p=1143","title":{"rendered":"Solidaridad saharaui"},"content":{"rendered":"<p>De manera conjunta la CTA y la CUT de Brasil impulsaron en el II Congreso de la Confederaci\u00f3n Sindical de Trabajadores y Trabajadoras de las Am\u00e9ricas (CSA) una declaraci\u00f3n de solidaridad con el pueblo saharaui.<!--more--><em><strong><\/strong><\/em><\/p>\n<p><em><strong>De manera conjunta la CTA y la CUT de Brasil impulsaron en el II Congreso de la Confederaci\u00f3n Sindical de Trabajadores y Trabajadoras de las Am\u00e9ricas (CSA) una declaraci\u00f3n de solidaridad con el pueblo saharaui.<\/strong><\/em><\/p>\n<p>El v\u00ednculo hist\u00f3rico que une a las centrales obreras de la CTA y la CUT de Brasil con la causa independentista del pueblo del Sahara Occidental deriv\u00f3 en una declaraci\u00f3n del congreso de \u201csolidaridad con el pueblo y los trabajadores saharaui que padecen las constantes violaciones de los m\u00e1s elementales derechos por parte del Reino de Marruecos, potencia ocupante y cuya presencia en el Sahara Occidental es por lo tanto ilegal\u201d.<\/p>\n<p>En ese sentido, se pronunci\u00f3 \u201ca favor de la m\u00e1s urgente y efectiva acci\u00f3n de Naciones Unidas que asegure, a trav\u00e9s de la Misi\u00f3n de Naciones Unidas para el Refer\u00e9ndum en el S\u00e1hara Occidental (MINURSO), la celebraci\u00f3n del refer\u00e9ndum de autodeterminaci\u00f3n, postergado una y otra vez, por m\u00e1s de 20 a\u00f1os.<\/p>\n<p>En otro de los p\u00e1rrafos se repudi\u00f3 \u201cde forma contundente las pr\u00e1cticas sistem\u00e1ticas de las violaciones a los DD.HH del pueblo saharaui por parte del Reino de Marruecos\u201d.<\/p>\n<p>Al tiempo que se denunci\u00f3 \u201cel saqueo de los recursos naturales y patrimoniales que constituyen la riqueza de la Rep\u00fablica Saharaui, fundamentalmente la pesca, los fosfatos y otros minerales\u201d.<\/p>\n<p>Tambi\u00e9n se realiz\u00f3 una solicitud al secretario General de la Organizaci\u00f3n de Naciones Unidas (ONU), para que encargue de forma inmediata a la Misi\u00f3n de las Naciones Unidas, la MINURSO, \u201cde proteger y garantizar el disfrute de los derechos humanos por parta de los habitantes, abriendo el territorio, que se encuentra oficialmente bajo supervisi\u00f3n de la ONU a los observadores internacionales y a la prensa independiente\u201d.<\/p>\n<p>Por \u00faltimo se hizo un llamado \u201ca las naciones y gobiernos, que a\u00fan no lo han hecho, a reconocer a la Rep\u00fablica Saharaui (RASD), contribuyendo a una descolonizaci\u00f3n e independencia completa del pueblo saharaui\u201d, \u00faltimo enclave colonial de Africa.<\/p>\n<p>&nbsp;<\/p>\n<p>(<em>28.04.2012<\/em>)<\/p>\n<p>&nbsp;<\/p>\n","protected":false},"excerpt":{"rendered":"De manera conjunta la CTA y la CUT de Brasil impulsaron en el II Congreso de la Confederaci\u00f3n Sindical de Trabajadores y Trabajadoras \n<a class=\"moretag\" href=\"https:\/\/ctainternacionales.org\/?p=1143\"> [...]<\/a>","protected":false},"author":1,"featured_media":0,"comment_status":"closed","ping_status":"closed","sticky":false,"template":"","format":"standard","meta":{"ngg_post_thumbnail":0,"footnotes":""},"categories":[],"tags":[],"class_list":["post-1143","post","type-post","status-publish","format-standard","hentry"],"_links":{"self":[{"href":"https:\/\/ctainternacionales.org\/index.php?rest_route=\/wp\/v2\/posts\/1143","targetHints":{"allow":["GET"]}}],"collection":[{"href":"https:\/\/ctainternacionales.org\/index.php?rest_route=\/wp\/v2\/posts"}],"about":[{"href":"https:\/\/ctainternacionales.org\/index.php?rest_route=\/wp\/v2\/types\/post"}],"author":[{"embeddable":true,"href":"https:\/\/ctainternacionales.org\/index.php?rest_route=\/wp\/v2\/users\/1"}],"replies":[{"embeddable":true,"href":"https:\/\/ctainternacionales.org\/index.php?rest_route=%2Fwp%2Fv2%2Fcomments&post=1143"}],"version-history":[{"count":3,"href":"https:\/\/ctainternacionales.org\/index.php?rest_route=\/wp\/v2\/posts\/1143\/revisions"}],"predecessor-version":[{"id":1180,"href":"https:\/\/ctainternacionales.org\/index.php?rest_route=\/wp\/v2\/posts\/1143\/revisions\/1180"}],"wp:attachment":[{"href":"https:\/\/ctainternacionales.org\/index.php?rest_route=%2Fwp%2Fv2%2Fmedia&parent=1143"}],"wp:term":[{"taxonomy":"category","embeddable":true,"href":"https:\/\/ctainternacionales.org\/index.php?rest_route=%2Fwp%2Fv2%2Fcategories&post=1143"},{"taxonomy":"post_tag","embeddable":true,"href":"https:\/\/ctainternacionales.org\/index.php?rest_route=%2Fwp%2Fv2%2Ftags&post=1143"}],"curies":[{"name":"wp","href":"https:\/\/api.w.org\/{rel}","templated":true}]}}