{"id":1135,"date":"2012-05-02T17:02:43","date_gmt":"2012-05-02T17:02:43","guid":{"rendered":"http:\/\/www.ctainternacionales.org\/?p=1135"},"modified":"2012-05-17T17:01:28","modified_gmt":"2012-05-17T17:01:28","slug":"resistencia-francesa","status":"publish","type":"post","link":"https:\/\/ctainternacionales.org\/?p=1135","title":{"rendered":"Resistencia francesa"},"content":{"rendered":"<p>Por vez primera en m\u00e1s de treinta a\u00f1os, una nueva fuerza pol\u00edtica francesa\u2013 no s\u00f3lo a la izquierda de los socialistas sino tambi\u00e9n sin miedo a afirmarse como alternativa a ellos \u2013 ha conseguido resultados de dos cifras en unas elecciones presidenciales.<!--more--><\/p>\n<p><em><strong>Por vez primera en m\u00e1s de treinta a\u00f1os, una nueva fuerza pol\u00edtica francesa\u2013 no s\u00f3lo a la izquierda de los socialistas sino tambi\u00e9n sin miedo a afirmarse como alternativa a ellos \u2013 ha conseguido resultados de dos cifras en unas elecciones presidenciales: un 11.1%, que se incrementa hasta un 16% en las grandes ciudades. Este logro del Front de Gauche (Frente de Izquierdas) representa el \u00e9xito m\u00e1s reciente y contundente de la \u00abotra izquierda\u00bb en Europa.<\/strong><\/em><\/p>\n<p>Tras muchos a\u00f1os de fragmentaci\u00f3n, el Front de Gauche ha logrado unificar las fuerzas izquierdistas que abogan por una transformaci\u00f3n social y medioambiental. Ahora debemos asegurarnos de que Nicolas Sarkozy es expulsado del El\u00edseo mediante una derrota aplastante en la segunda vuelta de las elecciones presidenciales, el 6 de mayo. El pueblo franc\u00e9s y el movimiento sindical tendr\u00e1n mucho que perder si la derecha radicalizada \u2013 que va, adem\u00e1s, tras los votos de la extrema derecha \u2013 monopoliza el poder del Estado. Esta es nuestra primera y urgente misi\u00f3n.<\/p>\n<p>Pero este objetivo a corto plazo no debiera confundirse en modo alguno con un apoyo al candidato del Partido Socialista o su programa. Las pol\u00edticas de Fran\u00e7ois Hollande est\u00e1n destinadas, con algunas excepciones, a satisfacer los requisitos de los mercados financieros y la regla \u00abde oro\u00bb de un presupuesto equilibrado del pacto fiscal europeo, que \u00e9l se niega a someter a refer\u00e9ndum popular.<\/p>\n<p>El Frente de Izquierdas, creado en 2009, ha movilizado en sus primeras elecciones presidenciales a cerca de cuatro millones de personas. Eso supone casi tres millones m\u00e1s que en las dos elecciones nacionales previas \u2013 las europeas de 2009 y las regionales de 2010 \u2013 en las que el partido hab\u00eda presentado candidatos. A lo largo de estas elecciones, nuestra agenda ha sido clara. Rechazamos la austeridad en Francia y en Europa todas sus formas (ya se trate de las medidas \u00abduras\u00bb de la derecha conservadora o las \u00abblandas\u00bb de la socialdemocracia); rechazamos los tratados neoliberales existentes de la UE; exigimos una nueva distribuci\u00f3n de la riqueza en favor de los trabajadores y de quienes tienen un empleo inseguro y queremos servicios p\u00fablicos que sean distintos de los de una sociedad mercantilizada. Queremos hacer uso de la planificaci\u00f3n ecol\u00f3gica para salir de la crisis capitalista; un mayor compromiso p\u00fablico en los asuntos de Estado para contrarrestar nuestra democracia olig\u00e1rquica y un plan de salida de la OTAN y las constricciones atlantistas impuestas a nuestro pa\u00eds.<\/p>\n<p>El Front de Gauche ser\u00e1 tambi\u00e9n un frente popular y luchar\u00e1 incansablemente contra el Front Nationale de extrema derecha, cuyo aumento de popularidad es por supuesto preocupante. Acertamos al tomarlo como blanco, analizando y desafiando sus propuestas lo largo de nuestra campa\u00f1a. Fuimos los \u00fanicos en llevar a cabo esa tarea: sin haber centrado en \u00e9l nuestra atenci\u00f3n, tal vez los resultados habr\u00edan sido todav\u00eda m\u00e1s alarmantes.<\/p>\n<p>Pero lo que est\u00e1 claro es que ha llegado ya la hora de la resistencia a los mercados financieros. Fue divertido observar esta semana a algunos destacados representantes de la oligarqu\u00eda financiera \u2013como Mario Monti, primer ministro italiano, y Mario Draghi, presidente del Banco Central Europeo, por ejemplo \u2013 vindicar nuestro an\u00e1lisis de los peligros de las pol\u00edticas de austeridad. Estas conducen a las econom\u00edas europeas a una recesi\u00f3n que trae, como las nubes traen tormenta, desempleo y pobreza para los pueblos de Europa. Seg\u00fan Draghi, ser\u00eda adecuado incluso volver atr\u00e1s y completar el \u00abpacto fiscal\u00bb con un \u00abpacto de crecimiento\u00bb. Con ello se equipara a las opiniones tanto de Monti como de Hollande. Pero, \u00bfqu\u00e9 clase de crecimiento ser\u00eda? \u00bfUn crecimiento que promueve la flexibilidad de los mercados de trabajo como motor de la \u00abcompetitividad\u00bb de las econom\u00edas europeas?<\/p>\n<p>El Front de Gauche ofrece una concepci\u00f3n diferente de la econom\u00eda, la sociedad y la UE. En este contexto, tenemos otra raz\u00f3n imperiosa para desalojar a Sarkozy de su sill\u00f3n presidencial. Libr\u00e1ndonos de \u00e9l, romperemos el eje \u00abausteritario\u00bb simbolizado por la relaci\u00f3n Merkel-Sarkozy. Ello nos permitir\u00eda finalmente seguir adelante y construir un nuevo equilibrio de poder en Europa, que de verdad desaf\u00ede la pol\u00edtica de austeridad.<\/p>\n<p>En esta batalla el Front de Gauche tiene, en Francia, las llaves del futuro.<\/p>\n<p>&nbsp;<\/p>\n<p>(<em>Jean-Luc M\u00e9lenchon: 02.05.2012<\/em>)<\/p>\n","protected":false},"excerpt":{"rendered":"Por vez primera en m\u00e1s de treinta a\u00f1os, una nueva fuerza pol\u00edtica francesa\u2013 no s\u00f3lo a la izquierda de los socialistas sino tambi\u00e9n \n<a class=\"moretag\" href=\"https:\/\/ctainternacionales.org\/?p=1135\"> [...]<\/a>","protected":false},"author":1,"featured_media":0,"comment_status":"closed","ping_status":"closed","sticky":false,"template":"","format":"standard","meta":{"ngg_post_thumbnail":0,"footnotes":""},"categories":[],"tags":[],"class_list":["post-1135","post","type-post","status-publish","format-standard","hentry"],"_links":{"self":[{"href":"https:\/\/ctainternacionales.org\/index.php?rest_route=\/wp\/v2\/posts\/1135","targetHints":{"allow":["GET"]}}],"collection":[{"href":"https:\/\/ctainternacionales.org\/index.php?rest_route=\/wp\/v2\/posts"}],"about":[{"href":"https:\/\/ctainternacionales.org\/index.php?rest_route=\/wp\/v2\/types\/post"}],"author":[{"embeddable":true,"href":"https:\/\/ctainternacionales.org\/index.php?rest_route=\/wp\/v2\/users\/1"}],"replies":[{"embeddable":true,"href":"https:\/\/ctainternacionales.org\/index.php?rest_route=%2Fwp%2Fv2%2Fcomments&post=1135"}],"version-history":[{"count":2,"href":"https:\/\/ctainternacionales.org\/index.php?rest_route=\/wp\/v2\/posts\/1135\/revisions"}],"predecessor-version":[{"id":1205,"href":"https:\/\/ctainternacionales.org\/index.php?rest_route=\/wp\/v2\/posts\/1135\/revisions\/1205"}],"wp:attachment":[{"href":"https:\/\/ctainternacionales.org\/index.php?rest_route=%2Fwp%2Fv2%2Fmedia&parent=1135"}],"wp:term":[{"taxonomy":"category","embeddable":true,"href":"https:\/\/ctainternacionales.org\/index.php?rest_route=%2Fwp%2Fv2%2Fcategories&post=1135"},{"taxonomy":"post_tag","embeddable":true,"href":"https:\/\/ctainternacionales.org\/index.php?rest_route=%2Fwp%2Fv2%2Ftags&post=1135"}],"curies":[{"name":"wp","href":"https:\/\/api.w.org\/{rel}","templated":true}]}}