{"id":1125,"date":"2012-04-26T20:53:57","date_gmt":"2012-04-26T20:53:57","guid":{"rendered":"http:\/\/www.ctainternacionales.org\/?p=1125"},"modified":"2012-05-09T16:20:14","modified_gmt":"2012-05-09T16:20:14","slug":"micheli-elogio-el-rol-de-la-secretaria-de-relaciones-internacionales","status":"publish","type":"post","link":"https:\/\/ctainternacionales.org\/?p=1125","title":{"rendered":"Micheli elogi\u00f3 el rol de la Secretar\u00eda de Relaciones Internacionales"},"content":{"rendered":"<p><a href=\"http:\/\/www.ctainternacionales.org\/wp-content\/uploads\/2012\/04\/CTA_1087_rec.jpg\"><img loading=\"lazy\" decoding=\"async\" class=\"alignnone size-thumbnail wp-image-1126\" title=\"CTA_1087_rec\" src=\"http:\/\/www.ctainternacionales.org\/wp-content\/uploads\/2012\/04\/CTA_1087_rec-307x203.jpg\" alt=\"\" width=\"307\" height=\"203\" \/><\/a>Durante su discurso en la apertura del 3\u00ba Consejo Federal de la CTA, su secretario general, Pablo Micheli, elogi\u00f3 \u00abla impresionante tarea de Fito Aguirre, nuestro secretario de Relaciones Internacionales, para que seamos la CTA reconocida en el mundo\u201d.<!--more--><\/p>\n<p><em><strong><a href=\"http:\/\/www.ctainternacionales.org\/wp-content\/uploads\/2012\/04\/CTA_1087_rec1.jpg\"><img loading=\"lazy\" decoding=\"async\" class=\"alignnone size-full wp-image-1127\" title=\"CTA_1087_rec\" src=\"http:\/\/www.ctainternacionales.org\/wp-content\/uploads\/2012\/04\/CTA_1087_rec1.jpg\" alt=\"\" width=\"400\" height=\"265\" \/><\/a>Durante su discurso en la apertura del 3\u00ba Consejo Federal de la CTA, su secretario general, Pablo Micheli, elogi\u00f3 \u00abla impresionante tarea de Fito Aguirre, nuestro secretario de Relaciones Internacionales, para que seamos la CTA reconocida en el mundo\u201d.<\/strong><\/em><\/p>\n<p>Con la presencia de m\u00e1s de 200 representantes de todo el pa\u00eds, el 3\u00ba Consejo Federal de la CTA se reuni\u00f3 este mi\u00e9rcoles en la sede nacional de la Asociaci\u00f3n de Trabajadores del Estado (ATE-CTA) y resolvi\u00f3 por unanimidad llevar adelante un paro nacional el 8 de junio con movilizaciones y cortes de ruta en todo el pa\u00eds.<\/p>\n<p>Paritarias sin techo pero con piso de 5 mil pesos, eliminaci\u00f3n del impuesto a las ganancias, 82% m\u00f3vil para los jubilados y una jubilaci\u00f3n m\u00ednima equivalente al salario m\u00ednimo fueron algunos de los ejes reivindicativos votados por el Confederal, fueron algunos de ellos ejes aprobados.<\/p>\n<p>En este marco y en la apertura Micheli alab\u00f3 el trabajo de la Secretar\u00eda de Relaciones Internacionales, a cargo de Adolfo \u00abFito\u00bb Aguirre, que logr\u00f3 \u201cinstalar nuevamente a la CTA en el mundo y en toda Am\u00e9rica Latina, despejando las dudas y haciendo reconocer la legitimidad de nuestra central\u201d. En ese sentido, se\u00f1al\u00f3 la importancia de los cargos obtenidos en el Consejo Ejecutivo de la Confederaci\u00f3n Sindical de las Am\u00e9ricas (CSA).<\/p>\n<p>\u201cLa confederaci\u00f3n m\u00e1s importante del continente americano, que re\u00fane a centrales de Am\u00e9rica del Sur, Central, Caribe y del Norte que han reconocido a nuestra central por su capacidad de lucha, por eso el titular en el Consejo Ejecutivo de la CSA es Fito y Ricardo Peidro y Viviana Garc\u00eda, son los dos suplentes, de los tres cargos posibles para la CTA, fuimos ratificados en los tres, y esto por la confianza no solo de las centrales latinoamericanas, sino tambi\u00e9n por las canadienses y la central de los Estados Unidos\u201d, se explay\u00f3 el titular ceteatista.<\/p>\n<p>Y agreg\u00f3: \u201cTodo esto se logr\u00f3 por nuestra capacidad de movilizaci\u00f3n, por las acciones que llevamos adelante que fueron vistas por todas las centrales sindicales de Latinoam\u00e9rica, a las que no les qued\u00f3 dudas de cual es la central que levant\u00f3 en las calles la bandera de las reivindicaciones de los trabajadores y trabajadoras de la Argentina, de cual es la central que sigue peleando por todo lo que perdimos hasta el 2001 y lo que queda por recuperar\u201d.<\/p>\n<p>El cierre del congreso fue con la lectura de las resoluciones del 3\u00ba Consejo Federal que defini\u00f3 un paro nacional con movilizaciones y cortes de ruta en todo el pa\u00eds para el 8 de junio; un encuentro de trabajadores privados el 25 de agosto; un encuentro de organizaciones sociales y territoriales con fecha a determinar; la realizaci\u00f3n de asambleas de la Constituyente Social y de las campa\u00f1as sobre soberan\u00eda energ\u00e9tica. Tambi\u00e9n declar\u00f3 de inter\u00e9s el congreso de la Federaci\u00f3n de Trabajadores de la Energ\u00eda de la Rep\u00fablica Argentina (FeTERA-CTA) que se llevar\u00e1 a cabo el 18 y 19 de mayo en Mar del Plata.<\/p>\n<p>&nbsp;<\/p>\n<p>(<em>26.04.2012<\/em>)<\/p>\n","protected":false},"excerpt":{"rendered":"Durante su discurso en la apertura del 3\u00ba Consejo Federal de la CTA, su secretario general, Pablo Micheli, elogi\u00f3 \u00abla impresionante tarea de \n<a class=\"moretag\" href=\"https:\/\/ctainternacionales.org\/?p=1125\"> [...]<\/a>","protected":false},"author":1,"featured_media":0,"comment_status":"closed","ping_status":"closed","sticky":false,"template":"","format":"standard","meta":{"ngg_post_thumbnail":0,"footnotes":""},"categories":[],"tags":[],"class_list":["post-1125","post","type-post","status-publish","format-standard","hentry"],"_links":{"self":[{"href":"https:\/\/ctainternacionales.org\/index.php?rest_route=\/wp\/v2\/posts\/1125","targetHints":{"allow":["GET"]}}],"collection":[{"href":"https:\/\/ctainternacionales.org\/index.php?rest_route=\/wp\/v2\/posts"}],"about":[{"href":"https:\/\/ctainternacionales.org\/index.php?rest_route=\/wp\/v2\/types\/post"}],"author":[{"embeddable":true,"href":"https:\/\/ctainternacionales.org\/index.php?rest_route=\/wp\/v2\/users\/1"}],"replies":[{"embeddable":true,"href":"https:\/\/ctainternacionales.org\/index.php?rest_route=%2Fwp%2Fv2%2Fcomments&post=1125"}],"version-history":[{"count":4,"href":"https:\/\/ctainternacionales.org\/index.php?rest_route=\/wp\/v2\/posts\/1125\/revisions"}],"predecessor-version":[{"id":1132,"href":"https:\/\/ctainternacionales.org\/index.php?rest_route=\/wp\/v2\/posts\/1125\/revisions\/1132"}],"wp:attachment":[{"href":"https:\/\/ctainternacionales.org\/index.php?rest_route=%2Fwp%2Fv2%2Fmedia&parent=1125"}],"wp:term":[{"taxonomy":"category","embeddable":true,"href":"https:\/\/ctainternacionales.org\/index.php?rest_route=%2Fwp%2Fv2%2Fcategories&post=1125"},{"taxonomy":"post_tag","embeddable":true,"href":"https:\/\/ctainternacionales.org\/index.php?rest_route=%2Fwp%2Fv2%2Ftags&post=1125"}],"curies":[{"name":"wp","href":"https:\/\/api.w.org\/{rel}","templated":true}]}}