{"id":1117,"date":"2012-04-20T18:30:34","date_gmt":"2012-04-20T18:30:34","guid":{"rendered":"http:\/\/www.ctainternacionales.org\/?p=1117"},"modified":"2012-05-09T16:35:22","modified_gmt":"2012-05-09T16:35:22","slug":"sindicatos-fuertes","status":"publish","type":"post","link":"https:\/\/ctainternacionales.org\/?p=1117","title":{"rendered":"Sindicatos fuertes"},"content":{"rendered":"<p>As\u00ed lo expresaron Dan Cunniah, director de Actividades para los Trabajadores (ACTRAV-OIT); Liz Shuler, secretaria Tesorera de la central estadounidense AFL-CIO; y Elizabeth Tinoco, directora de la Oficina Regional de la OIT.<!--more--><em><strong><\/strong><\/em><\/p>\n<p><em><strong>La segunda jornada del congreso continental del gigante sindical de las Am\u00e9ricas se desarroll\u00f3 con la presentaci\u00f3n de los balances pol\u00edticos, organizativos y financieros y las palabras de Dan Cunniah, director de Actividades para los Trabajadores (ACTRAV-OIT); Liz Shuler, secretaria Tesorera de la central estadounidense AFL-CIO; y Elizabeth Tinoco, directora de la Oficina Regional de la OIT.<\/strong><\/em><\/p>\n<p>Nacido en las Islas Mauricio, Dan Cunniah, coordina ACTRAV, el conjunto de actividades de la OIT que conciernen a las organizaciones sindicales. Durante su disertaci\u00f3n del mi\u00e9rcoles destac\u00f3 el v\u00ednculo entre su \u00e1rea y la CSA que \u201cse ha fortalecido en los \u00faltimos cuatro a\u00f1os\u201d, que ha avanzado con el \u201cproyecto de autorreforma para fortalecer a los sindicatos en la regi\u00f3n, la red de derechos humanos, de protecci\u00f3n social, de los trabajadores migrantes\u201d, y que ha ampliado \u201cel di\u00e1logo social con los organismos regionales como la OEA, el Mercosur, el SICA y la Unasur\u201d<\/p>\n<p>El funcionario calific\u00f3 a este tiempo actual como \u201cde turbulencias\u201d que afecta \u201ca los trabajadores y sus familias\u201d ya que provoca \u201cdesempleo, reducci\u00f3n de sueldos y fondos de pensi\u00f3n, pobreza\u201d. \u201cLos trabajadores -continu\u00f3- se ven forzados a trabajar en empleos precarios e inseguros por eso la agenda de la OIT sobre trabajo decente es muy pertinente para promover empleo, extensi\u00f3n de la seguridad social y derechos del trabajo<\/p>\n<p>Cunniah expres\u00f3 su preocupaci\u00f3n sobre la situaci\u00f3n de los j\u00f3venes cuya tasa de desempleo \u201ces tres veces m\u00e1s que la de los adultos\u201d por lo que \u201csi no se crean empleos para j\u00f3venes el tejidos social de los pa\u00edses pueden resquebrajarse. Y cit\u00f3: \u201cEn las \u00e1reas urbanas de Am\u00e9rica latina es de 14.9 por ciento el desempleo en j\u00f3venes y de 5 por ciento en adultos.<\/p>\n<p>Luego Liz Shuler, se\u00f1al\u00f3 que para la AFL-CIO \u201cla autorreforma es esencial para reposicionar a los sindicatos, para el bienestar de la clase trabajadora y para el futuro del movimiento sindical\u201d, y demand\u00f3 que \u201cnecesitamos nuevos modelos\u201d.<\/p>\n<p>Sobre la situaci\u00f3n en los Estados Unidos sostuvo: \u201cEn los \u00faltimos 30 a\u00f1os han sido atacados todos los d\u00edas los derechos sindicales, la negociaci\u00f3n colectiva, la libertad sindical, se han suprimido los buenos empleos y tenemos un 37 por ciento de sindicalizaci\u00f3n en el sector p\u00fablico, menos del 7 por ciento en el privado, es menos del 12 por ciento entre ambos\u201d<\/p>\n<p>\u201cEl reto es revertir esto y construir un movimiento sindical amplio, fuerte y reflexivo que atienda las necesidades de los trabajadores, y atraiga a la pr\u00f3xima generaci\u00f3n, los j\u00f3venes tienen trabajos precarios y no est\u00e1n sindicalizados y es nuestra culpa\u201d, concluy\u00f3 Shuler.<\/p>\n<p>Este segundo congreso continental de la Confederaci\u00f3n Sindical de Trabajadoras y Trabajadores de las Am\u00e9ricas fue elogiado por Elizabeth Tinoco: como \u201cel principal acontecimiento sindical de este hemisferio\u201d y que tiene \u201cla m\u00e1xima importancia para la oficina regional de la OIT.<\/p>\n<p>Dijo que Am\u00e9rica \u201ca pesar del crecimiento sigue siendo la tierra mas desigual del planeta\u201d, que se debe combatir \u201ccon trabajo decente, desarrollo sustentable y democracia y trabajo decente, que es una ecuaci\u00f3n que interpreta los desaf\u00edos actuales y requiere de un nuevo paradigma que ser\u00e1 necesario impulsar\u201d.<\/p>\n<p>Tinoco estim\u00f3 que \u201clos sindicatos son esenciales para lograr la democracia pol\u00edtica\u201d por eso desde la Organizaci\u00f3n Internacional del Trabajo (OIT) se busca su \u201cfortalecimiento para que puedan participar de manera efectiva en di\u00e1logos efectivos\u201d.<\/p>\n<p>&nbsp;<\/p>\n<p>(<em>Mariano V\u00e1zquez, desde Foz: 20.04.2012<\/em>)<\/p>\n<p>&nbsp;<\/p>\n","protected":false},"excerpt":{"rendered":"As\u00ed lo expresaron Dan Cunniah, director de Actividades para los Trabajadores (ACTRAV-OIT); Liz Shuler, secretaria Tesorera de la central estadounidense AFL-CIO; y Elizabeth \n<a class=\"moretag\" href=\"https:\/\/ctainternacionales.org\/?p=1117\"> [...]<\/a>","protected":false},"author":1,"featured_media":0,"comment_status":"closed","ping_status":"closed","sticky":false,"template":"","format":"standard","meta":{"ngg_post_thumbnail":0,"footnotes":""},"categories":[],"tags":[],"class_list":["post-1117","post","type-post","status-publish","format-standard","hentry"],"_links":{"self":[{"href":"https:\/\/ctainternacionales.org\/index.php?rest_route=\/wp\/v2\/posts\/1117","targetHints":{"allow":["GET"]}}],"collection":[{"href":"https:\/\/ctainternacionales.org\/index.php?rest_route=\/wp\/v2\/posts"}],"about":[{"href":"https:\/\/ctainternacionales.org\/index.php?rest_route=\/wp\/v2\/types\/post"}],"author":[{"embeddable":true,"href":"https:\/\/ctainternacionales.org\/index.php?rest_route=\/wp\/v2\/users\/1"}],"replies":[{"embeddable":true,"href":"https:\/\/ctainternacionales.org\/index.php?rest_route=%2Fwp%2Fv2%2Fcomments&post=1117"}],"version-history":[{"count":4,"href":"https:\/\/ctainternacionales.org\/index.php?rest_route=\/wp\/v2\/posts\/1117\/revisions"}],"predecessor-version":[{"id":1177,"href":"https:\/\/ctainternacionales.org\/index.php?rest_route=\/wp\/v2\/posts\/1117\/revisions\/1177"}],"wp:attachment":[{"href":"https:\/\/ctainternacionales.org\/index.php?rest_route=%2Fwp%2Fv2%2Fmedia&parent=1117"}],"wp:term":[{"taxonomy":"category","embeddable":true,"href":"https:\/\/ctainternacionales.org\/index.php?rest_route=%2Fwp%2Fv2%2Fcategories&post=1117"},{"taxonomy":"post_tag","embeddable":true,"href":"https:\/\/ctainternacionales.org\/index.php?rest_route=%2Fwp%2Fv2%2Ftags&post=1117"}],"curies":[{"name":"wp","href":"https:\/\/api.w.org\/{rel}","templated":true}]}}