{"id":1110,"date":"2012-04-20T16:24:56","date_gmt":"2012-04-20T16:24:56","guid":{"rendered":"http:\/\/www.ctainternacionales.org\/?p=1110"},"modified":"2012-05-03T17:30:03","modified_gmt":"2012-05-03T17:30:03","slug":"la-cta-ratificada-en-el-consejo-ejecutivo-de-la-csa","status":"publish","type":"post","link":"https:\/\/ctainternacionales.org\/?p=1110","title":{"rendered":"La CTA ratificada en el Consejo Ejecutivo de la CSA"},"content":{"rendered":"<p><a href=\"http:\/\/www.ctainternacionales.org\/wp-content\/uploads\/2012\/04\/DSC_0185.jpg\"><img loading=\"lazy\" decoding=\"async\" class=\"alignnone size-thumbnail wp-image-1111\" title=\"DSC_0185\" src=\"http:\/\/www.ctainternacionales.org\/wp-content\/uploads\/2012\/04\/DSC_0185-307x203.jpg\" alt=\"\" width=\"307\" height=\"203\" \/><\/a>Con la elecci\u00f3n de sus autoridades y el discurso del flamante presidente, Hassan Yussuff, concluy\u00f3 hoy en Foz de Iguaz\u00fa el II Congreso de la Confederaci\u00f3n Sindical de las Am\u00e9ricas (CSA). Adolfo \u201cFito\u201d Aguirre, secretario de Relaciones Internacionales de la CTA, fue electo como consejero titular por el Cono Sur para el per\u00edodo 2012-2016.<!--more--><\/p>\n<p><em><strong><a href=\"http:\/\/www.ctainternacionales.org\/wp-content\/uploads\/2012\/04\/DSC_01851.jpg\"><img loading=\"lazy\" decoding=\"async\" class=\"alignnone size-medium wp-image-1112\" title=\"DSC_0185\" src=\"http:\/\/www.ctainternacionales.org\/wp-content\/uploads\/2012\/04\/DSC_01851-465x308.jpg\" alt=\"\" width=\"465\" height=\"308\" \/><\/a>Con la elecci\u00f3n de sus autoridades y el discurso del flamante presidente, Hassan Yussuff, concluy\u00f3 hoy en Foz de Iguaz\u00fa el II Congreso de la Confederaci\u00f3n Sindical de las Am\u00e9ricas (CSA). Adolfo \u201cFito\u201d Aguirre, secretario de Relaciones Internacionales de la CTA, fue electo como consejero titular por el Cono Sur para el per\u00edodo 2012-2016.<\/strong><\/em><\/p>\n<p>El cierre del II Congreso de la Confederaci\u00f3n Sindical de Trabajadores\/as de las Am\u00e9ricas (CSA), que se realiz\u00f3 en la ciudad brasile\u00f1a de Foz de Iguaz\u00fa, eligi\u00f3, para el per\u00edodo 2012-2016, al nuevo Secretariado, al Consejo Ejecutivo y al Consejo Fiscal de la organizaci\u00f3n. Ratificados por los aplausos de los delegados presentes el encuentro continental explicit\u00f3 los desaf\u00edos del movimiento sindical internacional, como la autorreforma, el desarrollo sustentable, trabajo decente, y la incorporaci\u00f3n masiva de mujeres y j\u00f3venes.<\/p>\n<p>En el marco del Consejo Ejecutivo de la CSA, se eligieron a los representantes titulares y suplentes de cada una de las regiones que integran Am\u00e9rica, por el cono sur la CTA fue ratificada en sus lugares. Fito Aguirre como titular y en las suplencias Ricardo Peidro y Viviana Garc\u00eda, para el per\u00edodo 2012-2016.<\/p>\n<p>Luego el flamante presidente de la CSA, el canadiense Hassan Yussuff, cerr\u00f3 el Congreso con un discurso a los presentes, en el que reconoci\u00f3 \u201clos enormes desaf\u00edos que tenemos\u201d cuando el 1 por ciento de la poblaci\u00f3n de nuestros pa\u00edses concentran todo y hacen nuestra vida m\u00e1s miserable\u201d y puso como ejemplo la crisis en Europa, donde \u201cse est\u00e1n destruyendo a\u00f1os de conquistas\u201d.<\/p>\n<p>\u201cTenemos que cambiar nuestras estructuras, los sindicatos debemos ser m\u00e1s eficientes en cuestiones representaci\u00f3n\u201d, sostuvo.<\/p>\n<p>Se\u00f1al\u00f3 que en Canad\u00e1 \u201cmueren tres trabajadores por d\u00eda en accidentes laborales y nada cambia\u201d pero apunt\u00f3 que si fueran \u201ctres pol\u00edticos los que murieran por d\u00eda, seguramente se producir\u00eda una acci\u00f3n para parar la violencia\u201d.<\/p>\n<p>El dirigente de la central obrera CLC de Canad\u00e1 tambi\u00e9n reclam\u00f3 una mejor difusi\u00f3n: \u201cTenemos que buscar la mejor manera de comunicar nuestro mensaje sino vamos a hablarnos entre nosotros\u201d y puso como ejemplo la necesidad que \u201clas declaraciones aprobadas en este Congreso las centrales las lleven a sus pa\u00edses y cuenten all\u00ed que es lo que pas\u00f3 aqu\u00ed\u201d.<\/p>\n<p>Para Yussuf este fue \u201cuno de los mejores congresos a los que asist\u00ed en mucho tiempo\u201d.<\/p>\n<p>Previamente, Sharan Burrow, secretaria general de la Confederaci\u00f3n Sindical Internacional (CSI), habl\u00f3 para los delegados presentes: \u201cSon una inspiraci\u00f3n para ustedes y para nosotros, son extraordinarios\u201d.<\/p>\n<p>Fustig\u00f3 a los bancos y a los gobiernos que especulan con la vida de los trabajadores y sus familias: \u201cDebemos organizar, organizar y organizar, y luchar por la seguridad social, el trabajo decente, la autorreforma sindical y contra la precariedad e informalidad laboral\u201d.<\/p>\n<p>El Secretariado de la CSA qued\u00f3 compuesto por Hassan Yussuff (Presidente), Julio Roberto G\u00f3mez, (Presidencie Adjunto), V\u00edctor B\u00e1ez Mosqueira (Secretario General), Amanda Claribel Villatoro, (Secretaria de Pol\u00edtica Sindical y Educaci\u00f3n), Laerte Teixeira (Secretario de Pol\u00edticas Sociales) y Rafael Freire Neto (Secretar\u00eda de Pol\u00edtica Econ\u00f3mica y Desarrollo Sostenible).<\/p>\n<p>&nbsp;<\/p>\n<p>(<em>Mariano V\u00e1zquez, desde Foz: 20.04.2012<\/em>)<\/p>\n","protected":false},"excerpt":{"rendered":"Con la elecci\u00f3n de sus autoridades y el discurso del flamante presidente, Hassan Yussuff, concluy\u00f3 hoy en Foz de Iguaz\u00fa el II Congreso \n<a class=\"moretag\" href=\"https:\/\/ctainternacionales.org\/?p=1110\"> [...]<\/a>","protected":false},"author":1,"featured_media":0,"comment_status":"closed","ping_status":"closed","sticky":false,"template":"","format":"standard","meta":{"ngg_post_thumbnail":0,"footnotes":""},"categories":[],"tags":[],"class_list":["post-1110","post","type-post","status-publish","format-standard","hentry"],"_links":{"self":[{"href":"https:\/\/ctainternacionales.org\/index.php?rest_route=\/wp\/v2\/posts\/1110","targetHints":{"allow":["GET"]}}],"collection":[{"href":"https:\/\/ctainternacionales.org\/index.php?rest_route=\/wp\/v2\/posts"}],"about":[{"href":"https:\/\/ctainternacionales.org\/index.php?rest_route=\/wp\/v2\/types\/post"}],"author":[{"embeddable":true,"href":"https:\/\/ctainternacionales.org\/index.php?rest_route=\/wp\/v2\/users\/1"}],"replies":[{"embeddable":true,"href":"https:\/\/ctainternacionales.org\/index.php?rest_route=%2Fwp%2Fv2%2Fcomments&post=1110"}],"version-history":[{"count":5,"href":"https:\/\/ctainternacionales.org\/index.php?rest_route=\/wp\/v2\/posts\/1110\/revisions"}],"predecessor-version":[{"id":1152,"href":"https:\/\/ctainternacionales.org\/index.php?rest_route=\/wp\/v2\/posts\/1110\/revisions\/1152"}],"wp:attachment":[{"href":"https:\/\/ctainternacionales.org\/index.php?rest_route=%2Fwp%2Fv2%2Fmedia&parent=1110"}],"wp:term":[{"taxonomy":"category","embeddable":true,"href":"https:\/\/ctainternacionales.org\/index.php?rest_route=%2Fwp%2Fv2%2Fcategories&post=1110"},{"taxonomy":"post_tag","embeddable":true,"href":"https:\/\/ctainternacionales.org\/index.php?rest_route=%2Fwp%2Fv2%2Ftags&post=1110"}],"curies":[{"name":"wp","href":"https:\/\/api.w.org\/{rel}","templated":true}]}}