{"id":1098,"date":"2012-04-18T20:44:52","date_gmt":"2012-04-18T20:44:52","guid":{"rendered":"http:\/\/www.ctainternacionales.org\/?p=1098"},"modified":"2012-04-26T20:54:43","modified_gmt":"2012-04-26T20:54:43","slug":"intervencion-de-fito-aguirre-en-el-congreso-continental-de-la-csa","status":"publish","type":"post","link":"https:\/\/ctainternacionales.org\/?p=1098","title":{"rendered":"Intervenci\u00f3n de Fito Aguirre en el congreso continental de la CSA"},"content":{"rendered":"<p><a href=\"http:\/\/www.ctainternacionales.org\/wp-content\/uploads\/2012\/04\/DSC0567.jpg\"><img loading=\"lazy\" decoding=\"async\" class=\"alignnone size-thumbnail wp-image-1099\" title=\"_DSC0567\" src=\"http:\/\/www.ctainternacionales.org\/wp-content\/uploads\/2012\/04\/DSC0567-307x192.jpg\" alt=\"\" width=\"307\" height=\"192\" \/><\/a>Adolfo \u201cFito\u201d Aguirre, secretario de Relaciones Internacionales de la CTA, habl\u00f3 hoy en la sesi\u00f3n plenaria del II Congreso de la Confederaci\u00f3n Sindical de las Am\u00e9ricas (CSA), que se realiza en Foz de Iguaz\u00fa. \u201cNuestra central tiene mucho para aportar al sindicalismo internacional\u201d.<!--more--><\/p>\n<p><em><strong><a href=\"http:\/\/www.ctainternacionales.org\/wp-content\/uploads\/2012\/04\/DSC05671.jpg\"><img loading=\"lazy\" decoding=\"async\" class=\"alignnone size-medium wp-image-1100\" title=\"_DSC0567\" src=\"http:\/\/www.ctainternacionales.org\/wp-content\/uploads\/2012\/04\/DSC05671-465x291.jpg\" alt=\"\" width=\"465\" height=\"291\" \/><\/a>Adolfo \u201cFito\u201d Aguirre, secretario de Relaciones Internacionales de la CTA, habl\u00f3 hoy en la sesi\u00f3n plenaria del II Congreso de la Confederaci\u00f3n Sindical de las Am\u00e9ricas (CSA), que se realiza en Foz de Iguaz\u00fa. \u201cNuestra central tiene mucho para aportar al sindicalismo internacional\u201d.<\/strong><\/em><\/p>\n<p>La segunda jornada del congreso continental del gigante sindical de las Am\u00e9ricas se desarroll\u00f3 con la presentaci\u00f3n de los balances pol\u00edticos, organizativos y financieros y las palabras de Guy Ryder, candidato de los trabajadores a director general de la OIT; Angelino Garz\u00f3n, vicepresidente de Colombia; Dan Cunniah, director de Actividades para los Trabajadores (ACTRAV-OIT); Michael Sommer, presidente de la Confederaci\u00f3n Sindical Internacional (CSI); Liz Shuler, secretaria Tesorera de la central estadounidense AFL-CIO; y Elizabeth Tinoco, directora de la Oficina Regional de la OIT<\/p>\n<p>En el marco de la sesi\u00f3n plenaria, Fito Aguirre se dirigi\u00f3 a los delegados presentes explicitando \u201clas capacidades que tiene la CTA para aportar al sindicalismo internacional\u201d porque \u201cno podemos permitir que se requiebre, que se imponga el s\u00e1lvese quien pueda, por el contrario debemos estar juntos\u201d.<\/p>\n<p>\u201cNo debemos contentarnos con el viejo rol sindical que llegaba solo hasta la negociaci\u00f3n colectiva o a cuestiones de seguridad e higiene, somos un sindicalismo sociopol\u00edtico que tiene opini\u00f3n de todo lo que pasa: de cuestiones del trabajo, la econom\u00eda y el lugar en donde habitamos\u201d, argument\u00f3 Aguirre.<\/p>\n<p>El dirigente ceteatista record\u00f3 que en 2012 \u201cel capitalismo mundial estar\u00e1 en territorio americano en las citas de R\u00edo+20 (conferencia mundial de cambio clim\u00e1tico) y del G-20 en M\u00e9xico y no podemos quedarnos en el planteo de que unos deciden y nosotros despu\u00e9s vemos que hacemos\u201d por lo que los trabajadores \u201cdebemos explicitar nuestra posici\u00f3n de desarrollo sustentable con preservaci\u00f3n de los recursos naturales y justa distribuci\u00f3n de la riqueza\u201d.<\/p>\n<p>Y subray\u00f3: \u201cLa principal pelea de los trabajadores por la humanidad es garantizar la soberan\u00eda ambiental, alimentaria y material para nuestros pueblos y una Confederaci\u00f3n Sindical de las Am\u00e9ricas fuerte y con m\u00e1s experiencia en los pr\u00f3ximo cuatro a\u00f1os ser\u00e1 fundamental para esta lucha\u201d.<\/p>\n<p>La decisi\u00f3n del gobierno argentino de enviar al Congreso de la Naci\u00f3n un proyecto de ley para expropiar el 51 por ciento de las acciones de Yacimientos Petrol\u00edferos Fiscales (YPF) en manos de la multinacional espa\u00f1ola Repsol repercuti\u00f3 fuertemente en el II Congreso de la CSA. Al respecto, Aguirre expres\u00f3 que \u201cestamos contentos por la medida tomada y los trabajadores bregaremos para que la expropiaci\u00f3n sea para una justa distribuci\u00f3n de la riqueza y no para un segundo esquema de privatizaciones\u201d.<\/p>\n<p>&nbsp;<\/p>\n<p>(<em>Mariano V\u00e1zquez, desde Foz: 18.04.2012<\/em>)<\/p>\n","protected":false},"excerpt":{"rendered":"Adolfo \u201cFito\u201d Aguirre, secretario de Relaciones Internacionales de la CTA, habl\u00f3 hoy en la sesi\u00f3n plenaria del II Congreso de la Confederaci\u00f3n Sindical \n<a class=\"moretag\" href=\"https:\/\/ctainternacionales.org\/?p=1098\"> [...]<\/a>","protected":false},"author":1,"featured_media":0,"comment_status":"closed","ping_status":"closed","sticky":false,"template":"","format":"standard","meta":{"ngg_post_thumbnail":0,"footnotes":""},"categories":[],"tags":[],"class_list":["post-1098","post","type-post","status-publish","format-standard","hentry"],"_links":{"self":[{"href":"https:\/\/ctainternacionales.org\/index.php?rest_route=\/wp\/v2\/posts\/1098","targetHints":{"allow":["GET"]}}],"collection":[{"href":"https:\/\/ctainternacionales.org\/index.php?rest_route=\/wp\/v2\/posts"}],"about":[{"href":"https:\/\/ctainternacionales.org\/index.php?rest_route=\/wp\/v2\/types\/post"}],"author":[{"embeddable":true,"href":"https:\/\/ctainternacionales.org\/index.php?rest_route=\/wp\/v2\/users\/1"}],"replies":[{"embeddable":true,"href":"https:\/\/ctainternacionales.org\/index.php?rest_route=%2Fwp%2Fv2%2Fcomments&post=1098"}],"version-history":[{"count":3,"href":"https:\/\/ctainternacionales.org\/index.php?rest_route=\/wp\/v2\/posts\/1098\/revisions"}],"predecessor-version":[{"id":1129,"href":"https:\/\/ctainternacionales.org\/index.php?rest_route=\/wp\/v2\/posts\/1098\/revisions\/1129"}],"wp:attachment":[{"href":"https:\/\/ctainternacionales.org\/index.php?rest_route=%2Fwp%2Fv2%2Fmedia&parent=1098"}],"wp:term":[{"taxonomy":"category","embeddable":true,"href":"https:\/\/ctainternacionales.org\/index.php?rest_route=%2Fwp%2Fv2%2Fcategories&post=1098"},{"taxonomy":"post_tag","embeddable":true,"href":"https:\/\/ctainternacionales.org\/index.php?rest_route=%2Fwp%2Fv2%2Ftags&post=1098"}],"curies":[{"name":"wp","href":"https:\/\/api.w.org\/{rel}","templated":true}]}}