{"id":1093,"date":"2012-04-17T18:19:35","date_gmt":"2012-04-17T18:19:35","guid":{"rendered":"http:\/\/www.ctainternacionales.org\/?p=1093"},"modified":"2012-05-02T17:14:51","modified_gmt":"2012-05-02T17:14:51","slug":"mensaje-de-lula","status":"publish","type":"post","link":"https:\/\/ctainternacionales.org\/?p=1093","title":{"rendered":"Mensaje de Lula"},"content":{"rendered":"<p>El expresidente de Brasil, Luiz Inacio Lula da Silva, grab\u00f3 un mensaje en video a los participantes del II Congreso de la Confederaci\u00f3n Sindical de las Am\u00e9ricas (CSA). Sus palabras ser\u00e1n proyectadas en la apertura de hoy.<!--more--><\/p>\n<p><em><strong>El expresidente de Brasil, Luiz Inacio Lula da Silva, grab\u00f3 un mensaje en video a los participantes del II Congreso de la Confederaci\u00f3n Sindical de las Am\u00e9ricas (CSA), que se realiza en Foz de Iguaz\u00fa. Sus palabras ser\u00e1n proyectadas en la apertura del evento para casi 600 delegados, invitados y autoridades de la regi\u00f3n -y para todo el mundo, por <a href=\"http:\/\/www.csa-csi.org\" target=\"_blank\">internet<\/a>&#8211; la noche del 17 de abril.<\/strong><\/em><\/p>\n<p>\u201cLa salud no me permite comparecer, pero quiero que sepan que estoy presente de coraz\u00f3n\u201d, dijo Lula, que se recupera de tratamiento para combatir un c\u00e1ncer en la laringe. \u201cUstedes est\u00e1n reunidos en un momento muy oportuno. Hoy, m\u00e1s que nunca, los trabajadores necesitan hacer o\u00edr su voz.\u201d<\/p>\n<p>De acuerdo con el ex-presidente brasile\u00f1o, la crisis mundial es fruto de los abusos del capital financiero desreglado y no ser\u00e1 resuelta s\u00f3lo con medidas fiscales. \u201cMucho menos con el confisco de derechos de los trabajadores: las pol\u00edticas recesivas solo agravan la crisis deprimiendo a los pa\u00edses y a los pueblos.\u201d<\/p>\n<p>La verdadera salida a la crisis -sigue Lula- es reanudar el crecimiento mundial, con generaci\u00f3n de empleos, distribuci\u00f3n de la renta e inclusi\u00f3n social. \u201cAm\u00e9rica Latina est\u00e1 comprobando que es posible hacer frente a la crisis sin sacrificar a los trabajadores y a los pobres\u201d, analiz\u00f3.<\/p>\n<p>\u201cEn la mayor\u00eda de nuestros pa\u00edses, el crecimiento de los salarios, los programas sociales y la ampliaci\u00f3n del consumo popular es lo que sustenta al desarrollo.\u201d<\/p>\n<p>Lula, que hizo historia como el primer sindicalista presidente de la Rep\u00fablica de Brasil, explic\u00f3 a\u00fan que el movimiento sindical ha cumplido un rol fundamental en el proceso de democratizaci\u00f3n del continente. \u201cLos trabajadores tienen mucho que decir, y los liderazgos pol\u00edticos deben y necesitan aprender a escucharlos.\u201d<\/p>\n<p>A continuaci\u00f3n el texto completo:<\/p>\n<p><em>Compa\u00f1eros y compa\u00f1eras. Es con gran alegr\u00eda que me dirijo a los participantes del II Congreso de la Confederaci\u00f3n Sindical de las Am\u00e9ricas. La salud no me permite comparecer, pero quiero que sepan que estoy presente de coraz\u00f3n. Ustedes est\u00e1n reunidos en un momento muy oportuno. Hoy, m\u00e1s que nunca, los trabajadores necesitan hacer o\u00edr su voz. La crisis mundial no fue provocada por los trabajadores sino por sus especuladores. Ella es fruto de los abusos del capital financiero desreglado y no ser\u00e1 resuelta solo con medidas fiscales. Mucho menos con el confisco de derechos de los trabajadores. Las pol\u00edticas recesivas solo agravan la crisis deprimiendo a los pa\u00edses y a los pueblos.<\/em><\/p>\n<p><em>La verdadera salida para la crisis es reanudar el crecimiento mundial, con generaci\u00f3n de empleos, distribuci\u00f3n de la renta e inclusi\u00f3n social. La Am\u00e9rica Latina est\u00e1 comprobando que es posible hacer frente a la crisis sin sacrificar a los trabajadores y a los pobres. En la mayor\u00eda de nuestros pa\u00edses, el crecimiento de los salarios, los programas sociales y la ampliaci\u00f3n del consumo popular es lo que sustenta al desarrollo. El movimiento sindical del continente ha cumplido un rol fundamental en este proceso de democratizaci\u00f3n. Los trabajadores tienen mucho que decir, y los liderazgos pol\u00edticos deben y necesitan aprender a escucharlos. Un fuerte abrazo, suerte y \u00a1hasta la victoria!<\/em><\/p>\n<p>&nbsp;<\/p>\n<p>(<em>Comunicaci\u00f3n CSA: 17.04.2012<\/em>)<\/p>\n<p>&nbsp;<\/p>\n","protected":false},"excerpt":{"rendered":"El expresidente de Brasil, Luiz Inacio Lula da Silva, grab\u00f3 un mensaje en video a los participantes del II Congreso de la Confederaci\u00f3n \n<a class=\"moretag\" href=\"https:\/\/ctainternacionales.org\/?p=1093\"> [...]<\/a>","protected":false},"author":1,"featured_media":0,"comment_status":"closed","ping_status":"closed","sticky":false,"template":"","format":"standard","meta":{"ngg_post_thumbnail":0,"footnotes":""},"categories":[],"tags":[],"class_list":["post-1093","post","type-post","status-publish","format-standard","hentry"],"_links":{"self":[{"href":"https:\/\/ctainternacionales.org\/index.php?rest_route=\/wp\/v2\/posts\/1093","targetHints":{"allow":["GET"]}}],"collection":[{"href":"https:\/\/ctainternacionales.org\/index.php?rest_route=\/wp\/v2\/posts"}],"about":[{"href":"https:\/\/ctainternacionales.org\/index.php?rest_route=\/wp\/v2\/types\/post"}],"author":[{"embeddable":true,"href":"https:\/\/ctainternacionales.org\/index.php?rest_route=\/wp\/v2\/users\/1"}],"replies":[{"embeddable":true,"href":"https:\/\/ctainternacionales.org\/index.php?rest_route=%2Fwp%2Fv2%2Fcomments&post=1093"}],"version-history":[{"count":5,"href":"https:\/\/ctainternacionales.org\/index.php?rest_route=\/wp\/v2\/posts\/1093\/revisions"}],"predecessor-version":[{"id":1142,"href":"https:\/\/ctainternacionales.org\/index.php?rest_route=\/wp\/v2\/posts\/1093\/revisions\/1142"}],"wp:attachment":[{"href":"https:\/\/ctainternacionales.org\/index.php?rest_route=%2Fwp%2Fv2%2Fmedia&parent=1093"}],"wp:term":[{"taxonomy":"category","embeddable":true,"href":"https:\/\/ctainternacionales.org\/index.php?rest_route=%2Fwp%2Fv2%2Fcategories&post=1093"},{"taxonomy":"post_tag","embeddable":true,"href":"https:\/\/ctainternacionales.org\/index.php?rest_route=%2Fwp%2Fv2%2Ftags&post=1093"}],"curies":[{"name":"wp","href":"https:\/\/api.w.org\/{rel}","templated":true}]}}