{"id":1081,"date":"2012-04-16T15:11:14","date_gmt":"2012-04-16T15:11:14","guid":{"rendered":"http:\/\/www.ctainternacionales.org\/?p=1081"},"modified":"2012-05-03T17:43:26","modified_gmt":"2012-05-03T17:43:26","slug":"mirada-regional-propia","status":"publish","type":"post","link":"https:\/\/ctainternacionales.org\/?p=1081","title":{"rendered":"Una mirada regional propia"},"content":{"rendered":"<p>La VI Cumbre de las Am\u00e9ricas que se inicia hoy en Colombia no parece avizorar discusiones trascendentales para nuestra regi\u00f3n. Quiz\u00e1s el punto m\u00e1s relevante es la falta de temas \u201ccalientes\u201d.<!--more--><\/p>\n<p><em><strong>La VI Cumbre de las Am\u00e9ricas que se inicia hoy en Colombia no parece avizorar discusiones trascendentales para nuestra regi\u00f3n. Quiz\u00e1s el punto m\u00e1s relevante es la falta de temas \u201ccalientes\u201d que mostraron estas cumbres desde el hist\u00f3rico rechazo al ALCA en 2005 en Mar del Plata.<\/strong><\/em><\/p>\n<p>El colapso del proyecto de libre comercio a nivel regional fue uno de los grandes logros de la articulaci\u00f3n entre movimientos sociales y gobiernos progresistas de la regi\u00f3n, y es claro que los Estados Unidos no se ha recuperado a\u00fan de aquel golpe.<\/p>\n<p>El cambio producido por ese momento hist\u00f3rico se puede ver desde las iniciativas comunes llevadas a cabo por los pa\u00edses latinoamericanos con total autonom\u00eda de Estados Unidos. La creaci\u00f3n de Unasur y la CELAC, que priorizaron todos los pa\u00edses, m\u00e1s all\u00e1 de los posiciones pol\u00edticas y del arco ideol\u00f3gico en el cual se posicionan, es un hecho hist\u00f3rico impensado un d\u00e9cada atr\u00e1s.<\/p>\n<p>Este contexto explica la VI Cumbre en Cartagena. De las principales tem\u00e1ticas propuestas oficialmente \u2013integraci\u00f3n f\u00edsica, lucha contra la desigualdad y la pobreza, seguridad\u2013 no se esperan grandes resoluciones. Es en la agenda extra-oficial donde encontramos los temas m\u00e1s interesantes. El rechazo de Washington a incluir a Cuba dentro de la Cumbre gener\u00f3 un bienvenido debate, que puso en escena la unanimidad contra este injusto y arbitrario acto. El s\u00f3lo hecho de instalar este problema ya representa un logro para el eje del ALBA, liderado en este caso por Ecuador, que rechaz\u00f3 ser parte de la cumbre.<\/p>\n<p>El segundo tema importante es el replanteo, propuesto por Guatemala y apoyado por Colombia, de la lucha contra las drogas. M\u00e1s a\u00fan despu\u00e9s del fracaso de las pol\u00edticas represivas impulsadas por los Estados Unidos. La propuesta de despenalizaci\u00f3n merodea las cumbres regionales hace ya unos a\u00f1os, y es un dato a tomar en cuenta que proviene de pa\u00edses hist\u00f3ricamente cercanos a la posici\u00f3n norteamericana.<\/p>\n<p>Estados Unidos se presenta a la cumbre en medio de una crisis econ\u00f3mica y de la campa\u00f1a electoral. Es de esperar que Obama no ofrezca grandes propuestas en ning\u00fan tema relevante que le pueda afectar su campa\u00f1a por la reelecci\u00f3n. Esto tambi\u00e9n se aplica a la reuni\u00f3n bilateral con la Argentina. Una de las promesas de campa\u00f1a m\u00e1s importantes de Obama es doblar los niveles de exportaci\u00f3n, en especial industrial, de los Estados Unidos. Este eje seguramente estar\u00e1 entre las prioridades de los acuerdos que pueda llevar a cabo.<\/p>\n<p>Para nuestro pa\u00eds, lo m\u00e1s relevante en esta cumbre ser\u00e1 la inclusi\u00f3n del tema Malvinas. La inclusi\u00f3n en la declaraci\u00f3n de un llamado a sentarse a negociar entre la Argentina y Gran Breta\u00f1a demuestra el consenso general en este tema en favor de la posici\u00f3n argentina. Los rumores indican que hasta Estados Unidos y Canad\u00e1 aceptar\u00edan esta opci\u00f3n.<\/p>\n<p>Por \u00faltimo, cabe resaltar que en la Cumbre de los Pueblos es donde se suelen debatir los temas m\u00e1s candentes para la regi\u00f3n. La militarizaci\u00f3n y la extranjerizaci\u00f3n de la tierra est\u00e1n en el tope de la agenda, ambos debates tambi\u00e9n claves en Argentina.<\/p>\n<p>Es saludable la inclusi\u00f3n de una instancia de di\u00e1logo con la sociedad civil, incluyendo al movimiento sindical, que en este caso fue llevada a cabo por Santos, Evo Morales y todos los cancilleres, incluyendo a Hillary Clinton en los d\u00edas previos.<\/p>\n<p>&nbsp;<\/p>\n<p>(<em>Adolfo Aguirre, Tiempo Argentino: 13.04.2012<\/em>)<\/p>\n","protected":false},"excerpt":{"rendered":"La VI Cumbre de las Am\u00e9ricas que se inicia hoy en Colombia no parece avizorar discusiones trascendentales para nuestra regi\u00f3n. Quiz\u00e1s el punto \n<a class=\"moretag\" href=\"https:\/\/ctainternacionales.org\/?p=1081\"> [...]<\/a>","protected":false},"author":1,"featured_media":0,"comment_status":"closed","ping_status":"closed","sticky":false,"template":"","format":"standard","meta":{"ngg_post_thumbnail":0,"footnotes":""},"categories":[],"tags":[],"class_list":["post-1081","post","type-post","status-publish","format-standard","hentry"],"_links":{"self":[{"href":"https:\/\/ctainternacionales.org\/index.php?rest_route=\/wp\/v2\/posts\/1081","targetHints":{"allow":["GET"]}}],"collection":[{"href":"https:\/\/ctainternacionales.org\/index.php?rest_route=\/wp\/v2\/posts"}],"about":[{"href":"https:\/\/ctainternacionales.org\/index.php?rest_route=\/wp\/v2\/types\/post"}],"author":[{"embeddable":true,"href":"https:\/\/ctainternacionales.org\/index.php?rest_route=\/wp\/v2\/users\/1"}],"replies":[{"embeddable":true,"href":"https:\/\/ctainternacionales.org\/index.php?rest_route=%2Fwp%2Fv2%2Fcomments&post=1081"}],"version-history":[{"count":3,"href":"https:\/\/ctainternacionales.org\/index.php?rest_route=\/wp\/v2\/posts\/1081\/revisions"}],"predecessor-version":[{"id":1157,"href":"https:\/\/ctainternacionales.org\/index.php?rest_route=\/wp\/v2\/posts\/1081\/revisions\/1157"}],"wp:attachment":[{"href":"https:\/\/ctainternacionales.org\/index.php?rest_route=%2Fwp%2Fv2%2Fmedia&parent=1081"}],"wp:term":[{"taxonomy":"category","embeddable":true,"href":"https:\/\/ctainternacionales.org\/index.php?rest_route=%2Fwp%2Fv2%2Fcategories&post=1081"},{"taxonomy":"post_tag","embeddable":true,"href":"https:\/\/ctainternacionales.org\/index.php?rest_route=%2Fwp%2Fv2%2Ftags&post=1081"}],"curies":[{"name":"wp","href":"https:\/\/api.w.org\/{rel}","templated":true}]}}