{"id":1074,"date":"2012-04-13T16:05:58","date_gmt":"2012-04-13T16:05:58","guid":{"rendered":"http:\/\/www.ctainternacionales.org\/?p=1074"},"modified":"2012-04-18T20:46:26","modified_gmt":"2012-04-18T20:46:26","slug":"la-cta-participara-en-el-congreso-sindical-mas-importante-del-hemisferio","status":"publish","type":"post","link":"https:\/\/ctainternacionales.org\/?p=1074","title":{"rendered":"La CTA participar\u00e1 en el congreso sindical m\u00e1s importante del hemisferio"},"content":{"rendered":"<p><a href=\"http:\/\/www.ctainternacionales.org\/wp-content\/uploads\/2012\/04\/cropped-topo_imagem_itaipu.jpg\"><img loading=\"lazy\" decoding=\"async\" class=\"alignnone size-thumbnail wp-image-1075\" title=\"cropped-topo_imagem_itaipu\" src=\"http:\/\/www.ctainternacionales.org\/wp-content\/uploads\/2012\/04\/cropped-topo_imagem_itaipu-307x54.jpg\" alt=\"\" width=\"307\" height=\"54\" \/><\/a>La delegaci\u00f3n ceteatista, encabezada por Pablo Micheli y Adolfo Aguirre, estar\u00e1 presente en el II Congreso Continental que la Confederaci\u00f3n Sindical de las Am\u00e9ricas (CSA) realizar\u00e1 en la ciudad brasile\u00f1a de Foz de Iguaz\u00fa, entre los d\u00edas 17 y 20 de abril de 2012. Se espera la presencia de presidentes del cono sur que fueron invitados al convite. <!--more--><\/p>\n<p><em><strong><a href=\"http:\/\/www.ctainternacionales.org\/wp-content\/uploads\/2012\/04\/cropped-topo_imagem_itaipu1.jpg\"><img loading=\"lazy\" decoding=\"async\" class=\"alignnone size-medium wp-image-1076\" title=\"cropped-topo_imagem_itaipu\" src=\"http:\/\/www.ctainternacionales.org\/wp-content\/uploads\/2012\/04\/cropped-topo_imagem_itaipu1-465x82.jpg\" alt=\"\" width=\"465\" height=\"82\" \/><\/a>La delegaci\u00f3n ceteatista, encabezada por Pablo Micheli y Adolfo Aguirre, estar\u00e1 presente en el II Congreso Continental que la Confederaci\u00f3n Sindical de las Am\u00e9ricas (CSA) realizar\u00e1 en la ciudad brasile\u00f1a de Foz de Iguaz\u00fa, entre los d\u00edas 17 y 20 de abril de 2012. Se espera la presencia de presidentes del cono sur que fueron invitados al convite.<\/strong><\/em><\/p>\n<p>Unos 500 participantes, incluidos delegados y delegadas de las organizaciones y centrales sindicales afiliadas y fraternas, adem\u00e1s de observadores e invitados de todo el mundo, se dar\u00e1n cita al encuentro del gigante continental de las Am\u00e9ricas.<\/p>\n<p>La tem\u00e1tica central del II Congreso ser\u00e1 \u201cDesarrollo Sustentable, Democracia y Trabajo Decente: Construyendo una nueva sociedad\u201d. El encuentro tambi\u00e9n va a elegir la nueva secretaria ejecutiva de la CSA.<\/p>\n<p>\u201cEn un contexto profundamente negativo en los pa\u00edses del Norte, consideramos que las Am\u00e9ricas, con todas sus contradicciones y desigualdades, puede ser fuente de alternativas al modelo neoliberal\u201d, sostuvo V\u00edctor B\u00e1ez Mosqueira, secretario general de la CSA. \u201cSi el sindicalismo de las Am\u00e9ricas consigue llegar a la integraci\u00f3n real de los pueblos (no solamente econ\u00f3mica, sino sobre todo social), podemos ser el continente del siglo 21.\u201d<\/p>\n<p>Los aportes para el programa del II Congreso fueron recopilados en eventos subregionales realizados en todas las subregiones del continente americano: Cono Sur, regi\u00f3n Andina, Centroam\u00e9rica y Caribe y Am\u00e9rica del Norte.<\/p>\n<p>La delegaci\u00f3n de la CTA est\u00e1 integrada por los delegados oficiales Pablo Micheli (secretario General), Adolfo \u201cFito\u201d Aguirre (Internacionales); Alejandra Angriman (G\u00e9nero), Ricardo Peidro (Adjunto), Jos\u00e9 Zas (Comunicaci\u00f3n), Jorge Yabkowski (Salud Laboral), Daniel Jorajuria (Gremial), Viviana Garc\u00eda (vocal), Horacio Meguira (Observatorio Jur\u00eddico), Rub\u00e9n Garrido (Internacioanles ATE), Carlos Custer y Eduardo Estevez.<\/p>\n<p>&nbsp;<\/p>\n<p>(<em>13.04.2012<\/em>)<\/p>\n","protected":false},"excerpt":{"rendered":"La delegaci\u00f3n ceteatista, encabezada por Pablo Micheli y Adolfo Aguirre, estar\u00e1 presente en el II Congreso Continental que la Confederaci\u00f3n Sindical de las \n<a class=\"moretag\" href=\"https:\/\/ctainternacionales.org\/?p=1074\"> [...]<\/a>","protected":false},"author":1,"featured_media":0,"comment_status":"closed","ping_status":"closed","sticky":false,"template":"","format":"standard","meta":{"ngg_post_thumbnail":0,"footnotes":""},"categories":[],"tags":[],"class_list":["post-1074","post","type-post","status-publish","format-standard","hentry"],"_links":{"self":[{"href":"https:\/\/ctainternacionales.org\/index.php?rest_route=\/wp\/v2\/posts\/1074","targetHints":{"allow":["GET"]}}],"collection":[{"href":"https:\/\/ctainternacionales.org\/index.php?rest_route=\/wp\/v2\/posts"}],"about":[{"href":"https:\/\/ctainternacionales.org\/index.php?rest_route=\/wp\/v2\/types\/post"}],"author":[{"embeddable":true,"href":"https:\/\/ctainternacionales.org\/index.php?rest_route=\/wp\/v2\/users\/1"}],"replies":[{"embeddable":true,"href":"https:\/\/ctainternacionales.org\/index.php?rest_route=%2Fwp%2Fv2%2Fcomments&post=1074"}],"version-history":[{"count":3,"href":"https:\/\/ctainternacionales.org\/index.php?rest_route=\/wp\/v2\/posts\/1074\/revisions"}],"predecessor-version":[{"id":1078,"href":"https:\/\/ctainternacionales.org\/index.php?rest_route=\/wp\/v2\/posts\/1074\/revisions\/1078"}],"wp:attachment":[{"href":"https:\/\/ctainternacionales.org\/index.php?rest_route=%2Fwp%2Fv2%2Fmedia&parent=1074"}],"wp:term":[{"taxonomy":"category","embeddable":true,"href":"https:\/\/ctainternacionales.org\/index.php?rest_route=%2Fwp%2Fv2%2Fcategories&post=1074"},{"taxonomy":"post_tag","embeddable":true,"href":"https:\/\/ctainternacionales.org\/index.php?rest_route=%2Fwp%2Fv2%2Ftags&post=1074"}],"curies":[{"name":"wp","href":"https:\/\/api.w.org\/{rel}","templated":true}]}}