{"id":1063,"date":"2012-04-12T18:29:33","date_gmt":"2012-04-12T18:29:33","guid":{"rendered":"http:\/\/www.ctainternacionales.org\/?p=1063"},"modified":"2012-04-20T18:31:42","modified_gmt":"2012-04-20T18:31:42","slug":"plenaria-sindical","status":"publish","type":"post","link":"https:\/\/ctainternacionales.org\/?p=1063","title":{"rendered":"Plenaria sindical"},"content":{"rendered":"<p>Se realiz\u00f3 en la ciudad de Buenos Aires la plenaria de la Coordinadora de Centrales Sindicales del Cono Sur (CCSCS), del que particip\u00f3 el secretario de Relaciones Internacionales de la CTA, Adolfo Aguirre.<!--more--><\/p>\n<p><em><strong>Se realiz\u00f3 en la ciudad de Buenos Aires la plenaria de la Coordinadora de Centrales Sindicales del Cono Sur (CCSCS), del que particip\u00f3 el secretario de Relaciones Internacionales de la CTA, Adolfo Aguirre.\u00a0<\/strong><\/em><\/p>\n<p>El encuentro, que reuni\u00f3 a representantes de 13 centrales obreras de Brasil, Argentina, Paraguay, Uruguay y Chile se reuni\u00f3 los d\u00edas 9 y 10 de abril, se realiz\u00f3 en la sede de la Uni\u00f3n Obrera de la Construcci\u00f3n de la Rep\u00fablica Argentina (UOCRA-CGT), en la ciudad de Buenos Aires y por la CTA estuvieron presentes adem\u00e1s de Aguirre, que presidi\u00f3 este espacio en el per\u00edodo 2009-2011, Daniel Jorajuria (secretario Gremial) e Ines Barboza, integrante del equipo de la secretar\u00eda de Relaciones Internacionales de la Central de Trabajadores de la Argentina.<\/p>\n<p>Las comisiones de J\u00f3venes, Seguridad Social y Mujeres dieron su informe sobre los debates y acuerdos. La Comisi\u00f3n de Mujeres est\u00e1 impulsando la ratificaci\u00f3n en la regi\u00f3n del convenio 189 y la recomendaci\u00f3n 201 relativos al trabajo dom\u00e9stico, tema en el que se condensan muchas de las problem\u00e1ticas del sector (trabajo infantil, trabajo esclavo, discriminaci\u00f3n racial, abuso sexual, informalidad). Es un convenio que cost\u00f3 mucho esfuerzo construir y que si ning\u00fan pa\u00eds del mundo ratifica dejar\u00e1 de estar en la n\u00f3mina de la Organizaci\u00f3n Internacional del Trabajo (OIT). El cono sur es la m\u00e1s proclive a conseguir ese tr\u00e1mite por lo que la comisi\u00f3n est\u00e1 encarando una campa\u00f1a sindical para los pa\u00edses de la regi\u00f3n lo ratifiquen y para que, adem\u00e1s, se lleve a la pr\u00e1ctica.<\/p>\n<p>En la discusi\u00f3n en Plenaria, despu\u00e9s de un debate amplio e intenso, hubo dos resoluciones importantes:<\/p>\n<p>1- Las centrales de la coordinadora comenzar\u00e1n a financiar el espacio: ante la ca\u00edda de la cooperaci\u00f3n y a partir de la definici\u00f3n de la CCSCS como herramienta estrat\u00e9gica para los trabajadores de la regi\u00f3n, se discuti\u00f3 un esquema proporcional por pa\u00eds y por central para sostener su funcionamiento a partir de junio.<\/p>\n<p>2- Se aprob\u00f3 un nuevo estatuto con el que se tramitar\u00e1 la personer\u00eda jur\u00eddica internacional de la CCSCS con sede en Montevideo. Los reglamentos internos para el funcionamiento del espacio seguir\u00e1n en discusi\u00f3n en los pr\u00f3ximos meses.<\/p>\n<p>El otro tema de relevancia en la agenda fue la discusi\u00f3n sobre barreras comerciales y no comerciales practicadas en el Mercosur. Se discuti\u00f3 la necesidad de insistir con el concepto de mercado administrado (y no utilizar el concepto neoliberal de libre mercado intrarregional) con la protecci\u00f3n del trabajo.<\/p>\n<p>A propuesta de la central obrera uruguaya PIT-CNT se aprob\u00f3 un documento que hace p\u00fablica la posici\u00f3n de la CCSCS acerca de la irrenunciabilidad a la integraci\u00f3n regional y la necesidad de resolver todos los problemas que genera la coyuntura econ\u00f3mica con acuerdos pol\u00edticos y profundizaci\u00f3n de los lazos regionales.<\/p>\n<p>La CTA present\u00f3 la Declaraci\u00f3n de de su Conferencia Internacional Hacia R\u00edo+20, conocida como \u201cDeclaraci\u00f3n de Buenos Aires. Del mundo posible al mundo necesario\u201d y propuso la creaci\u00f3n de un documento de la coordinadora para esa Conferencia. Se aprob\u00f3 la iniciativa y se cre\u00f3 un peque\u00f1o grupo de redacci\u00f3n de ese documento en base esta carta.<\/p>\n<p>Adem\u00e1s, se present\u00f3 la iniciativa de incorporar al sector papelero en la CCSCS y se decidi\u00f3 como fecha para una nueva Plenaria el 7 y 8 de mayo, en el marco de la Conferencia Regional de Empleo de Mercsosur.<\/p>\n<p>&nbsp;<\/p>\n<h3 style=\"text-align: center;\"><a href=\"http:\/\/www.ctainternacionales.org\/wp-content\/uploads\/2012\/04\/Declaraci\u00f3n-Mercosur.pdf\">Declaraci\u00f3n Mercosur<\/a><\/h3>\n<p>&nbsp;<\/p>\n<p>(<em>12.04.2012<\/em>)<\/p>\n","protected":false},"excerpt":{"rendered":"Se realiz\u00f3 en la ciudad de Buenos Aires la plenaria de la Coordinadora de Centrales Sindicales del Cono Sur (CCSCS), del que particip\u00f3 \n<a class=\"moretag\" href=\"https:\/\/ctainternacionales.org\/?p=1063\"> [...]<\/a>","protected":false},"author":1,"featured_media":0,"comment_status":"closed","ping_status":"closed","sticky":false,"template":"","format":"standard","meta":{"ngg_post_thumbnail":0,"footnotes":""},"categories":[],"tags":[],"class_list":["post-1063","post","type-post","status-publish","format-standard","hentry"],"_links":{"self":[{"href":"https:\/\/ctainternacionales.org\/index.php?rest_route=\/wp\/v2\/posts\/1063","targetHints":{"allow":["GET"]}}],"collection":[{"href":"https:\/\/ctainternacionales.org\/index.php?rest_route=\/wp\/v2\/posts"}],"about":[{"href":"https:\/\/ctainternacionales.org\/index.php?rest_route=\/wp\/v2\/types\/post"}],"author":[{"embeddable":true,"href":"https:\/\/ctainternacionales.org\/index.php?rest_route=\/wp\/v2\/users\/1"}],"replies":[{"embeddable":true,"href":"https:\/\/ctainternacionales.org\/index.php?rest_route=%2Fwp%2Fv2%2Fcomments&post=1063"}],"version-history":[{"count":3,"href":"https:\/\/ctainternacionales.org\/index.php?rest_route=\/wp\/v2\/posts\/1063\/revisions"}],"predecessor-version":[{"id":1121,"href":"https:\/\/ctainternacionales.org\/index.php?rest_route=\/wp\/v2\/posts\/1063\/revisions\/1121"}],"wp:attachment":[{"href":"https:\/\/ctainternacionales.org\/index.php?rest_route=%2Fwp%2Fv2%2Fmedia&parent=1063"}],"wp:term":[{"taxonomy":"category","embeddable":true,"href":"https:\/\/ctainternacionales.org\/index.php?rest_route=%2Fwp%2Fv2%2Fcategories&post=1063"},{"taxonomy":"post_tag","embeddable":true,"href":"https:\/\/ctainternacionales.org\/index.php?rest_route=%2Fwp%2Fv2%2Ftags&post=1063"}],"curies":[{"name":"wp","href":"https:\/\/api.w.org\/{rel}","templated":true}]}}