{"id":1042,"date":"2012-04-10T18:19:19","date_gmt":"2012-04-10T18:19:19","guid":{"rendered":"http:\/\/www.ctainternacionales.org\/?p=1042"},"modified":"2012-04-17T17:51:25","modified_gmt":"2012-04-17T17:51:25","slug":"america-latina-es-la-extension-estrategica-del-sahara-occidental","status":"publish","type":"post","link":"https:\/\/ctainternacionales.org\/?p=1042","title":{"rendered":"\u00abAm\u00e9rica latina es la extensi\u00f3n estrat\u00e9gica del Sahara Occidental\u00bb"},"content":{"rendered":"<p><a href=\"http:\/\/www.ctainternacionales.org\/wp-content\/uploads\/2012\/04\/IMG_0543.jpg\"><img loading=\"lazy\" decoding=\"async\" class=\"alignnone size-thumbnail wp-image-1043\" title=\"IMG_0543\" src=\"http:\/\/www.ctainternacionales.org\/wp-content\/uploads\/2012\/04\/IMG_0543-307x230.jpg\" alt=\"\" width=\"307\" height=\"230\" \/><\/a>Mohamed Yeslem Beisat, flamante ministro de la Rep\u00fablica Arabe Saharaui Democr\u00e1tica (RASD) para las relaciones con Am\u00e9rica Latina, estuvo en la Argentina para continuar con las tareas para el reconocimiento de esa naci\u00f3n norafricana. \u201cNo pod\u00edamos dejar de estar aqu\u00ed, para agradecer en nombre del pueblo saharaui del apoyo solidario de la Central de Trabajadores de la Argentina a esta causa justa\u201d, sostuvo.<!--more--><\/p>\n<p><em><strong><a href=\"http:\/\/www.ctainternacionales.org\/wp-content\/uploads\/2012\/04\/IMG_05431.jpg\"><img loading=\"lazy\" decoding=\"async\" class=\"alignnone size-medium wp-image-1044\" title=\"IMG_0543\" src=\"http:\/\/www.ctainternacionales.org\/wp-content\/uploads\/2012\/04\/IMG_05431-465x348.jpg\" alt=\"\" width=\"465\" height=\"348\" \/><\/a>Mohamed Yeslem Beisat, flamante ministro de la Rep\u00fablica Arabe Saharaui Democr\u00e1tica (RASD) para las relaciones con Am\u00e9rica Latina, estuvo en la Argentina para continuar con las tareas para el reconocimiento de esa naci\u00f3n norafricana. En ese contexto se reuni\u00f3 con el secretario de Relaciones Internacionales de la CTA, Adolfo \u201cFito\u201d Aguirre. \u201cNo pod\u00edamos dejar de estar aqu\u00ed, para agradecer en nombre del pueblo saharaui del apoyo solidario de la Central de Trabajadores de la Argentina a esta causa justa\u201d, sostuvo.<\/strong><\/em><\/p>\n<p>Acompa\u00f1ado por Salem Bachir, representante de la RASD y el Frente Polisario en la Argentina, el movimiento de liberaci\u00f3n del pueblo saharaui, el diplom\u00e1tico se refiri\u00f3 a la importancia vital de Am\u00e9rica latina en la pol\u00edtica exterior de su pa\u00eds: \u201cEs la extensi\u00f3n estrat\u00e9gica del Sahara Occidental, formamos parte de los hispanos-parlantes en el mundo, y somos los afro-latinos, por eso nos interesa\u201d.<\/p>\n<p>Respecto a la Argentina dijo: \u201cSi la dictadura fue un aliado de la dictadura marroqu\u00ed nosotros siempre hemos tenido la esperanza de que la democracia argentina apoye el derecho, la legitimidad y la legalidad de los saharauis y el compromiso hist\u00f3rico del primer gobierno argentino luego de retorno de la democracia (por el de Ra\u00fal Alfons\u00ed, 1983-1989), de reconocer a la Rep\u00fablica Arabe Saharaui Democr\u00e1tica y estamos seguros que el gobierno actual cumplir\u00e1 esta promesa de honor, tarde o temprano\u201d. En ese punto marc\u00f3 como \u201cuna se\u00f1al positiva el reconocimiento del Estado palestino\u201d.<\/p>\n<p>Sobre la esperanza de los pueblos del Medio Oriente Yeslem Beisat subray\u00f3: \u201cEl comienzo de la Primavera Arabe, sin duda fue el 8 de noviembre, en los territorios ocupados, cuando los saharauis construyeron un campamento pacifico de protesta de 30 mil personas y 10 mil carpas, y lo que est\u00e1 pasando en el norte de Africa no es nada m\u00e1s que la segunda ola de liberaci\u00f3n, desconolizaci\u00f3n y autodeterminaci\u00f3n de los pueblos que quieren apoderarse de sus destinos, de sus recursos, que quieren tener la ultima palabra sobre sus asuntos, son aspiraciones legitimas y democr\u00e1ticas\u201d.<\/p>\n<p>La RASD proclam\u00f3 su independencia de Espa\u00f1a en 1976, pero luego, sendas ocupaciones de Marruecos y Mauritania (a quien logran expulsar en 1991), la obligaron a luchar por su derecho a la autodeterminaci\u00f3n. En 1991 se produjo un alto el fuego y el ingreso de una misi\u00f3n de la Organizaci\u00f3n de las Naciones Unidas (ONU), la Minurso, quien deb\u00eda garantizar la realizaci\u00f3n de un refer\u00e9ndum para avalar el estatus de naci\u00f3n, sin embargo, en 20 a\u00f1os de presencia jam\u00e1s la puso en pr\u00e1ctica. Con una poblaci\u00f3n de naturaleza n\u00f3mada que no llega a los 300 mil habitantes los saharauis han sufrido hostigamientos y la violaci\u00f3n flagrante de sus derechos humanos.<\/p>\n<p>&nbsp;<\/p>\n<p>(<em>Mariano V\u00e1zquez: 10.04.2012<\/em>)<\/p>\n","protected":false},"excerpt":{"rendered":"Mohamed Yeslem Beisat, flamante ministro de la Rep\u00fablica Arabe Saharaui Democr\u00e1tica (RASD) para las relaciones con Am\u00e9rica Latina, estuvo en la Argentina para \n<a class=\"moretag\" href=\"https:\/\/ctainternacionales.org\/?p=1042\"> [...]<\/a>","protected":false},"author":1,"featured_media":0,"comment_status":"closed","ping_status":"closed","sticky":false,"template":"","format":"standard","meta":{"ngg_post_thumbnail":0,"footnotes":""},"categories":[],"tags":[],"class_list":["post-1042","post","type-post","status-publish","format-standard","hentry"],"_links":{"self":[{"href":"https:\/\/ctainternacionales.org\/index.php?rest_route=\/wp\/v2\/posts\/1042","targetHints":{"allow":["GET"]}}],"collection":[{"href":"https:\/\/ctainternacionales.org\/index.php?rest_route=\/wp\/v2\/posts"}],"about":[{"href":"https:\/\/ctainternacionales.org\/index.php?rest_route=\/wp\/v2\/types\/post"}],"author":[{"embeddable":true,"href":"https:\/\/ctainternacionales.org\/index.php?rest_route=\/wp\/v2\/users\/1"}],"replies":[{"embeddable":true,"href":"https:\/\/ctainternacionales.org\/index.php?rest_route=%2Fwp%2Fv2%2Fcomments&post=1042"}],"version-history":[{"count":4,"href":"https:\/\/ctainternacionales.org\/index.php?rest_route=\/wp\/v2\/posts\/1042\/revisions"}],"predecessor-version":[{"id":1092,"href":"https:\/\/ctainternacionales.org\/index.php?rest_route=\/wp\/v2\/posts\/1042\/revisions\/1092"}],"wp:attachment":[{"href":"https:\/\/ctainternacionales.org\/index.php?rest_route=%2Fwp%2Fv2%2Fmedia&parent=1042"}],"wp:term":[{"taxonomy":"category","embeddable":true,"href":"https:\/\/ctainternacionales.org\/index.php?rest_route=%2Fwp%2Fv2%2Fcategories&post=1042"},{"taxonomy":"post_tag","embeddable":true,"href":"https:\/\/ctainternacionales.org\/index.php?rest_route=%2Fwp%2Fv2%2Ftags&post=1042"}],"curies":[{"name":"wp","href":"https:\/\/api.w.org\/{rel}","templated":true}]}}