{"id":1037,"date":"2012-04-10T18:04:46","date_gmt":"2012-04-10T18:04:46","guid":{"rendered":"http:\/\/www.ctainternacionales.org\/?p=1037"},"modified":"2012-04-19T17:06:31","modified_gmt":"2012-04-19T17:06:31","slug":"call-centers","status":"publish","type":"post","link":"https:\/\/ctainternacionales.org\/?p=1037","title":{"rendered":"Call centers"},"content":{"rendered":"<p lang=\"es-ES\" align=\"LEFT\">Trabajadores de centros de llamadas de Europa, Am\u00e9rica y Africa\u00a0 se reunieron en Par\u00eds para denunciar las condiciones de precariedad a las que son sometidos. La CTA estuve presente.<!--more--><\/p>\n<p lang=\"es-ES\" align=\"LEFT\"><em><strong>Trabajadores de centros de llamadas de Europa, Am\u00e9rica y Africa\u00a0 se reunieron en Par\u00eds para denunciar las condiciones de precariedad a las que son sometidos. La CTA estuve presente.<\/strong><\/em><\/p>\n<p lang=\"es-ES\" align=\"LEFT\">Eduardo Moyano, vocal de la Comisi\u00f3n Ejecutiva Nacional de la CTA, particip\u00f3 en Par\u00eds, capital de Francia, del coloquio internacional sobre los centros de llamado, que se realiz\u00f3 entre el 2 y 5 de abril, inform\u00f3 al portal <strong>CTA-Internacionales<\/strong> que este encuentro determin\u00f3 \u201cconstituir una red internacional de los centros de llamadas con el objetivo de defender nuestros intereses comunes, los salarios, las condiciones de trabajo y las libertades sindicales\u201d.<\/p>\n<p lang=\"es-ES\" align=\"LEFT\">El dirigente tambi\u00e9n subray\u00f3 el \u201cintercambio fruct\u00edfero\u201d sobre las distintas experiencias de quienes trabajan en los <em>call centers<\/em> alrededor del mundo<\/p>\n<p lang=\"es-ES\" align=\"LEFT\">El encuentro culmin\u00f3 con una declaraci\u00f3n com\u00fan de las centrales sindicales presentes contra la \u201cmundializaci\u00f3n de la precariedad, los m\u00e9todos de gesti\u00f3n y la explotaci\u00f3n de los trabajadores\u201d, al tiempo que exigi\u00f3 que \u201cqueremos que esas riquezas creadas en nuestros pa\u00edses permanezcan ah\u00ed donde han sido producidas por la fuerza de trabajo y que no sirvan para enriquecer a los accionarios de las multinacionales que nos contratan\u201d.<\/p>\n<p lang=\"es-ES\" align=\"LEFT\">Firmaron la declaraci\u00f3n la NCCU (Sud\u00e1frica); CTA (Argentina), CSC y FGTB (B\u00e9lgica); CGT (Espa\u00f1a); CGT y SUDPTT (Francia); CUB y USB (Italia); Fisema (Madagascar) (Fisema); FDT, FNV y UGTM (Marruecos); CNTS y SNTPT (Senegal); y UGTT (T\u00fanez).<\/p>\n<p lang=\"es-ES\"><span style=\"text-decoration: underline;\">Declaraci\u00f3n com\u00fan<\/span><\/p>\n<p lang=\"es-ES\"><em>Frente a la mundializaci\u00f3n de la precariedad, los m\u00e9todos de gesti\u00f3n y la explotaci\u00f3n de las trabajadoras y los trabajadores por parte de nuestras empresarias y empresarios, hemos constituido una red internacional de los centros de llamadas con el objetivo de defender nuestros intereses comunes, los salarios, las condiciones de trabajo y las libertades sindicales. <\/em><\/p>\n<p lang=\"es-ES\"><em>La actividad de los centros de llamadas es importante para la actividad econ\u00f3mica y social de nuestros pa\u00edses, pero frente al lenguaje del crecimiento nosotros preferimos hablar de desarrollo y frente a la creaci\u00f3n de valor, nuestro objetivo es conseguir un reparto de las riquezas. <\/em><\/p>\n<p lang=\"es-ES\"><em>Queremos que esas riquezas creadas en nuestros pa\u00edses permanezcan ah\u00ed donde han sido producidas por la fuerza de trabajo y que no sirvan para enriquecer a los accionarios de las multinacionales que nos contratan.<\/em><\/p>\n<p><em>\u00a1Rechazamos el dumping social!<\/em><\/p>\n<p lang=\"es-ES\"><em>Exigimos un trabajo de calidad para el p\u00fablico ejercido en la dignidad y el respeto de nuestras identidades. Reivindicamos condiciones laborales y una organizaci\u00f3n del trabajo respetuosas del ser humano, salarios que nos permitan vivir a nosotros y a nuestras familias independientemente del pa\u00eds y del territorio en el que trabajamos. <\/em><\/p>\n<p><em>La decisi\u00f3n de construir un futuro diferente:<\/em><\/p>\n<p lang=\"es-ES\"><em>Frente a una fuerza patronal organizada a nivel mundial, las organizaciones firmantes se dedicaran a las tareas siguientes:<\/em><\/p>\n<ul>\n<li>\n<p lang=\"es-ES\"><em>Realizar una cartograf\u00eda de empresas (capitales, filiales, presencia sindical y de los contratos vigor). <\/em><\/p>\n<\/li>\n<li>\n<p lang=\"es-ES\"><em>Continuar la puesta en com\u00fan de las informaciones relativas a las condiciones laborales en los centros de llamada con el fin de tener una base de datos.<\/em><\/p>\n<\/li>\n<li>\n<p lang=\"es-ES\"><em>Crear comisiones de trabajo sobre las herramientas de la profesi\u00f3n, las enfermedades laborales y tambi\u00e9n el funcionamiento de la red.<\/em><\/p>\n<\/li>\n<li>\n<p lang=\"es-ES\"><em>Estar presentes en el pr\u00f3ximo Foro Social Mundial que deber\u00eda celebrarse en T\u00fanez. All\u00ed realizaremos una gran reuni\u00f3n de trabajadoras y trabajadores de los centros de llamada despu\u00e9s de nuestro coloquio. <\/em><\/p>\n<\/li>\n<\/ul>\n<p lang=\"es-ES\"><em>\u00a1No a la represi\u00f3n sindical!<\/em><\/p>\n<p lang=\"es-ES\"><em>Una vez m\u00e1s hemos podido constatar que las libertades sindicales son cada vez mas maltratadas en el mundo. Defendemos la posibilidad que todas las trabajadoras y todos los trabajadores puedan expresarse y defender sus derechos libremente. En este marco vamos a reforzar nuestra cooperaci\u00f3n sistematizando el env\u00edo de comunicados de prensa o faxes de denuncia de estos m\u00e9todos dignos de otras \u00e9pocas. Nos dirigiremos tambi\u00e9n a las sedes de las multinacionales que no respetan este derecho elemental as\u00ed como a nuestras empresas cliente bien sea dirigi\u00e9ndonos a la Direcci\u00f3n o a las instancias representativas del personal.<\/em><\/p>\n<h3 style=\"text-align: center;\" lang=\"es-ES\"><a href=\"http:\/\/www.youtube.com\/watch\/?v=ilAjaAk_GA4\" target=\"_blank\">Ver informe de HispanTV<\/a><\/h3>\n<p>(<em>10.04.2012<\/em>)<\/p>\n","protected":false},"excerpt":{"rendered":"Trabajadores de centros de llamadas de Europa, Am\u00e9rica y Africa\u00a0 se reunieron en Par\u00eds para denunciar las condiciones de precariedad a las que \n<a class=\"moretag\" href=\"https:\/\/ctainternacionales.org\/?p=1037\"> [...]<\/a>","protected":false},"author":1,"featured_media":0,"comment_status":"closed","ping_status":"closed","sticky":false,"template":"","format":"standard","meta":{"ngg_post_thumbnail":0,"footnotes":""},"categories":[],"tags":[],"class_list":["post-1037","post","type-post","status-publish","format-standard","hentry"],"_links":{"self":[{"href":"https:\/\/ctainternacionales.org\/index.php?rest_route=\/wp\/v2\/posts\/1037","targetHints":{"allow":["GET"]}}],"collection":[{"href":"https:\/\/ctainternacionales.org\/index.php?rest_route=\/wp\/v2\/posts"}],"about":[{"href":"https:\/\/ctainternacionales.org\/index.php?rest_route=\/wp\/v2\/types\/post"}],"author":[{"embeddable":true,"href":"https:\/\/ctainternacionales.org\/index.php?rest_route=\/wp\/v2\/users\/1"}],"replies":[{"embeddable":true,"href":"https:\/\/ctainternacionales.org\/index.php?rest_route=%2Fwp%2Fv2%2Fcomments&post=1037"}],"version-history":[{"count":8,"href":"https:\/\/ctainternacionales.org\/index.php?rest_route=\/wp\/v2\/posts\/1037\/revisions"}],"predecessor-version":[{"id":1106,"href":"https:\/\/ctainternacionales.org\/index.php?rest_route=\/wp\/v2\/posts\/1037\/revisions\/1106"}],"wp:attachment":[{"href":"https:\/\/ctainternacionales.org\/index.php?rest_route=%2Fwp%2Fv2%2Fmedia&parent=1037"}],"wp:term":[{"taxonomy":"category","embeddable":true,"href":"https:\/\/ctainternacionales.org\/index.php?rest_route=%2Fwp%2Fv2%2Fcategories&post=1037"},{"taxonomy":"post_tag","embeddable":true,"href":"https:\/\/ctainternacionales.org\/index.php?rest_route=%2Fwp%2Fv2%2Ftags&post=1037"}],"curies":[{"name":"wp","href":"https:\/\/api.w.org\/{rel}","templated":true}]}}